{"id":146092,"date":"2022-10-25T14:50:18","date_gmt":"2022-10-25T17:50:18","guid":{"rendered":"https:\/\/portalpopmais.com.br\/?p=146092"},"modified":"2022-10-26T21:01:03","modified_gmt":"2022-10-27T00:01:03","slug":"casal-cay-suicidio-armenia","status":"publish","type":"post","link":"https:\/\/portalpopmais.com.br\/en\/casal-cay-suicidio-armenia\/","title":{"rendered":"Trag\u00e9dia: Casal gay comete suic\u00eddio ap\u00f3s sofrer discrimina\u00e7\u00e3o"},"content":{"rendered":"<p>Um jovem <strong>casal gay<\/strong> cometeu suic\u00eddio na Arm\u00eania devido a insultos e cr\u00edticas recebidas em um pa\u00eds com pouca toler\u00e2ncia \u00e0 homossexualidade. Em post no <a href=\"https:\/\/www.instagram.com\/p\/Cj8bluqosH1\/?utm_source=ig_embed&amp;ig_rid=63572fcb-7a0e-4506-8bd6-65b162089b28\" target=\"_blank\" rel=\"noreferrer noopener\">Instagram<\/a>, o os rapazes compartilharam uma s\u00e9rie de fotos de momentos que viveram juntos, e anunciaram uma despedida gerando ampla como\u00e7\u00e3o na web. <\/p>\n\n\n\n<p>&#8220;Final feliz. As decis\u00f5es sobre o compartilhamento das fotos e nossas a\u00e7\u00f5es futuras s\u00e3o tomadas em conjunto&#8221;, dizia a legenda, acompanhada de uma foto onde eles aparecem se beijando.<\/p>\n\n\n\n<p class=\"has-text-align-center\"><strong><a href=\"http:\/\/instagram.com\/portalpopmais\" target=\"_blank\" rel=\"noopener\">Siga o Portal POP Mais no Instagram<\/a><\/strong><\/p>\n\n\n\n<h2 class=\"wp-block-heading\">Veja tamb\u00e9m<\/h2>\n\n\n<ul class=\"wp-block-latest-posts__list is-grid columns-3 aligncenter wp-block-latest-posts\"><li><div class=\"wp-block-latest-posts__featured-image aligncenter\"><a href=\"https:\/\/portalpopmais.com.br\/en\/jon-vlogs-revela-que-ja-recebeu-beijo-grego-veja-video\/\" aria-label=\"Jon Vlogs revela que j\u00e1 recebeu &#8220;beijo grego&#8221;; veja v\u00eddeo\"><img loading=\"lazy\" decoding=\"async\" width=\"768\" height=\"456\" src=\"https:\/\/portalpopmais.com.br\/wp-content\/uploads\/2025\/06\/jon-vlogs-768x456.jpg\" class=\"attachment-medium size-medium wp-post-image\" alt=\"Jon Vlogs\" style=\"max-width:192px;max-height:114px;\" title=\"\"><\/a><\/div><a class=\"wp-block-latest-posts__post-title\" href=\"https:\/\/portalpopmais.com.br\/en\/jon-vlogs-revela-que-ja-recebeu-beijo-grego-veja-video\/\">Jon Vlogs revela que j\u00e1 recebeu &#8220;beijo grego&#8221;; veja v\u00eddeo<\/a><\/li>\n<li><div class=\"wp-block-latest-posts__featured-image aligncenter\"><a href=\"https:\/\/portalpopmais.com.br\/en\/samira-quebra-o-silencio-sobre-o-fim-da-amizade-com-juliano-floss\/\" aria-label=\"Samira quebra o sil\u00eancio sobre o fim da amizade com Juliano Floss\"><img loading=\"lazy\" decoding=\"async\" width=\"768\" height=\"456\" src=\"https:\/\/portalpopmais.com.br\/wp-content\/uploads\/2026\/04\/samira-fala-fim-amizade-juliano-floss-768x456.png\" class=\"attachment-medium size-medium wp-post-image\" alt=\"samira fala fim amizade juliano floss\" style=\"max-width:192px;max-height:114px;\" srcset=\"https:\/\/portalpopmais.com.br\/wp-content\/uploads\/2026\/04\/samira-fala-fim-amizade-juliano-floss-768x456.png 768w, https:\/\/portalpopmais.com.br\/wp-content\/uploads\/2026\/04\/samira-fala-fim-amizade-juliano-floss-18x10.png 18w\" sizes=\"auto, (max-width: 768px) 100vw, 768px\" title=\"\"><\/a><\/div><a class=\"wp-block-latest-posts__post-title\" href=\"https:\/\/portalpopmais.com.br\/en\/samira-quebra-o-silencio-sobre-o-fim-da-amizade-com-juliano-floss\/\">Samira quebra o sil\u00eancio sobre o fim da amizade com Juliano Floss<\/a><\/li>\n<li><div class=\"wp-block-latest-posts__featured-image aligncenter\"><a href=\"https:\/\/portalpopmais.com.br\/en\/virginia-fonseca-gasta-sem-pena-e-fecha-circo-inteiro-para-filhos-veja-video\/\" aria-label=\"Virginia Fonseca gasta sem pena e fecha circo inteiro para filhos; veja v\u00eddeo\"><img loading=\"lazy\" decoding=\"async\" width=\"768\" height=\"456\" src=\"https:\/\/portalpopmais.com.br\/wp-content\/uploads\/2026\/04\/virginia-com-os-filhos-768x456.png\" class=\"attachment-medium size-medium wp-post-image\" alt=\"virginia com os filhos\" style=\"max-width:192px;max-height:114px;\" srcset=\"https:\/\/portalpopmais.com.br\/wp-content\/uploads\/2026\/04\/virginia-com-os-filhos-768x456.png 768w, https:\/\/portalpopmais.com.br\/wp-content\/uploads\/2026\/04\/virginia-com-os-filhos-1170x694.png 1170w, https:\/\/portalpopmais.com.br\/wp-content\/uploads\/2026\/04\/virginia-com-os-filhos-18x12.png 18w\" sizes=\"auto, (max-width: 768px) 100vw, 768px\" title=\"\"><\/a><\/div><a class=\"wp-block-latest-posts__post-title\" href=\"https:\/\/portalpopmais.com.br\/en\/virginia-fonseca-gasta-sem-pena-e-fecha-circo-inteiro-para-filhos-veja-video\/\">Virginia Fonseca gasta sem pena e fecha circo inteiro para filhos; veja v\u00eddeo<\/a><\/li>\n<li><div class=\"wp-block-latest-posts__featured-image aligncenter\"><a href=\"https:\/\/portalpopmais.com.br\/en\/treta-nas-redes-irma-de-isabel-veloso-reage-a-criticas-contra-lucas-borbas-e-polemica-cresce\/\" aria-label=\"TRETA NAS REDES: irm\u00e3 de Isabel Veloso reage a cr\u00edticas contra Lucas Borbas e pol\u00eamica cresce\"><img loading=\"lazy\" decoding=\"async\" width=\"768\" height=\"456\" src=\"https:\/\/portalpopmais.com.br\/wp-content\/uploads\/2026\/04\/irma-de-isabel-veloso-768x456.png\" class=\"attachment-medium size-medium wp-post-image\" alt=\"irma de isabel veloso\" style=\"max-width:192px;max-height:114px;\" srcset=\"https:\/\/portalpopmais.com.br\/wp-content\/uploads\/2026\/04\/irma-de-isabel-veloso-768x456.png 768w, https:\/\/portalpopmais.com.br\/wp-content\/uploads\/2026\/04\/irma-de-isabel-veloso-18x12.png 18w\" sizes=\"auto, (max-width: 768px) 100vw, 768px\" title=\"\"><\/a><\/div><a class=\"wp-block-latest-posts__post-title\" href=\"https:\/\/portalpopmais.com.br\/en\/treta-nas-redes-irma-de-isabel-veloso-reage-a-criticas-contra-lucas-borbas-e-polemica-cresce\/\">TRETA NAS REDES: irm\u00e3 de Isabel Veloso reage a cr\u00edticas contra Lucas Borbas e pol\u00eamica cresce<\/a><\/li>\n<li><div class=\"wp-block-latest-posts__featured-image aligncenter\"><a href=\"https:\/\/portalpopmais.com.br\/en\/madonna-usa-app-de-pegacao-gay-para-divulgar-novo-album\/\" aria-label=\"Madonna usa app de pega\u00e7\u00e3o gay para divulgar novo \u00e1lbum\"><img loading=\"lazy\" decoding=\"async\" width=\"768\" height=\"456\" src=\"https:\/\/portalpopmais.com.br\/wp-content\/uploads\/2023\/06\/madonna-1-768x456.jpg\" class=\"attachment-medium size-medium wp-post-image\" alt=\"Madonna\" style=\"max-width:192px;max-height:114px;\" title=\"\"><\/a><\/div><a class=\"wp-block-latest-posts__post-title\" href=\"https:\/\/portalpopmais.com.br\/en\/madonna-usa-app-de-pegacao-gay-para-divulgar-novo-album\/\">Madonna usa app de pega\u00e7\u00e3o gay para divulgar novo \u00e1lbum<\/a><\/li>\n<li><div class=\"wp-block-latest-posts__featured-image aligncenter\"><a href=\"https:\/\/portalpopmais.com.br\/en\/claudia-leitte-e-massacrada-na-web-apos-apoiar-juliano-cazarre-em-meio-a-polemica\/\" aria-label=\"Claudia Leitte \u00e9 massacrada na web ap\u00f3s apoiar Juliano Cazarr\u00e9 em meio \u00e0 pol\u00eamica\"><img loading=\"lazy\" decoding=\"async\" width=\"768\" height=\"456\" src=\"https:\/\/portalpopmais.com.br\/wp-content\/uploads\/2025\/01\/Claudia-Leitte-9-768x456.avif\" class=\"attachment-medium size-medium wp-post-image\" alt=\"\" style=\"max-width:192px;max-height:114px;\" title=\"\"><\/a><\/div><a class=\"wp-block-latest-posts__post-title\" href=\"https:\/\/portalpopmais.com.br\/en\/claudia-leitte-e-massacrada-na-web-apos-apoiar-juliano-cazarre-em-meio-a-polemica\/\">Claudia Leitte \u00e9 massacrada na web ap\u00f3s apoiar Juliano Cazarr\u00e9 em meio \u00e0 pol\u00eamica<\/a><\/li>\n<\/ul>\n\n\n<p>Segundo informa\u00e7\u00f5es do site espanhol ABC, os dois saltaram da ponte Davtashen, um viaduto de 92 metros de altura sobre o rio Hrazdan, localizado na capital do pa\u00eds, Yerevan.<\/p>\n\n\n\n<p>A organiza\u00e7\u00e3o Pink Armenia, que luta pelos direitos dos homossexuais no pa\u00eds, denunciou o caso e destacou os insultos recebidos pelo casal, mesmo ap\u00f3s a morte.<\/p>\n\n\n\n<p><em>&#8220;Infelizmente, n\u00e3o foi surpreendente ver a rea\u00e7\u00e3o do p\u00fablico ao que aconteceu. As fotos que os meninos publicaram rapidamente se espalharam nas redes sociais e canais do Telegram, com express\u00f5es de \u00f3dio e insultos, que em sua maioria continuam enfatizando o fato de que os meninos s\u00e3o homossexuais e essa circunst\u00e2ncia justifica sua decis\u00e3o de tirar a pr\u00f3pria vida. Muitos coment\u00e1rios at\u00e9 pediram que outros fizessem o mesmo\u201d,<\/em> disse em nota.<\/p>\n\n\n\n<p>A organiza\u00e7\u00e3o insiste em destacar os problemas sofridos pelos homossexuais na Arm\u00eania: <em>&#8220;As pessoas LGBTI est\u00e3o muito familiarizadas com o sentimento de estar isoladas, n\u00e3o compreendidas pela fam\u00edlia e pela sociedade. pela sociedade ou pelo Estado\u201d.<\/em><\/p>\n\n\n\n<figure class=\"wp-block-embed is-type-rich is-provider-instagram wp-block-embed-instagram\"><div class=\"wp-block-embed__wrapper\">\nhttps:\/\/www.instagram.com\/p\/Cj8bluqosH1\/?utm_source=ig_embed&#038;ig_rid=63572fcb-7a0e-4506-8bd6-65b162089b28\n<\/div><\/figure>","protected":false},"excerpt":{"rendered":"<p>Um jovem casal gay cometeu suic\u00eddio na Arm\u00eania devido a insultos e cr\u00edticas recebidas em um pa\u00eds com pouca toler\u00e2ncia \u00e0 homossexualidade. Em post no Instagram, o os rapazes compartilharam uma s\u00e9rie de fotos de momentos que viveram juntos, e anunciaram uma despedida gerando ampla como\u00e7\u00e3o na web. &#8220;Final feliz. As decis\u00f5es sobre o compartilhamento [&hellip;]<\/p>\n","protected":false},"author":2,"featured_media":146112,"comment_status":"closed","ping_status":"open","sticky":false,"template":"","format":"standard","meta":{"footnotes":""},"categories":[2165],"tags":[],"class_list":["post-146092","post","type-post","status-publish","format-standard","has-post-thumbnail","hentry","category-noticias"],"_links":{"self":[{"href":"https:\/\/portalpopmais.com.br\/en\/wp-json\/wp\/v2\/posts\/146092","targetHints":{"allow":["GET"]}}],"collection":[{"href":"https:\/\/portalpopmais.com.br\/en\/wp-json\/wp\/v2\/posts"}],"about":[{"href":"https:\/\/portalpopmais.com.br\/en\/wp-json\/wp\/v2\/types\/post"}],"author":[{"embeddable":true,"href":"https:\/\/portalpopmais.com.br\/en\/wp-json\/wp\/v2\/users\/2"}],"replies":[{"embeddable":true,"href":"https:\/\/portalpopmais.com.br\/en\/wp-json\/wp\/v2\/comments?post=146092"}],"version-history":[{"count":0,"href":"https:\/\/portalpopmais.com.br\/en\/wp-json\/wp\/v2\/posts\/146092\/revisions"}],"wp:featuredmedia":[{"embeddable":true,"href":"https:\/\/portalpopmais.com.br\/en\/wp-json\/wp\/v2\/media\/146112"}],"wp:attachment":[{"href":"https:\/\/portalpopmais.com.br\/en\/wp-json\/wp\/v2\/media?parent=146092"}],"wp:term":[{"taxonomy":"category","embeddable":true,"href":"https:\/\/portalpopmais.com.br\/en\/wp-json\/wp\/v2\/categories?post=146092"},{"taxonomy":"post_tag","embeddable":true,"href":"https:\/\/portalpopmais.com.br\/en\/wp-json\/wp\/v2\/tags?post=146092"}],"curies":[{"name":"wp","href":"https:\/\/api.w.org\/{rel}","templated":true}]}}