{"id":146199,"date":"2022-10-25T21:17:08","date_gmt":"2022-10-26T00:17:08","guid":{"rendered":"https:\/\/portalpopmais.com.br\/?p=146199"},"modified":"2022-10-25T22:18:55","modified_gmt":"2022-10-26T01:18:55","slug":"morre-susana-naspolini-reporter-da-tv-globo-aos-49-anos","status":"publish","type":"post","link":"https:\/\/portalpopmais.com.br\/en\/morre-susana-naspolini-reporter-da-tv-globo-aos-49-anos\/","title":{"rendered":"Jornalista Susana Naspolini morre aos 49 anos"},"content":{"rendered":"<p class=\"wp-block-paragraph\">A jornalista<strong><a href=\"https:\/\/portalpopmais.com.br\/en\/lutando-contra-o-cancer-reporter-susana-naspolini-esta-em-estado-gravissimo-e-filha-de-desespera\/\" data-type=\"post\" data-id=\"145641\"> Susana Naspolini<\/a><\/strong> morreu nesta ter\u00e7a-feira (25) em S\u00e3o Paulo.. A rep\u00f3rter era uma das mais populares da TV Globo no Rio, onde deixou sua marca por anos no quadro de jornalismo comunit\u00e1rio RJ M\u00f3vel, do RJ1.<\/p>\n\n\n\n<p class=\"wp-block-paragraph\">Ela lutava h\u00e1 dois anos contra um c\u00e2ncer na bacia, que j\u00e1 havia feito met\u00e1stase, e estava em tratamento contra a doen\u00e7a. Ela estava internada no Hospital Albert Einstein, em S\u00e3o Paulo, h\u00e1 mais de uma semana. <\/p>\n\n\n\n<h2 class=\"wp-block-heading\">Veja tamb\u00e9m<\/h2>\n\n\n<ul class=\"wp-block-latest-posts__list is-grid aligncenter wp-block-latest-posts is-layout-flow wp-block-latest-posts-is-layout-flow\"><li><div class=\"wp-block-latest-posts__featured-image aligncenter\"><a href=\"https:\/\/portalpopmais.com.br\/en\/ricardo-blat-celebra-recuperacao-apos-transplante-de-medula-sou-um-privilegiado\/\" aria-label=\"Ricardo Blat celebra recupera\u00e7\u00e3o ap\u00f3s transplante de medula: &#8220;Sou um privilegiado&#8221;\"><img loading=\"lazy\" decoding=\"async\" width=\"768\" height=\"456\" src=\"https:\/\/portalpopmais.com.br\/wp-content\/uploads\/2026\/09\/1788136858381_242769-768x456.jpg\" class=\"attachment-medium size-medium wp-post-image\" alt=\"\" style=\"max-width:192px;max-height:114px;\" srcset=\"https:\/\/portalpopmais.com.br\/wp-content\/uploads\/2026\/09\/1788136858381_242769-768x456.jpg 768w, https:\/\/portalpopmais.com.br\/wp-content\/uploads\/2026\/09\/1788136858381_242769-1170x694.jpg 1170w, https:\/\/portalpopmais.com.br\/wp-content\/uploads\/2026\/09\/1788136858381_242769-18x12.jpg 18w\" sizes=\"auto, (max-width: 768px) 100vw, 768px\" title=\"\"><\/a><\/div><a class=\"wp-block-latest-posts__post-title\" href=\"https:\/\/portalpopmais.com.br\/en\/ricardo-blat-celebra-recuperacao-apos-transplante-de-medula-sou-um-privilegiado\/\">Ricardo Blat celebra recupera\u00e7\u00e3o ap\u00f3s transplante de medula: &#8220;Sou um privilegiado&#8221;<\/a><\/li>\n<li><div class=\"wp-block-latest-posts__featured-image aligncenter\"><a href=\"https:\/\/portalpopmais.com.br\/en\/rise-against-rock-in-rio-2026-setlist-show\/\" aria-label=\"Rise Against no Rock in Rio 2026: confira a poss\u00edvel setlist do show\"><img loading=\"lazy\" decoding=\"async\" width=\"768\" height=\"456\" src=\"https:\/\/portalpopmais.com.br\/wp-content\/uploads\/2026\/09\/rise-against-rock-in-rio-2026-setlist-show-768x456.jpg\" class=\"attachment-medium size-medium wp-post-image\" alt=\"rise-against-rock-in-rio-2026-setlist-show\" style=\"max-width:192px;max-height:114px;\" srcset=\"https:\/\/portalpopmais.com.br\/wp-content\/uploads\/2026\/09\/rise-against-rock-in-rio-2026-setlist-show-768x456.jpg 768w, https:\/\/portalpopmais.com.br\/wp-content\/uploads\/2026\/09\/rise-against-rock-in-rio-2026-setlist-show-1170x694.jpg 1170w, https:\/\/portalpopmais.com.br\/wp-content\/uploads\/2026\/09\/rise-against-rock-in-rio-2026-setlist-show-18x10.jpg 18w\" sizes=\"auto, (max-width: 768px) 100vw, 768px\" title=\"\"><\/a><\/div><a class=\"wp-block-latest-posts__post-title\" href=\"https:\/\/portalpopmais.com.br\/en\/rise-against-rock-in-rio-2026-setlist-show\/\">Rise Against no Rock in Rio 2026: confira a poss\u00edvel setlist do show<\/a><\/li>\n<li><div class=\"wp-block-latest-posts__featured-image aligncenter\"><a href=\"https:\/\/portalpopmais.com.br\/en\/influenciadora-desiste-de-candidatura-ameacas\/\" aria-label=\"V\u00eddeo: Influenciadora desiste de candidatura ap\u00f3s amea\u00e7as contra os filhos\"><img loading=\"lazy\" decoding=\"async\" width=\"768\" height=\"456\" src=\"https:\/\/portalpopmais.com.br\/wp-content\/uploads\/2026\/09\/influenciadora-desiste-candidatura-ameaca-768x456.png\" class=\"attachment-medium size-medium wp-post-image\" alt=\"\" style=\"max-width:192px;max-height:114px;\" srcset=\"https:\/\/portalpopmais.com.br\/wp-content\/uploads\/2026\/09\/influenciadora-desiste-candidatura-ameaca-768x456.png 768w, https:\/\/portalpopmais.com.br\/wp-content\/uploads\/2026\/09\/influenciadora-desiste-candidatura-ameaca-1170x694.png 1170w, https:\/\/portalpopmais.com.br\/wp-content\/uploads\/2026\/09\/influenciadora-desiste-candidatura-ameaca-18x12.png 18w\" sizes=\"auto, (max-width: 768px) 100vw, 768px\" title=\"\"><\/a><\/div><a class=\"wp-block-latest-posts__post-title\" href=\"https:\/\/portalpopmais.com.br\/en\/influenciadora-desiste-de-candidatura-ameacas\/\">V\u00eddeo: Influenciadora desiste de candidatura ap\u00f3s amea\u00e7as contra os filhos<\/a><\/li>\n<li><div class=\"wp-block-latest-posts__featured-image aligncenter\"><a href=\"https:\/\/portalpopmais.com.br\/en\/guitarra-george-michael-leilao\/\" aria-label=\"Guitarra usada por George Michael deve ser ser leiloada por at\u00e9 R$ 830 mil\"><img loading=\"lazy\" decoding=\"async\" width=\"768\" height=\"456\" src=\"https:\/\/portalpopmais.com.br\/wp-content\/uploads\/2026\/09\/guitarra-george-michael-deve-ir-leilao-768x456.jpg\" class=\"attachment-medium size-medium wp-post-image\" alt=\"guitarra george michael deve ir leilao\" style=\"max-width:192px;max-height:114px;\" srcset=\"https:\/\/portalpopmais.com.br\/wp-content\/uploads\/2026\/09\/guitarra-george-michael-deve-ir-leilao-768x456.jpg 768w, https:\/\/portalpopmais.com.br\/wp-content\/uploads\/2026\/09\/guitarra-george-michael-deve-ir-leilao-1170x694.jpg 1170w, https:\/\/portalpopmais.com.br\/wp-content\/uploads\/2026\/09\/guitarra-george-michael-deve-ir-leilao-18x10.jpg 18w\" sizes=\"auto, (max-width: 768px) 100vw, 768px\" title=\"\"><\/a><\/div><a class=\"wp-block-latest-posts__post-title\" href=\"https:\/\/portalpopmais.com.br\/en\/guitarra-george-michael-leilao\/\">Guitarra usada por George Michael deve ser ser leiloada por at\u00e9 R$ 830 mil<\/a><\/li>\n<li><div class=\"wp-block-latest-posts__featured-image aligncenter\"><a href=\"https:\/\/portalpopmais.com.br\/en\/virginia-pediu-dinheiro-live\/\" aria-label=\"Virginia Fonseca \u00e9 alvo de cr\u00edticas ap\u00f3s pedir dinheiro em live no TikTok\"><img loading=\"lazy\" decoding=\"async\" width=\"768\" height=\"456\" src=\"https:\/\/portalpopmais.com.br\/wp-content\/uploads\/2026\/08\/virginia-viraliza-resposta-ia-portalpopmais-768x456.png\" class=\"attachment-medium size-medium wp-post-image\" alt=\"virginia viraliza resposta ia portalpopmais\" style=\"max-width:192px;max-height:114px;\" srcset=\"https:\/\/portalpopmais.com.br\/wp-content\/uploads\/2026\/08\/virginia-viraliza-resposta-ia-portalpopmais-768x456.png 768w, https:\/\/portalpopmais.com.br\/wp-content\/uploads\/2026\/08\/virginia-viraliza-resposta-ia-portalpopmais-1170x694.png 1170w, https:\/\/portalpopmais.com.br\/wp-content\/uploads\/2026\/08\/virginia-viraliza-resposta-ia-portalpopmais-18x10.png 18w\" sizes=\"auto, (max-width: 768px) 100vw, 768px\" title=\"\"><\/a><\/div><a class=\"wp-block-latest-posts__post-title\" href=\"https:\/\/portalpopmais.com.br\/en\/virginia-pediu-dinheiro-live\/\">Virginia Fonseca \u00e9 alvo de cr\u00edticas ap\u00f3s pedir dinheiro em live no TikTok<\/a><\/li>\n<li><div class=\"wp-block-latest-posts__featured-image aligncenter\"><a href=\"https:\/\/portalpopmais.com.br\/en\/morre-dublador-ettore-zuim\/\" aria-label=\"Morre Ettore Zuim, voz brasileira de Batman, H\u00e9rcules e outros personagens marcantes\"><img loading=\"lazy\" decoding=\"async\" width=\"768\" height=\"456\" src=\"https:\/\/portalpopmais.com.br\/wp-content\/uploads\/2026\/09\/Morre-Ettore-Zuim-dublador-brasileiro-de-Batman-Hercules-e-mais-768x456.jpg\" class=\"attachment-medium size-medium wp-post-image\" alt=\"Morre Ettore Zuim, dublador brasileiro de Batman, H\u00e9rcules e mais - Foto: Reprodu\u00e7\u00e3o\" style=\"max-width:192px;max-height:114px;\" srcset=\"https:\/\/portalpopmais.com.br\/wp-content\/uploads\/2026\/09\/Morre-Ettore-Zuim-dublador-brasileiro-de-Batman-Hercules-e-mais-768x456.jpg 768w, https:\/\/portalpopmais.com.br\/wp-content\/uploads\/2026\/09\/Morre-Ettore-Zuim-dublador-brasileiro-de-Batman-Hercules-e-mais-1170x694.jpg 1170w\" sizes=\"auto, (max-width: 768px) 100vw, 768px\" title=\"\"><\/a><\/div><a class=\"wp-block-latest-posts__post-title\" href=\"https:\/\/portalpopmais.com.br\/en\/morre-dublador-ettore-zuim\/\">Morre Ettore Zuim, voz brasileira de Batman, H\u00e9rcules e outros personagens marcantes<\/a><\/li>\n<\/ul>\n\n\n<p class=\"wp-block-paragraph\">Sempre com bastante f\u00e9 e um alto astral gigante, a rep\u00f3rter carioca venceu algumas lutas contra o c\u00e2ncer. Desde 2002, atuava no Grupo Globo, e ganhou popularidade com a forma que mostrava os problemas da comunidade.<\/p>\n\n\n\n<p class=\"wp-block-paragraph\">O falecimento foi confirmado pela filha de Susana, em publica\u00e7\u00e3o feita no perfil oficial da jornalista. <em>&#8220;Oi, amigos, Julia aqui. \u00c9 com o cora\u00e7\u00e3o doendo que venho contar pra voc\u00eas que a mam\u00e3e n\u00e3o est\u00e1 mais com a gente. Ela lutou muito, nossa guerreira! Agrade\u00e7o muito pelas ora\u00e7\u00f5es, muito mesmo, muito obrigada, mas infelizmente n\u00e3o deu<\/em>&#8220;, informou a jovem.<\/p>\n\n\n\n<figure class=\"wp-block-embed is-type-rich is-provider-instagram wp-block-embed-instagram\"><div class=\"wp-block-embed__wrapper\">\nhttps:\/\/www.instagram.com\/p\/CkJ_tCMOWb6\/?igshid=YmMyMTA2M2Y=\n<\/div><\/figure>","protected":false},"excerpt":{"rendered":"<p>A jornalista Susana Naspolini morreu nesta ter\u00e7a-feira (25) em S\u00e3o Paulo.. A rep\u00f3rter era uma das mais populares da TV Globo no Rio, onde deixou sua marca por anos no quadro de jornalismo comunit\u00e1rio RJ M\u00f3vel, do RJ1. Ela lutava h\u00e1 dois anos contra um c\u00e2ncer na bacia, que j\u00e1 havia feito met\u00e1stase, e estava [&hellip;]<\/p>\n","protected":false},"author":2,"featured_media":146201,"comment_status":"closed","ping_status":"open","sticky":false,"template":"","format":"standard","meta":{"footnotes":""},"categories":[173],"tags":[2207],"class_list":["post-146199","post","type-post","status-publish","format-standard","has-post-thumbnail","hentry","category-celebridades","tag-susana-naspolini"],"_links":{"self":[{"href":"https:\/\/portalpopmais.com.br\/en\/wp-json\/wp\/v2\/posts\/146199","targetHints":{"allow":["GET"]}}],"collection":[{"href":"https:\/\/portalpopmais.com.br\/en\/wp-json\/wp\/v2\/posts"}],"about":[{"href":"https:\/\/portalpopmais.com.br\/en\/wp-json\/wp\/v2\/types\/post"}],"author":[{"embeddable":true,"href":"https:\/\/portalpopmais.com.br\/en\/wp-json\/wp\/v2\/users\/2"}],"replies":[{"embeddable":true,"href":"https:\/\/portalpopmais.com.br\/en\/wp-json\/wp\/v2\/comments?post=146199"}],"version-history":[{"count":0,"href":"https:\/\/portalpopmais.com.br\/en\/wp-json\/wp\/v2\/posts\/146199\/revisions"}],"wp:featuredmedia":[{"embeddable":true,"href":"https:\/\/portalpopmais.com.br\/en\/wp-json\/wp\/v2\/media\/146201"}],"wp:attachment":[{"href":"https:\/\/portalpopmais.com.br\/en\/wp-json\/wp\/v2\/media?parent=146199"}],"wp:term":[{"taxonomy":"category","embeddable":true,"href":"https:\/\/portalpopmais.com.br\/en\/wp-json\/wp\/v2\/categories?post=146199"},{"taxonomy":"post_tag","embeddable":true,"href":"https:\/\/portalpopmais.com.br\/en\/wp-json\/wp\/v2\/tags?post=146199"}],"curies":[{"name":"wp","href":"https:\/\/api.w.org\/{rel}","templated":true}]}}