{"id":147342,"date":"2022-10-31T19:15:00","date_gmt":"2022-10-31T22:15:00","guid":{"rendered":"https:\/\/portalpopmais.com.br\/?p=147342"},"modified":"2022-10-31T19:13:49","modified_gmt":"2022-10-31T22:13:49","slug":"soraya-thronicke-ironiza-silencio-bolsonaro","status":"publish","type":"post","link":"https:\/\/portalpopmais.com.br\/en\/soraya-thronicke-ironiza-silencio-bolsonaro\/","title":{"rendered":"Soraya Thronicke ironiza sil\u00eancio de Bolsonaro: \u201caguardando o padre\u201d"},"content":{"rendered":"<p>Soraya Thronicke ironizou o sil\u00eancio absoluto de Jair Bolsonaro ap\u00f3s a derrota nas urnas no segundo turno das elei\u00e7\u00f5es. A ent\u00e3o candidata \u00e0 presid\u00eancia da rep\u00fablica pelo Uni\u00e3o Brasil trouxe a mem\u00f3ria dos internautas, palavras dela mesma usadas no <a href=\"https:\/\/portalpopmais.com.br\/en\/debate-globo-recorde-audiencia-uma-decada\/\" data-type=\"post\" data-id=\"141493\">debate de 29 de setembro na Globo<\/a>.<\/p>\n\n\n\n<p>\u201cBolsonaro ainda n\u00e3o se pronunciou sobre o resultado das elei\u00e7\u00f5es. O Planalto deve estar aguardando o padre de festa junina para a extrema-un\u00e7\u00e3o\u201d, afirmou em uma rede social.<\/p>\n\n\n\n<p class=\"has-text-align-center\"><strong><a href=\"https:\/\/instagram.com\/portalpopmais\" data-type=\"URL\" data-id=\"https:\/\/instagram.com\/portalpopmais\" target=\"_blank\" rel=\"noopener\">Siga o Portal POP Mais no Instagram<\/a><\/strong><\/p>\n\n\n\n<p>O termo se refere ao candidato do primeiro turno na corrida ao Pal\u00e1cio do Planalto, Padre Kelmon (PTB), forte aliado de Bolsonaro. No encontro de presidenci\u00e1veis promovidos pela emissora carioca, Thronicke disse que o l\u00edder religioso era um \u201c<a href=\"https:\/\/portalpopmais.com.br\/en\/soraya-chama-kelmon-padre-festa-junina\/\" data-type=\"post\" data-id=\"141326\">padre de festa junina<\/a>\u201d. Lembrando que ele n\u00e3o possui reconhecimento da Igreja Ortodoxa como ele mesmo se entitula.\u00a0<\/p>\n\n\n\n<figure class=\"wp-block-embed is-type-rich is-provider-twitter wp-block-embed-twitter\"><div class=\"wp-block-embed__wrapper\">\n<blockquote class=\"twitter-tweet\" data-width=\"550\" data-dnt=\"true\"><p lang=\"pt\" dir=\"ltr\">Bolsonaro ainda n\u00e3o se pronunciou sobre o resultado das elei\u00e7\u00f5es. O Planalto deve estar aguardando o padre de festa junina para a extrema-un\u00e7\u00e3o.<\/p>&mdash; SorayaThronicke (@SorayaThronicke) <a href=\"https:\/\/twitter.com\/SorayaThronicke\/status\/1587186853668683777?ref_src=twsrc%5Etfw\" target=\"_blank\" rel=\"noopener\">October 31, 2022<\/a><\/blockquote><script async src=\"https:\/\/platform.twitter.com\/widgets.js\" charset=\"utf-8\"><\/script>\n<\/div><\/figure>\n\n\n\n<p>Desde a confirma\u00e7\u00e3o da vit\u00f3ria de Luiz In\u00e1cio Lula da Silva, Bolsonaro n\u00e3o cumprimentou o advers\u00e1rio, tampouco fez qualquer pronunciamento, mesmo que em nota, quebrando uma tradi\u00e7\u00e3o de anos, em que o perdedor liga para o eleito dando os parab\u00e9ns pela vit\u00f3ria.<\/p>\n\n\n\n<p>Por mais de 60 milh\u00f5es de votos dos eleitores, Lula retorna \u00e0 presid\u00eancia pela terceira vez em um hiato de 12 anos, quando encerrou seu segundo mandato em 2010. Eram quase 20h, quando o Tribunal Superior Eleitoral confirmou o resultado do pleito, decidido em dois turnos.<\/p>","protected":false},"excerpt":{"rendered":"<p>Soraya Thronicke ironizou o sil\u00eancio absoluto de Jair Bolsonaro ap\u00f3s a derrota nas urnas no segundo turno das elei\u00e7\u00f5es. A ent\u00e3o candidata \u00e0 presid\u00eancia da rep\u00fablica pelo Uni\u00e3o Brasil trouxe a mem\u00f3ria dos internautas, palavras dela mesma usadas no debate de 29 de setembro na Globo. \u201cBolsonaro ainda n\u00e3o se pronunciou sobre o resultado das [&hellip;]<\/p>\n","protected":false},"author":2,"featured_media":147341,"comment_status":"closed","ping_status":"open","sticky":false,"template":"","format":"standard","meta":{"footnotes":""},"categories":[173],"tags":[477,12440,12707],"class_list":["post-147342","post","type-post","status-publish","format-standard","has-post-thumbnail","hentry","category-celebridades","tag-bolsonaro","tag-padre-kelmon","tag-soraya-thronicke"],"_links":{"self":[{"href":"https:\/\/portalpopmais.com.br\/en\/wp-json\/wp\/v2\/posts\/147342","targetHints":{"allow":["GET"]}}],"collection":[{"href":"https:\/\/portalpopmais.com.br\/en\/wp-json\/wp\/v2\/posts"}],"about":[{"href":"https:\/\/portalpopmais.com.br\/en\/wp-json\/wp\/v2\/types\/post"}],"author":[{"embeddable":true,"href":"https:\/\/portalpopmais.com.br\/en\/wp-json\/wp\/v2\/users\/2"}],"replies":[{"embeddable":true,"href":"https:\/\/portalpopmais.com.br\/en\/wp-json\/wp\/v2\/comments?post=147342"}],"version-history":[{"count":0,"href":"https:\/\/portalpopmais.com.br\/en\/wp-json\/wp\/v2\/posts\/147342\/revisions"}],"wp:featuredmedia":[{"embeddable":true,"href":"https:\/\/portalpopmais.com.br\/en\/wp-json\/wp\/v2\/media\/147341"}],"wp:attachment":[{"href":"https:\/\/portalpopmais.com.br\/en\/wp-json\/wp\/v2\/media?parent=147342"}],"wp:term":[{"taxonomy":"category","embeddable":true,"href":"https:\/\/portalpopmais.com.br\/en\/wp-json\/wp\/v2\/categories?post=147342"},{"taxonomy":"post_tag","embeddable":true,"href":"https:\/\/portalpopmais.com.br\/en\/wp-json\/wp\/v2\/tags?post=147342"}],"curies":[{"name":"wp","href":"https:\/\/api.w.org\/{rel}","templated":true}]}}