{"id":148597,"date":"2022-11-08T11:22:00","date_gmt":"2022-11-08T14:22:00","guid":{"rendered":"https:\/\/portalpopmais.com.br\/?p=148597"},"modified":"2022-11-08T12:39:38","modified_gmt":"2022-11-08T15:39:38","slug":"mc-loma-detona-pai-melanie-nao-presta","status":"publish","type":"post","link":"https:\/\/portalpopmais.com.br\/en\/mc-loma-detona-pai-melanie-nao-presta\/","title":{"rendered":"V\u00eddeo: MC Loma diz que pai de sua filha \u00e9 &#8220;ausente&#8221; e detona: &#8220;N\u00e3o presta&#8221;"},"content":{"rendered":"<p class=\"wp-block-paragraph\">Na \u00faltima segunda (08), durante uma entrevista ao PodCats, <strong><a href=\"https:\/\/portalpopmais.com.br\/en\/nakagima-responde-pai-filho-mc-loma\/\" data-type=\"post\" data-id=\"145204\">MC Loma<\/a><\/strong> abriu o jogo em rela\u00e7\u00e3o ao <strong>pai <\/strong>de sua filha, <strong>Melanie<\/strong>. <\/p>\n\n\n\n<p class=\"wp-block-paragraph\">A cantorar revelou que o progenitor da crian\u00e7a, que at\u00e9 o momento n\u00e3o teve a identidade revelada, \u00e9 uma pessoa ausente e que chegou a humilhar a MC ao saber que estava gr\u00e1vida, chegando a ter vergonha dela ao saber da gravidez.<\/p>\n\n\n\n<p class=\"has-text-align-center wp-block-paragraph\"><strong><a href=\"http:\/\/instagram.com\/portalpopmais\" target=\"_blank\" rel=\"noopener\">Siga o POP Mais no Instagram<\/a><\/strong><\/p>\n\n\n\n<p class=\"wp-block-paragraph\">Veja tamb\u00e9m<\/p>\n\n\n<ul class=\"wp-block-latest-posts__list is-grid aligncenter wp-block-latest-posts is-layout-flow wp-block-latest-posts-is-layout-flow\"><li><div class=\"wp-block-latest-posts__featured-image aligncenter\"><a href=\"https:\/\/portalpopmais.com.br\/en\/ricardo-blat-celebra-recuperacao-apos-transplante-de-medula-sou-um-privilegiado\/\" aria-label=\"Ricardo Blat celebra recupera\u00e7\u00e3o ap\u00f3s transplante de medula: &#8220;Sou um privilegiado&#8221;\"><img loading=\"lazy\" decoding=\"async\" width=\"768\" height=\"456\" src=\"https:\/\/portalpopmais.com.br\/wp-content\/uploads\/2026\/09\/1788136858381_242769-768x456.jpg\" class=\"attachment-medium size-medium wp-post-image\" alt=\"\" style=\"max-width:192px;max-height:114px;\" srcset=\"https:\/\/portalpopmais.com.br\/wp-content\/uploads\/2026\/09\/1788136858381_242769-768x456.jpg 768w, https:\/\/portalpopmais.com.br\/wp-content\/uploads\/2026\/09\/1788136858381_242769-1170x694.jpg 1170w, https:\/\/portalpopmais.com.br\/wp-content\/uploads\/2026\/09\/1788136858381_242769-18x12.jpg 18w\" sizes=\"auto, (max-width: 768px) 100vw, 768px\" title=\"\"><\/a><\/div><a class=\"wp-block-latest-posts__post-title\" href=\"https:\/\/portalpopmais.com.br\/en\/ricardo-blat-celebra-recuperacao-apos-transplante-de-medula-sou-um-privilegiado\/\">Ricardo Blat celebra recupera\u00e7\u00e3o ap\u00f3s transplante de medula: &#8220;Sou um privilegiado&#8221;<\/a><\/li>\n<li><div class=\"wp-block-latest-posts__featured-image aligncenter\"><a href=\"https:\/\/portalpopmais.com.br\/en\/rise-against-rock-in-rio-2026-setlist-show\/\" aria-label=\"Rise Against no Rock in Rio 2026: confira a poss\u00edvel setlist do show\"><img loading=\"lazy\" decoding=\"async\" width=\"768\" height=\"456\" src=\"https:\/\/portalpopmais.com.br\/wp-content\/uploads\/2026\/09\/rise-against-rock-in-rio-2026-setlist-show-768x456.jpg\" class=\"attachment-medium size-medium wp-post-image\" alt=\"rise-against-rock-in-rio-2026-setlist-show\" style=\"max-width:192px;max-height:114px;\" srcset=\"https:\/\/portalpopmais.com.br\/wp-content\/uploads\/2026\/09\/rise-against-rock-in-rio-2026-setlist-show-768x456.jpg 768w, https:\/\/portalpopmais.com.br\/wp-content\/uploads\/2026\/09\/rise-against-rock-in-rio-2026-setlist-show-1170x694.jpg 1170w, https:\/\/portalpopmais.com.br\/wp-content\/uploads\/2026\/09\/rise-against-rock-in-rio-2026-setlist-show-18x10.jpg 18w\" sizes=\"auto, (max-width: 768px) 100vw, 768px\" title=\"\"><\/a><\/div><a class=\"wp-block-latest-posts__post-title\" href=\"https:\/\/portalpopmais.com.br\/en\/rise-against-rock-in-rio-2026-setlist-show\/\">Rise Against no Rock in Rio 2026: confira a poss\u00edvel setlist do show<\/a><\/li>\n<li><div class=\"wp-block-latest-posts__featured-image aligncenter\"><a href=\"https:\/\/portalpopmais.com.br\/en\/influenciadora-desiste-de-candidatura-ameacas\/\" aria-label=\"V\u00eddeo: Influenciadora desiste de candidatura ap\u00f3s amea\u00e7as contra os filhos\"><img loading=\"lazy\" decoding=\"async\" width=\"768\" height=\"456\" src=\"https:\/\/portalpopmais.com.br\/wp-content\/uploads\/2026\/09\/influenciadora-desiste-candidatura-ameaca-768x456.png\" class=\"attachment-medium size-medium wp-post-image\" alt=\"\" style=\"max-width:192px;max-height:114px;\" srcset=\"https:\/\/portalpopmais.com.br\/wp-content\/uploads\/2026\/09\/influenciadora-desiste-candidatura-ameaca-768x456.png 768w, https:\/\/portalpopmais.com.br\/wp-content\/uploads\/2026\/09\/influenciadora-desiste-candidatura-ameaca-1170x694.png 1170w, https:\/\/portalpopmais.com.br\/wp-content\/uploads\/2026\/09\/influenciadora-desiste-candidatura-ameaca-18x12.png 18w\" sizes=\"auto, (max-width: 768px) 100vw, 768px\" title=\"\"><\/a><\/div><a class=\"wp-block-latest-posts__post-title\" href=\"https:\/\/portalpopmais.com.br\/en\/influenciadora-desiste-de-candidatura-ameacas\/\">V\u00eddeo: Influenciadora desiste de candidatura ap\u00f3s amea\u00e7as contra os filhos<\/a><\/li>\n<li><div class=\"wp-block-latest-posts__featured-image aligncenter\"><a href=\"https:\/\/portalpopmais.com.br\/en\/guitarra-george-michael-leilao\/\" aria-label=\"Guitarra usada por George Michael deve ser ser leiloada por at\u00e9 R$ 830 mil\"><img loading=\"lazy\" decoding=\"async\" width=\"768\" height=\"456\" src=\"https:\/\/portalpopmais.com.br\/wp-content\/uploads\/2026\/09\/guitarra-george-michael-deve-ir-leilao-768x456.jpg\" class=\"attachment-medium size-medium wp-post-image\" alt=\"guitarra george michael deve ir leilao\" style=\"max-width:192px;max-height:114px;\" srcset=\"https:\/\/portalpopmais.com.br\/wp-content\/uploads\/2026\/09\/guitarra-george-michael-deve-ir-leilao-768x456.jpg 768w, https:\/\/portalpopmais.com.br\/wp-content\/uploads\/2026\/09\/guitarra-george-michael-deve-ir-leilao-1170x694.jpg 1170w, https:\/\/portalpopmais.com.br\/wp-content\/uploads\/2026\/09\/guitarra-george-michael-deve-ir-leilao-18x10.jpg 18w\" sizes=\"auto, (max-width: 768px) 100vw, 768px\" title=\"\"><\/a><\/div><a class=\"wp-block-latest-posts__post-title\" href=\"https:\/\/portalpopmais.com.br\/en\/guitarra-george-michael-leilao\/\">Guitarra usada por George Michael deve ser ser leiloada por at\u00e9 R$ 830 mil<\/a><\/li>\n<li><div class=\"wp-block-latest-posts__featured-image aligncenter\"><a href=\"https:\/\/portalpopmais.com.br\/en\/virginia-pediu-dinheiro-live\/\" aria-label=\"Virginia Fonseca \u00e9 alvo de cr\u00edticas ap\u00f3s pedir dinheiro em live no TikTok\"><img loading=\"lazy\" decoding=\"async\" width=\"768\" height=\"456\" src=\"https:\/\/portalpopmais.com.br\/wp-content\/uploads\/2026\/08\/virginia-viraliza-resposta-ia-portalpopmais-768x456.png\" class=\"attachment-medium size-medium wp-post-image\" alt=\"virginia viraliza resposta ia portalpopmais\" style=\"max-width:192px;max-height:114px;\" srcset=\"https:\/\/portalpopmais.com.br\/wp-content\/uploads\/2026\/08\/virginia-viraliza-resposta-ia-portalpopmais-768x456.png 768w, https:\/\/portalpopmais.com.br\/wp-content\/uploads\/2026\/08\/virginia-viraliza-resposta-ia-portalpopmais-1170x694.png 1170w, https:\/\/portalpopmais.com.br\/wp-content\/uploads\/2026\/08\/virginia-viraliza-resposta-ia-portalpopmais-18x10.png 18w\" sizes=\"auto, (max-width: 768px) 100vw, 768px\" title=\"\"><\/a><\/div><a class=\"wp-block-latest-posts__post-title\" href=\"https:\/\/portalpopmais.com.br\/en\/virginia-pediu-dinheiro-live\/\">Virginia Fonseca \u00e9 alvo de cr\u00edticas ap\u00f3s pedir dinheiro em live no TikTok<\/a><\/li>\n<li><div class=\"wp-block-latest-posts__featured-image aligncenter\"><a href=\"https:\/\/portalpopmais.com.br\/en\/morre-dublador-ettore-zuim\/\" aria-label=\"Morre Ettore Zuim, voz brasileira de Batman, H\u00e9rcules e outros personagens marcantes\"><img loading=\"lazy\" decoding=\"async\" width=\"768\" height=\"456\" src=\"https:\/\/portalpopmais.com.br\/wp-content\/uploads\/2026\/09\/Morre-Ettore-Zuim-dublador-brasileiro-de-Batman-Hercules-e-mais-768x456.jpg\" class=\"attachment-medium size-medium wp-post-image\" alt=\"Morre Ettore Zuim, dublador brasileiro de Batman, H\u00e9rcules e mais - Foto: Reprodu\u00e7\u00e3o\" style=\"max-width:192px;max-height:114px;\" srcset=\"https:\/\/portalpopmais.com.br\/wp-content\/uploads\/2026\/09\/Morre-Ettore-Zuim-dublador-brasileiro-de-Batman-Hercules-e-mais-768x456.jpg 768w, https:\/\/portalpopmais.com.br\/wp-content\/uploads\/2026\/09\/Morre-Ettore-Zuim-dublador-brasileiro-de-Batman-Hercules-e-mais-1170x694.jpg 1170w\" sizes=\"auto, (max-width: 768px) 100vw, 768px\" title=\"\"><\/a><\/div><a class=\"wp-block-latest-posts__post-title\" href=\"https:\/\/portalpopmais.com.br\/en\/morre-dublador-ettore-zuim\/\">Morre Ettore Zuim, voz brasileira de Batman, H\u00e9rcules e outros personagens marcantes<\/a><\/li>\n<\/ul>\n\n\n<p class=\"wp-block-paragraph\">Loma ainda continuou o relato falando que, ap\u00f3s saber da gravidez, ele pediu para que n\u00e3o contasse aos amigos dele. Em seguida, uma das g\u00eameas contou que um amigo do pai da Melanie estava com vergonha da gravidez.<\/p>\n\n\n\n<p class=\"wp-block-paragraph\">Ainda na conversa, Loma ressaltou que a \u201cinternet gosta de dar fama para quem n\u00e3o presta\u201d e, seguindo assim, ele poder\u00e1 ganhar fama. Ela ainda continuou que n\u00e3o entra em contato para saber da filha, apenas via advogadas.<\/p>\n\n\n\n<figure class=\"wp-block-embed is-type-rich is-provider-twitter wp-block-embed-twitter\"><div class=\"wp-block-embed__wrapper\">\n<blockquote class=\"twitter-tweet\" data-width=\"550\" data-dnt=\"true\"><p lang=\"pt\" dir=\"ltr\">Mc Loma, Mirella e Mariely macetando sem d\u00f3 o \u201cpai\u201d da filha da Loma, eu acho \u00e9 pouco \ud83d\udc4f\ud83c\udffb <a href=\"https:\/\/t.co\/CfoaKNj9GL\">pic.twitter.com\/CfoaKNj9GL<\/a><\/p>&mdash; Central Reality (@centralreality) <a href=\"https:\/\/twitter.com\/centralreality\/status\/1589826055170236416?ref_src=twsrc%5Etfw\" target=\"_blank\" rel=\"noopener\">November 8, 2022<\/a><\/blockquote><script async src=\"https:\/\/platform.twitter.com\/widgets.js\" charset=\"utf-8\"><\/script>\n<\/div><\/figure>","protected":false},"excerpt":{"rendered":"<p>Na \u00faltima segunda (08), durante uma entrevista ao PodCats, MC Loma abriu o jogo em rela\u00e7\u00e3o ao pai de sua filha, Melanie. A cantorar revelou que o progenitor da crian\u00e7a, que at\u00e9 o momento n\u00e3o teve a identidade revelada, \u00e9 uma pessoa ausente e que chegou a humilhar a MC ao saber que estava gr\u00e1vida, [&hellip;]<\/p>\n","protected":false},"author":2,"featured_media":148604,"comment_status":"closed","ping_status":"open","sticky":false,"template":"","format":"standard","meta":{"footnotes":""},"categories":[173],"tags":[1971],"class_list":["post-148597","post","type-post","status-publish","format-standard","has-post-thumbnail","hentry","category-celebridades","tag-mc-loma"],"_links":{"self":[{"href":"https:\/\/portalpopmais.com.br\/en\/wp-json\/wp\/v2\/posts\/148597","targetHints":{"allow":["GET"]}}],"collection":[{"href":"https:\/\/portalpopmais.com.br\/en\/wp-json\/wp\/v2\/posts"}],"about":[{"href":"https:\/\/portalpopmais.com.br\/en\/wp-json\/wp\/v2\/types\/post"}],"author":[{"embeddable":true,"href":"https:\/\/portalpopmais.com.br\/en\/wp-json\/wp\/v2\/users\/2"}],"replies":[{"embeddable":true,"href":"https:\/\/portalpopmais.com.br\/en\/wp-json\/wp\/v2\/comments?post=148597"}],"version-history":[{"count":0,"href":"https:\/\/portalpopmais.com.br\/en\/wp-json\/wp\/v2\/posts\/148597\/revisions"}],"wp:featuredmedia":[{"embeddable":true,"href":"https:\/\/portalpopmais.com.br\/en\/wp-json\/wp\/v2\/media\/148604"}],"wp:attachment":[{"href":"https:\/\/portalpopmais.com.br\/en\/wp-json\/wp\/v2\/media?parent=148597"}],"wp:term":[{"taxonomy":"category","embeddable":true,"href":"https:\/\/portalpopmais.com.br\/en\/wp-json\/wp\/v2\/categories?post=148597"},{"taxonomy":"post_tag","embeddable":true,"href":"https:\/\/portalpopmais.com.br\/en\/wp-json\/wp\/v2\/tags?post=148597"}],"curies":[{"name":"wp","href":"https:\/\/api.w.org\/{rel}","templated":true}]}}