{"id":149582,"date":"2022-11-13T18:35:29","date_gmt":"2022-11-13T21:35:29","guid":{"rendered":"https:\/\/portalpopmais.com.br\/?p=149582"},"modified":"2022-11-13T18:35:35","modified_gmt":"2022-11-13T21:35:35","slug":"eliezer-sindrome-rara-coracao","status":"publish","type":"post","link":"https:\/\/portalpopmais.com.br\/en\/eliezer-sindrome-rara-coracao\/","title":{"rendered":"Ex-BBB Eliezer revela problema no cora\u00e7\u00e3o: &#8220;Dor no peito&#8221;"},"content":{"rendered":"<p>Neste domingo (13), o ex-BBB <strong><a href=\"https:\/\/portalpopmais.com.br\/en\/video-arthur-aguiar-descobre-sexo-de-bebe-de-viih-tube-e-eliezer-antes-do-anuncio-e-divulga-no-instagram\/\" data-type=\"post\" data-id=\"144455\">Eliezer<\/a><\/strong> comunicou em suas redes sociais que foi diagnosticado com uma s\u00edndrome rara no <a href=\"http:\/\/Twitter.com\/sitepopmais\" target=\"_blank\" rel=\"noopener\">cora\u00e7\u00e3o<\/a>. <\/p>\n\n\n\n<p>Nos stories, o influencer relatou que descobriu o problema card\u00edaco ap\u00f3s sentir fortes dores no peito e dificuldade para respirar. \u201c<em>Oii, gente, ent\u00e3o cerca de 10 dias atr\u00e1s comecei a sentir uma dor na regi\u00e3o do peito, esses \u00faltimos dias a dor piorou muito e comecei a ter dificuldade para respirar\u201d.<\/em><\/p>\n\n\n\n<p>\u201c<em>Fui pro hospital e l\u00e1 descobri que \u00e9 uma quest\u00e3o no cora\u00e7\u00e3o. \u00c9 raro e estou cuidando para n\u00e3o se tornar grav<\/em>e\u201d, explicou o ex-BBB.<\/p>\n\n\n\n<p><em>\u201cJ\u00e1 estou medicado, e sendo cuidados pelos melhores m\u00e9dicos. Por esses dias tenho que ficar mais quietinho, por isso que estou sumido por aqui. N\u00e3o se preocupem, estou em casa, fora de perigo e qualquer coisa grave como infarto, AVC j\u00e1 foi descartado. A dor e a falta de ar j\u00e1 est\u00e3o bem melhores. J\u00e1 j\u00e1 eu volto<\/em>\u201d, finalizou Eli<\/p>","protected":false},"excerpt":{"rendered":"<p>Neste domingo (13), o ex-BBB Eliezer comunicou em suas redes sociais que foi diagnosticado com uma s\u00edndrome rara no cora\u00e7\u00e3o. Nos stories, o influencer relatou que descobriu o problema card\u00edaco ap\u00f3s sentir fortes dores no peito e dificuldade para respirar. \u201cOii, gente, ent\u00e3o cerca de 10 dias atr\u00e1s comecei a sentir uma dor na regi\u00e3o [&hellip;]<\/p>\n","protected":false},"author":2,"featured_media":130796,"comment_status":"closed","ping_status":"open","sticky":false,"template":"","format":"standard","meta":{"footnotes":""},"categories":[173],"tags":[10385],"class_list":["post-149582","post","type-post","status-publish","format-standard","has-post-thumbnail","hentry","category-celebridades","tag-eliezer"],"_links":{"self":[{"href":"https:\/\/portalpopmais.com.br\/en\/wp-json\/wp\/v2\/posts\/149582","targetHints":{"allow":["GET"]}}],"collection":[{"href":"https:\/\/portalpopmais.com.br\/en\/wp-json\/wp\/v2\/posts"}],"about":[{"href":"https:\/\/portalpopmais.com.br\/en\/wp-json\/wp\/v2\/types\/post"}],"author":[{"embeddable":true,"href":"https:\/\/portalpopmais.com.br\/en\/wp-json\/wp\/v2\/users\/2"}],"replies":[{"embeddable":true,"href":"https:\/\/portalpopmais.com.br\/en\/wp-json\/wp\/v2\/comments?post=149582"}],"version-history":[{"count":0,"href":"https:\/\/portalpopmais.com.br\/en\/wp-json\/wp\/v2\/posts\/149582\/revisions"}],"wp:featuredmedia":[{"embeddable":true,"href":"https:\/\/portalpopmais.com.br\/en\/wp-json\/wp\/v2\/media\/130796"}],"wp:attachment":[{"href":"https:\/\/portalpopmais.com.br\/en\/wp-json\/wp\/v2\/media?parent=149582"}],"wp:term":[{"taxonomy":"category","embeddable":true,"href":"https:\/\/portalpopmais.com.br\/en\/wp-json\/wp\/v2\/categories?post=149582"},{"taxonomy":"post_tag","embeddable":true,"href":"https:\/\/portalpopmais.com.br\/en\/wp-json\/wp\/v2\/tags?post=149582"}],"curies":[{"name":"wp","href":"https:\/\/api.w.org\/{rel}","templated":true}]}}