{"id":152126,"date":"2022-11-29T12:17:42","date_gmt":"2022-11-29T15:17:42","guid":{"rendered":"https:\/\/portalpopmais.com.br\/?p=152126"},"modified":"2022-11-29T12:17:47","modified_gmt":"2022-11-29T15:17:47","slug":"leonardo-quebra-silencio-relacao-joao-guilherme","status":"publish","type":"post","link":"https:\/\/portalpopmais.com.br\/en\/leonardo-quebra-silencio-relacao-joao-guilherme\/","title":{"rendered":"Treta familiar? Leonardo quebra o sil\u00eancio e exp\u00f5e rela\u00e7\u00e3o com Jo\u00e3o Guilherme: &#8220;Moleque&#8221;"},"content":{"rendered":"<p class=\"wp-block-paragraph\">Ap\u00f3s protagonizar uma pol\u00eamica com o filho no per\u00edodo das elei\u00e7\u00f5es, o cantor <strong><a href=\"https:\/\/portalpopmais.com.br\/en\/gusttavo-lima-leonardo-shows-cancelados\/\" data-type=\"post\" data-id=\"147594\">Leonardo<\/a><\/strong> resolveu abrir o jogo a respeito de usa rela\u00e7\u00e3o com <strong><a href=\"https:\/\/portalpopmais.com.br\/en\/joao-guilherme-quer-ser-pai-falta-a-mae\/\" data-type=\"post\" data-id=\"149562\">Jo\u00e3o Guilherme<\/a><\/strong>. Durante o pleito eleitoral, os dois apoiaram candidatos opostos e o cantor foi bastante criticado pelo rapaz.<\/p>\n\n\n\n<p class=\"wp-block-paragraph\"><em>\u201cAs ideologias dele, eu n\u00e3o tenho nada a ver com isso, isso \u00e9 dele, ele j\u00e1 \u00e9 de maior. Eu apoio as coisas certas que ele faz, se fizer coisas erradas eu jamais vou apoiar, nem a ele e nem a ningu\u00e9m\u201d,<\/em> revelou o sertanejo em entrevista \u00e0 coluna de Leo Dias, no site <a href=\"https:\/\/www.metropoles.com\/\" target=\"_blank\" rel=\"noreferrer noopener\">Metr\u00f3poles<\/a>.<\/p>\n\n\n\n<p class=\"wp-block-paragraph\">Leonardo ainda aproveitou para comentar algo que tem em comum com o filho. <em>\u201cEu acho o Jo\u00e3o Guilherme muito sincero, eu acho que ele fala o que ele pensa, ele \u00e9 um baita de um moleque. Voc\u00ea perguntou se tem algu\u00e9m que parece um pouco comigo, ele \u00e9 meio bocudo, meio falador e parece um pouquinho por esse lado\u201d, <\/em>afirmou.<\/p>\n\n\n\n<p class=\"wp-block-paragraph\">Jo\u00e3o Guilherme \u00e9 fruto do relacionamento do sertanejo com Na\u00edra \u00c1vila, portanto, meio-irm\u00e3o dos cantores Z\u00e9 Felipe e Pedro Leonardo.<\/p>\n\n\n\n<figure class=\"wp-block-embed is-type-rich is-provider-instagram wp-block-embed-instagram\"><div class=\"wp-block-embed__wrapper\">\nhttps:\/\/www.instagram.com\/p\/Cj6kvnFJQjM\/?utm_source=ig_embed&#038;ig_rid=32e36996-829b-4dd1-90b1-2d47cd26c8bc\n<\/div><\/figure>","protected":false},"excerpt":{"rendered":"<p>Ap\u00f3s protagonizar uma pol\u00eamica com o filho no per\u00edodo das elei\u00e7\u00f5es, o cantor Leonardo resolveu abrir o jogo a respeito de usa rela\u00e7\u00e3o com Jo\u00e3o Guilherme. Durante o pleito eleitoral, os dois apoiaram candidatos opostos e o cantor foi bastante criticado pelo rapaz. \u201cAs ideologias dele, eu n\u00e3o tenho nada a ver com isso, isso [&hellip;]<\/p>\n","protected":false},"author":2,"featured_media":152129,"comment_status":"closed","ping_status":"open","sticky":false,"template":"","format":"standard","meta":{"footnotes":""},"categories":[173],"tags":[8449,2399],"class_list":["post-152126","post","type-post","status-publish","format-standard","has-post-thumbnail","hentry","category-celebridades","tag-joao-guilherme-2","tag-leonardo"],"_links":{"self":[{"href":"https:\/\/portalpopmais.com.br\/en\/wp-json\/wp\/v2\/posts\/152126","targetHints":{"allow":["GET"]}}],"collection":[{"href":"https:\/\/portalpopmais.com.br\/en\/wp-json\/wp\/v2\/posts"}],"about":[{"href":"https:\/\/portalpopmais.com.br\/en\/wp-json\/wp\/v2\/types\/post"}],"author":[{"embeddable":true,"href":"https:\/\/portalpopmais.com.br\/en\/wp-json\/wp\/v2\/users\/2"}],"replies":[{"embeddable":true,"href":"https:\/\/portalpopmais.com.br\/en\/wp-json\/wp\/v2\/comments?post=152126"}],"version-history":[{"count":0,"href":"https:\/\/portalpopmais.com.br\/en\/wp-json\/wp\/v2\/posts\/152126\/revisions"}],"wp:featuredmedia":[{"embeddable":true,"href":"https:\/\/portalpopmais.com.br\/en\/wp-json\/wp\/v2\/media\/152129"}],"wp:attachment":[{"href":"https:\/\/portalpopmais.com.br\/en\/wp-json\/wp\/v2\/media?parent=152126"}],"wp:term":[{"taxonomy":"category","embeddable":true,"href":"https:\/\/portalpopmais.com.br\/en\/wp-json\/wp\/v2\/categories?post=152126"},{"taxonomy":"post_tag","embeddable":true,"href":"https:\/\/portalpopmais.com.br\/en\/wp-json\/wp\/v2\/tags?post=152126"}],"curies":[{"name":"wp","href":"https:\/\/api.w.org\/{rel}","templated":true}]}}