{"id":152625,"date":"2022-12-02T00:20:42","date_gmt":"2022-12-02T03:20:42","guid":{"rendered":"https:\/\/portalpopmais.com.br\/?p=152625"},"modified":"2022-12-02T00:20:47","modified_gmt":"2022-12-02T03:20:47","slug":"cnn-reformula-programacao-jornais-ar","status":"publish","type":"post","link":"https:\/\/portalpopmais.com.br\/en\/cnn-reformula-programacao-jornais-ar\/","title":{"rendered":"Com onda de demiss\u00f5es, CNN Brasil reformula programa\u00e7\u00e3o e retira jornais do ar"},"content":{"rendered":"<p class=\"wp-block-paragraph\">A onda de demiss\u00f5es hist\u00f3rica da <strong><a href=\"https:\/\/portalpopmais.com.br\/en\/cnn-alonga-lista-demissoes-caos-bastidores\/\" data-type=\"post\" data-id=\"152532\">CNN Brasil<\/a><\/strong> fez a emissora correr contra o tempo para definir os rumos da programa\u00e7\u00e3o com o desligamento de mais de 200 funcion\u00e1rios somente ao longo desta quinta-feira (1\u00b0).<\/p>\n\n\n\n<p class=\"wp-block-paragraph\">Durante o per\u00edodo das elei\u00e7\u00f5es, o \u201c<a href=\"https:\/\/instagram.com\/portalpopmais\" data-type=\"URL\" data-id=\"https:\/\/instagram.com\/portalpopmais\" target=\"_blank\" rel=\"noopener\">CNN Primetime<\/a>\u201d virou uma mesa de debate dos fatos da pol\u00edtica, com an\u00e1lise de especialistas e comentaristas do canal. O \u201cCNN Arena\u201d deixa de ser um quadro para virar um programa, sob comando do jornalista Felipe Moura Brasil. A estreia ocorreu na noite desta quinta (1\u00ba) em meio a turbul\u00eancia no canal.<\/p>\n\n\n\n<figure class=\"wp-block-image size-large\"><img loading=\"lazy\" decoding=\"async\" width=\"1170\" height=\"694\" src=\"https:\/\/portalpopmais.com.br\/wp-content\/uploads\/2022\/06\/Screenshot-2022-06-02-20.51.10-1170x694.png\" alt=\"\" class=\"wp-image-119389\" title=\"\" srcset=\"https:\/\/portalpopmais.com.br\/wp-content\/uploads\/2022\/06\/Screenshot-2022-06-02-20.51.10-1170x694.png 1170w, https:\/\/portalpopmais.com.br\/wp-content\/uploads\/2022\/06\/Screenshot-2022-06-02-20.51.10-768x456.png 768w\" sizes=\"auto, (max-width: 1170px) 100vw, 1170px\" \/><figcaption class=\"wp-element-caption\">Foto: Reprodu\u00e7\u00e3o\/CNN Brasil<\/figcaption><\/figure>\n\n\n\n<p class=\"wp-block-paragraph\">Agora, o \u201cPrimetime\u201d retorna ao seu formato original, com apresenta\u00e7\u00e3o de M\u00e1rcio Gomes, com novo hor\u00e1rio: das 20h \u00e0s 22h, recebendo o p\u00fablico do \u201cArena\u201d que abrir\u00e1 a grade do hor\u00e1rio nobre a partir das 18h.<\/p>\n\n\n\n<p class=\"wp-block-paragraph\">O programa de <a href=\"https:\/\/portalpopmais.com.br\/en\/bolsonaro-desfalca-cnn-brasill-sabatina\/\" data-type=\"post\" data-id=\"135317\">William Waack<\/a>, que teve seu contrato renovado e aumento de sal\u00e1rio garantido segundo o TV Pop, o &#8220;WW&#8221; seguir\u00e1 no ar entre 22h e 23h. O ex-global escapou da vassourada que a emissora deu, com uma ampla lista de desligamentos em um \u00fanico dia, com destaques a Marcela Rahal, Gl\u00f3ria Vanique, Kenz\u00f4 Machida e o nome principal do dia: <strong><a href=\"https:\/\/portalpopmais.com.br\/en\/monalisa-perrone-demissao-cnn-brasil\/\" data-type=\"post\" data-id=\"152461\">Monalisa Perrone<\/a><\/strong>.<\/p>\n\n\n\n<p class=\"wp-block-paragraph\">A ent\u00e3o jornalista tinha contrato para vencer em 2023, com a certeza de que n\u00e3o renovaria o v\u00ednculo com a emissora, apostando em uma aposentadoria da televis\u00e3o. Com a nova c\u00fapula, Monalisa teve sua sa\u00edda antecipada, sem qualquer despedida, assim como tantos outros.<\/p>\n\n\n\n<p class=\"wp-block-paragraph\">No Rio de Janeiro, os colaboradores ter\u00e3o de retornar para o escrit\u00f3rio na capital carioca para esvaziar o pr\u00e9dio e assinar todos os tr\u00e2mites para seus desligamentos de maneira legalizada.<\/p>\n\n\n\n<p class=\"wp-block-paragraph\">A meta da nova dire\u00e7\u00e3o \u00e9 estancar gastos e tirar a organiza\u00e7\u00e3o do vermelho. Nomes destaques foram mantidos, como \u00e9 o caso de M\u00e1rcio Gomes, Daniela Lima, Rafael Colombo e Luciana Barreto.<\/p>\n\n\n\n<h2 class=\"wp-block-heading\">Baixas<\/h2>\n\n\n\n<p class=\"wp-block-paragraph\">O \u201cJornal da CNN\u201d, principal jornal da casa, perde espa\u00e7o na programa\u00e7\u00e3o da CNN, assim como o \u201cExpresso\u201d. Coincidentemente ou n\u00e3o, Monalisa Perrone esteve \u00e0 frente de ambos os jornais e ambos n\u00e3o voltar\u00e3o para a grade do canal.<\/p>","protected":false},"excerpt":{"rendered":"<p>A onda de demiss\u00f5es hist\u00f3rica da CNN Brasil fez a emissora correr contra o tempo para definir os rumos da programa\u00e7\u00e3o com o desligamento de mais de 200 funcion\u00e1rios somente ao longo desta quinta-feira (1\u00b0). Durante o per\u00edodo das elei\u00e7\u00f5es, o \u201cCNN Primetime\u201d virou uma mesa de debate dos fatos da pol\u00edtica, com an\u00e1lise de [&hellip;]<\/p>\n","protected":false},"author":2,"featured_media":152626,"comment_status":"closed","ping_status":"open","sticky":false,"template":"","format":"standard","meta":{"footnotes":""},"categories":[181],"tags":[1106],"class_list":["post-152625","post","type-post","status-publish","format-standard","has-post-thumbnail","hentry","category-televisao","tag-cnn-brasil"],"_links":{"self":[{"href":"https:\/\/portalpopmais.com.br\/en\/wp-json\/wp\/v2\/posts\/152625","targetHints":{"allow":["GET"]}}],"collection":[{"href":"https:\/\/portalpopmais.com.br\/en\/wp-json\/wp\/v2\/posts"}],"about":[{"href":"https:\/\/portalpopmais.com.br\/en\/wp-json\/wp\/v2\/types\/post"}],"author":[{"embeddable":true,"href":"https:\/\/portalpopmais.com.br\/en\/wp-json\/wp\/v2\/users\/2"}],"replies":[{"embeddable":true,"href":"https:\/\/portalpopmais.com.br\/en\/wp-json\/wp\/v2\/comments?post=152625"}],"version-history":[{"count":0,"href":"https:\/\/portalpopmais.com.br\/en\/wp-json\/wp\/v2\/posts\/152625\/revisions"}],"wp:featuredmedia":[{"embeddable":true,"href":"https:\/\/portalpopmais.com.br\/en\/wp-json\/wp\/v2\/media\/152626"}],"wp:attachment":[{"href":"https:\/\/portalpopmais.com.br\/en\/wp-json\/wp\/v2\/media?parent=152625"}],"wp:term":[{"taxonomy":"category","embeddable":true,"href":"https:\/\/portalpopmais.com.br\/en\/wp-json\/wp\/v2\/categories?post=152625"},{"taxonomy":"post_tag","embeddable":true,"href":"https:\/\/portalpopmais.com.br\/en\/wp-json\/wp\/v2\/tags?post=152625"}],"curies":[{"name":"wp","href":"https:\/\/api.w.org\/{rel}","templated":true}]}}