{"id":152871,"date":"2022-12-04T10:04:22","date_gmt":"2022-12-04T13:04:22","guid":{"rendered":"https:\/\/portalpopmais.com.br\/?p=152871"},"modified":"2022-12-04T10:04:28","modified_gmt":"2022-12-04T13:04:28","slug":"gabriel-jesus-deixa-o-catar","status":"publish","type":"post","link":"https:\/\/portalpopmais.com.br\/en\/gabriel-jesus-deixa-o-catar\/","title":{"rendered":"Fora da Copa, Gabriel Jesus deixa o Catar e segue para Londres"},"content":{"rendered":"<p>O jogador <strong><a href=\"https:\/\/portalpopmais.com.br\/en\/gabriel-jesus-alex-fora-da-copa\/\" data-type=\"post\" data-id=\"152793\">Gabriel Jesus<\/a><\/strong> est\u00e1 fora da Copa do Catar. Ele se lesionou durante a partida contra a sele\u00e7\u00e3o do Camar\u00f5es e n\u00e3o jogar\u00e1 mais pelo Brasil neste mundial. O atleta j\u00e1 deixou o pa\u00eds e dirigiu \u00e0 <a href=\"https:\/\/pt.wikipedia.org\/wiki\/Londres\" target=\"_blank\" rel=\"noopener\">Londres<\/a>.<\/p>\n\n\n\n<p>Em suas redes sociais, Gabriel se manifestou sobre ser cortado da sele\u00e7\u00e3o. O atacante compartilhou uma foto quando crian\u00e7a e escreveu: &#8221; <em>Se existisse uma linha do tempo e eu pudesse te ver e te falar alguma coisa, eu diria &#8216;Gabriel, voc\u00ea \u00e9 um vencedor&#8217;. Obrigado a todos que mandaram mensagens de apoio e carinho!&#8221;<\/em><\/p>\n\n\n\n<figure class=\"wp-block-embed aligncenter is-type-rich is-provider-instagram wp-block-embed-instagram\"><div class=\"wp-block-embed__wrapper\">\nhttps:\/\/www.instagram.com\/p\/CluSYmJsGJA\/\n<\/div><\/figure>\n\n\n\n<p>Alex Telles, tamb\u00e9m lesionado, \u00e9 outro nome do elenco brasileiro que n\u00e3o jogar\u00e1 mais nesta Copa. Entretanto, o jogador ficar\u00e1 em Doha at\u00e9 amanh\u00e3 (5), para assistir ao jogo das oitava de final contra a Coreia do Sul. Ele viaja no dia seguinte para Sevilla.<\/p>\n\n\n\n<figure class=\"wp-block-embed is-type-rich is-provider-twitter wp-block-embed-twitter\"><div class=\"wp-block-embed__wrapper\">\n<blockquote class=\"twitter-tweet\" data-width=\"550\" data-dnt=\"true\"><p lang=\"pt\" dir=\"ltr\">\ud83d\udea8FUTEBOL: Ap\u00f3s se lesionar e ficar fora da Copa, Gabriel Jesus j\u00e1 deixou o hotel da Sele\u00e7\u00e3o neste domingo e seguiu rumo a Londres. <a href=\"https:\/\/t.co\/MPkJPbp6EM\">pic.twitter.com\/MPkJPbp6EM<\/a><\/p>&mdash; CHOQUEI (@choquei) <a href=\"https:\/\/twitter.com\/choquei\/status\/1599377316026515457?ref_src=twsrc%5Etfw\" target=\"_blank\" rel=\"noopener\">December 4, 2022<\/a><\/blockquote><script async src=\"https:\/\/platform.twitter.com\/widgets.js\" charset=\"utf-8\"><\/script>\n<\/div><\/figure>\n\n\n\n<h2 class=\"wp-block-heading\">Desfalques<\/h2>\n\n\n\n<p>Durante a derrota para Camar\u00f5es, Gabriel Jesus foi substitu\u00eddo por Pedro e informou os m\u00e9dicos que sentia dor na regi\u00e3o do joelho. Alex Telles deixou o campo chorando ap\u00f3s sofrer les\u00e3o no joelho direito. Ele tentou voltar para o campo, mas n\u00e3o conseguiu continuar em a\u00e7\u00e3o. Na zona mista, Thiago Silva se mostrou apreensivo e informou que parecia ser s\u00e9rio o caso do lateral-esquerdo.<\/p>\n\n\n\n<p>Neymar, lesionado na primeira partida do Brasil no Catar, retornar\u00e1 \u00e0 campo nesta segunda-feira, contra a Coreia.<\/p>","protected":false},"excerpt":{"rendered":"<p>O jogador Gabriel Jesus est\u00e1 fora da Copa do Catar. Ele se lesionou durante a partida contra a sele\u00e7\u00e3o do Camar\u00f5es e n\u00e3o jogar\u00e1 mais pelo Brasil neste mundial. O atleta j\u00e1 deixou o pa\u00eds e dirigiu \u00e0 Londres. Em suas redes sociais, Gabriel se manifestou sobre ser cortado da sele\u00e7\u00e3o. O atacante compartilhou uma [&hellip;]<\/p>\n","protected":false},"author":2,"featured_media":152875,"comment_status":"closed","ping_status":"open","sticky":false,"template":"","format":"standard","meta":{"footnotes":""},"categories":[173],"tags":[13074],"class_list":["post-152871","post","type-post","status-publish","format-standard","has-post-thumbnail","hentry","category-celebridades","tag-gabriel-jesus"],"_links":{"self":[{"href":"https:\/\/portalpopmais.com.br\/en\/wp-json\/wp\/v2\/posts\/152871","targetHints":{"allow":["GET"]}}],"collection":[{"href":"https:\/\/portalpopmais.com.br\/en\/wp-json\/wp\/v2\/posts"}],"about":[{"href":"https:\/\/portalpopmais.com.br\/en\/wp-json\/wp\/v2\/types\/post"}],"author":[{"embeddable":true,"href":"https:\/\/portalpopmais.com.br\/en\/wp-json\/wp\/v2\/users\/2"}],"replies":[{"embeddable":true,"href":"https:\/\/portalpopmais.com.br\/en\/wp-json\/wp\/v2\/comments?post=152871"}],"version-history":[{"count":0,"href":"https:\/\/portalpopmais.com.br\/en\/wp-json\/wp\/v2\/posts\/152871\/revisions"}],"wp:featuredmedia":[{"embeddable":true,"href":"https:\/\/portalpopmais.com.br\/en\/wp-json\/wp\/v2\/media\/152875"}],"wp:attachment":[{"href":"https:\/\/portalpopmais.com.br\/en\/wp-json\/wp\/v2\/media?parent=152871"}],"wp:term":[{"taxonomy":"category","embeddable":true,"href":"https:\/\/portalpopmais.com.br\/en\/wp-json\/wp\/v2\/categories?post=152871"},{"taxonomy":"post_tag","embeddable":true,"href":"https:\/\/portalpopmais.com.br\/en\/wp-json\/wp\/v2\/tags?post=152871"}],"curies":[{"name":"wp","href":"https:\/\/api.w.org\/{rel}","templated":true}]}}