{"id":15318,"date":"2019-01-20T01:42:30","date_gmt":"2019-01-20T01:42:30","guid":{"rendered":"http:\/\/popmais.com.br\/?p=15318"},"modified":"2019-01-20T01:42:30","modified_gmt":"2019-01-20T01:42:30","slug":"mayra-cardi-e-arthur-aguiar-sofrem-assalto-e-bandidos-tentam-levar-sophia-a-filha-de-tres-meses","status":"publish","type":"post","link":"https:\/\/portalpopmais.com.br\/en\/mayra-cardi-e-arthur-aguiar-sofrem-assalto-e-bandidos-tentam-levar-sophia-a-filha-de-tres-meses\/","title":{"rendered":"Mayra Cardi e Arthur Aguiar sofrem assalto e bandidos tentam levar Sophia, a filha de tr\u00eas meses"},"content":{"rendered":"<p>Gente? Mayra Cardi e Arthur Aguiar soltaram uma nota oficial relatando que foram v\u00edtimas da viol\u00eancia no Rio de Janeiro. O casal informou que sofreu uma tentativa de assalto e sequestro da sua filha de apenas tr\u00eas meses.<\/p>\n<p>De acordo com a nota o carro e os celulares foram levados e os bandidos ainda tentaram levar Sophia. Confira:<\/p>\n<p><img loading=\"lazy\" decoding=\"async\" class=\"aligncenter size-full wp-image-15319\" src=\"http:\/\/popmais.com.br\/wp-content\/uploads\/2019\/01\/mayra-cardi-e-arthur-aguiar-sofrem-assalto-no-rio-bandidos-tentam-sequestrar-filha-1547863524737_v2_750x421.jpg\" alt=\"\" width=\"750\" height=\"421\" title=\"\"><\/p>\n<p><em>\u201cNesta sexta-feira, Mayra, Arthur e Sophia sofreram assalto no Rio. Cinco bandidos levaram carro e celulares. Tentaram levar a Mayra e a Sophia, mas, gra\u00e7as a Deus, isso n\u00e3o aconteceu e todos passam bem. Logo ela retornar\u00e1 ao Instagram e poder\u00e1 contar exatamente como tudo ocorreu\u201d<\/em>, diz a nota oficial.<\/p>\n<div id=\"attachment_15320\" style=\"width: 686px\" class=\"wp-caption aligncenter\"><img loading=\"lazy\" decoding=\"async\" aria-describedby=\"caption-attachment-15320\" class=\"size-full wp-image-15320\" src=\"http:\/\/popmais.com.br\/wp-content\/uploads\/2019\/01\/mayra-cardi-sophia-1-1.jpg\" alt=\"\" width=\"676\" height=\"558\" title=\"\"><p id=\"caption-attachment-15320\" class=\"wp-caption-text\">Sophia, filha do casal.<\/p><\/div>\n<p>Que horror gente!<\/p>","protected":false},"excerpt":{"rendered":"<p>Gente? Mayra Cardi e Arthur Aguiar soltaram uma nota oficial relatando que foram v\u00edtimas da viol\u00eancia no Rio de Janeiro. O casal informou que sofreu uma tentativa de assalto e sequestro da sua filha de apenas tr\u00eas meses. De acordo com a nota o carro e os celulares foram levados e os bandidos ainda tentaram [&hellip;]<\/p>\n","protected":false},"author":2,"featured_media":15321,"comment_status":"closed","ping_status":"closed","sticky":false,"template":"","format":"standard","meta":{"footnotes":""},"categories":[173],"tags":[1185,1186],"class_list":["post-15318","post","type-post","status-publish","format-standard","has-post-thumbnail","hentry","category-celebridades","tag-arthur-aguiar","tag-mayra-cardi"],"_links":{"self":[{"href":"https:\/\/portalpopmais.com.br\/en\/wp-json\/wp\/v2\/posts\/15318","targetHints":{"allow":["GET"]}}],"collection":[{"href":"https:\/\/portalpopmais.com.br\/en\/wp-json\/wp\/v2\/posts"}],"about":[{"href":"https:\/\/portalpopmais.com.br\/en\/wp-json\/wp\/v2\/types\/post"}],"author":[{"embeddable":true,"href":"https:\/\/portalpopmais.com.br\/en\/wp-json\/wp\/v2\/users\/2"}],"replies":[{"embeddable":true,"href":"https:\/\/portalpopmais.com.br\/en\/wp-json\/wp\/v2\/comments?post=15318"}],"version-history":[{"count":0,"href":"https:\/\/portalpopmais.com.br\/en\/wp-json\/wp\/v2\/posts\/15318\/revisions"}],"wp:featuredmedia":[{"embeddable":true,"href":"https:\/\/portalpopmais.com.br\/en\/wp-json\/"}],"wp:attachment":[{"href":"https:\/\/portalpopmais.com.br\/en\/wp-json\/wp\/v2\/media?parent=15318"}],"wp:term":[{"taxonomy":"category","embeddable":true,"href":"https:\/\/portalpopmais.com.br\/en\/wp-json\/wp\/v2\/categories?post=15318"},{"taxonomy":"post_tag","embeddable":true,"href":"https:\/\/portalpopmais.com.br\/en\/wp-json\/wp\/v2\/tags?post=15318"}],"curies":[{"name":"wp","href":"https:\/\/api.w.org\/{rel}","templated":true}]}}