{"id":153533,"date":"2022-12-09T00:00:00","date_gmt":"2022-12-09T03:00:00","guid":{"rendered":"https:\/\/portalpopmais.com.br\/?p=153533"},"modified":"2022-12-08T13:10:00","modified_gmt":"2022-12-08T16:10:00","slug":"ultimo-ato-de-gal-costa-ao-lado-marina-sena","status":"publish","type":"post","link":"https:\/\/portalpopmais.com.br\/en\/ultimo-ato-de-gal-costa-ao-lado-marina-sena\/","title":{"rendered":"&#8220;Para Lennon e McCartney&#8221;: \u00faltimo ato de Gal Costa no est\u00fadio ao lado de Marina Sena"},"content":{"rendered":"<p><strong><a href=\"https:\/\/portalpopmais.com.br\/en\/velorio-gal-costa\/\" data-type=\"post\" data-id=\"149318\">Gal Costa<\/a> <\/strong>deixou saudades! Considera um dos maiores nomes da hist\u00f3ria da m\u00fasica mundial, a cantora deixou seu \u00faltimo ato ao lado de <strong><a href=\"https:\/\/portalpopmais.com.br\/en\/se-eu-nao-lembrar-bk-marina-sena\/\" data-type=\"post\" data-id=\"150148\">Marina Sena<\/a><\/strong>, uma das principais promessas do cancioneiro contempor\u00e2neo brasileiro e juntas cantam <strong>&#8220;Para Lennon e McCartney&#8221;<\/strong><\/p>\n\n\n\n<p>A nova vers\u00e3o produzida por Guilherme Kastrup, faz parte projeto M\u00fasica Conecta, que anuncia um \u00e1lbum da Biscoito Fino com lan\u00e7amento previsto para o pr\u00f3ximo ano. Um mini doc dirigido por Safira Moreira com o registro deste encontro acompanha o lan\u00e7amento. <\/p>\n\n\n\n<p>Gal Costa sempre foi a maior de todas as divas para Marina Sena. O encontro de ambas foi um presente, um sonho realizado pela norte-mineira que arrebatou o Brasil com seu \u00e1lbum de estreia, \u201cDe primeira\u201d. \u201cNo momento que eu pude realmente ser artista foi quando me conectei com a obra de Gal. Foi uma virada de chave na minha cabe\u00e7a, um refinamento da arte mais pura\u201d, lembra a cantora. \u201c N\u00e3o tem nada que eu me inspire mais do que no comportamento de Gal Costa. O jeito dela no palco e na frente das c\u00e2meras t\u00eam conex\u00e3o direta com meu desabrochar\u201d, acredita.\u00a0<\/p>\n\n\n\n<p>Gal e Marina nasceram no mesmo 26 de setembro. \u201cQuando descobri isso tive a certeza que temos conex\u00f5es de outras vidas\u201d, disse Marina. \u201cEu acredito. E a gente nasceu para ter poder e conseguir transformar as coisas\u201d, rebateu Gal. \u201cMeu prop\u00f3sito sempre foi ser cantora como\u00a0se eu soubesse que eu iria ser. Toda essa trajet\u00f3ria foi de alegria e de sofrimento, mas eu acho que sou uma pessoa de sorte. O universo realmente me protege e sou muito agradecida por isso\u201d, afirma a tropicalista que nos deixou no \u00faltimo 9 de novembro.\u00a0<\/p>\n\n\n\n<p><strong>Assista: <\/strong><\/p>\n\n\n\n<figure class=\"wp-block-embed is-type-video is-provider-youtube wp-block-embed-youtube wp-embed-aspect-16-9 wp-has-aspect-ratio\"><div class=\"wp-block-embed__wrapper\">\n<iframe loading=\"lazy\" title=\"DEVASSA e M\u00fasica Conecta \u2013 &quot;Para Lennon e McCartney&quot; de Gal Costa e Marina Sena\" width=\"880\" height=\"495\" src=\"https:\/\/www.youtube.com\/embed\/dex1AK6_MJk?feature=oembed\" frameborder=\"0\" allow=\"accelerometer; autoplay; clipboard-write; encrypted-media; gyroscope; picture-in-picture; web-share\" referrerpolicy=\"strict-origin-when-cross-origin\" allowfullscreen><\/iframe>\n<\/div><\/figure>","protected":false},"excerpt":{"rendered":"<p>Gal Costa deixou saudades! Considera um dos maiores nomes da hist\u00f3ria da m\u00fasica mundial, a cantora deixou seu \u00faltimo ato ao lado de Marina Sena, uma das principais promessas do cancioneiro contempor\u00e2neo brasileiro e juntas cantam &#8220;Para Lennon e McCartney&#8221; A nova vers\u00e3o produzida por Guilherme Kastrup, faz parte projeto M\u00fasica Conecta, que anuncia um [&hellip;]<\/p>\n","protected":false},"author":2,"featured_media":153537,"comment_status":"closed","ping_status":"open","sticky":false,"template":"","format":"standard","meta":{"footnotes":""},"categories":[154],"tags":[10447,10126],"class_list":["post-153533","post","type-post","status-publish","format-standard","has-post-thumbnail","hentry","category-musica","tag-gal-costa","tag-marina-sena"],"_links":{"self":[{"href":"https:\/\/portalpopmais.com.br\/en\/wp-json\/wp\/v2\/posts\/153533","targetHints":{"allow":["GET"]}}],"collection":[{"href":"https:\/\/portalpopmais.com.br\/en\/wp-json\/wp\/v2\/posts"}],"about":[{"href":"https:\/\/portalpopmais.com.br\/en\/wp-json\/wp\/v2\/types\/post"}],"author":[{"embeddable":true,"href":"https:\/\/portalpopmais.com.br\/en\/wp-json\/wp\/v2\/users\/2"}],"replies":[{"embeddable":true,"href":"https:\/\/portalpopmais.com.br\/en\/wp-json\/wp\/v2\/comments?post=153533"}],"version-history":[{"count":0,"href":"https:\/\/portalpopmais.com.br\/en\/wp-json\/wp\/v2\/posts\/153533\/revisions"}],"wp:featuredmedia":[{"embeddable":true,"href":"https:\/\/portalpopmais.com.br\/en\/wp-json\/wp\/v2\/media\/153537"}],"wp:attachment":[{"href":"https:\/\/portalpopmais.com.br\/en\/wp-json\/wp\/v2\/media?parent=153533"}],"wp:term":[{"taxonomy":"category","embeddable":true,"href":"https:\/\/portalpopmais.com.br\/en\/wp-json\/wp\/v2\/categories?post=153533"},{"taxonomy":"post_tag","embeddable":true,"href":"https:\/\/portalpopmais.com.br\/en\/wp-json\/wp\/v2\/tags?post=153533"}],"curies":[{"name":"wp","href":"https:\/\/api.w.org\/{rel}","templated":true}]}}