{"id":153894,"date":"2022-12-09T23:54:53","date_gmt":"2022-12-10T02:54:53","guid":{"rendered":"https:\/\/portalpopmais.com.br\/?p=153894"},"modified":"2022-12-09T23:55:52","modified_gmt":"2022-12-10T02:55:52","slug":"jornalista-grant-wahl-morre-repentinamente-durante-jogo-na-copa-do-catar-apos-usar-camisa-com-cores-arco-iris","status":"publish","type":"post","link":"https:\/\/portalpopmais.com.br\/en\/jornalista-grant-wahl-morre-repentinamente-durante-jogo-na-copa-do-catar-apos-usar-camisa-com-cores-arco-iris\/","title":{"rendered":"Jornalista morre repentinamente durante jogo na Copa do Catar ap\u00f3s usar camisa com cores arco-\u00edris"},"content":{"rendered":"<p class=\"wp-block-paragraph\">O jornalista estadunidense <strong><a href=\"http:\/\/Portalpopmais.com.br\" target=\"_blank\" rel=\"noopener\">Grant Wahl<\/a><\/strong> morreu no Catar enquanto cobria a Copa do Mundo, aos 48 anos. A informa\u00e7\u00e3o foi confirmada por seu irm\u00e3o via <a href=\"http:\/\/Instagram.com\/portalpopmais\" target=\"_blank\" rel=\"noopener\">redes sociais<\/a>. <\/p>\n\n\n\n<p class=\"wp-block-paragraph\">Ele faleceu enquanto cobria a vit\u00f3ria da Argentina nas quartas de final sobre a Holanda nesta sexta-feira (9).<\/p>\n\n\n\n<p class=\"wp-block-paragraph\">Segundo seu irm\u00e3o, Eric, Wahl desmaiou no Lusail Iconic Stadium e foi levado \u00e0s pressas para um hospital pr\u00f3ximo, mas faleceu. N\u00e3o est\u00e1 claro se ele morreu no hospital ou no transporte. <\/p>\n\n\n\n<p class=\"wp-block-paragraph\">Eric, acredita que pode ter havido jogo sujo ou neglig\u00eancia, isso porque, antes da partida, o jornalista chegou a ser detido por cerca de 30 minutos, ap\u00f3s usar uma camisa com as cores do arco-\u00edris, em protesto contra o preconceito com a comunidade LGBTQIAP+ no pa\u00eds. Ele foi liberado para entrar no est\u00e1dio ap\u00f3s um tempo.<\/p>\n\n\n\n<p class=\"wp-block-paragraph\"> \u201cMeu nome \u00e9 Eric Wahl. Eu moro em Seattle, Washington. Eu sou o irm\u00e3o de Grant Wahl. Eu sou gay\u201d, disse ele em um v\u00eddeo postado em sua conta no Instagram. <\/p>\n\n\n\n<p class=\"wp-block-paragraph\">&#8220;Eu sou a raz\u00e3o pela qual ele vestiu a camisa do arco-\u00edris na Copa do Mundo. Meu irm\u00e3o era saud\u00e1vel. Ele me disse que recebeu amea\u00e7as de morte. N\u00e3o acredito que meu irm\u00e3o acabou de morrer. Eu acredito que ele foi morto. E eu apenas imploro por qualquer ajuda.\u201d <\/p>\n\n\n\n<p class=\"wp-block-paragraph\">Wahl era casado com C\u00e9line R. Gounder, uma m\u00e9dica americana de doen\u00e7as infecciosas que atuou na equipe de transi\u00e7\u00e3o do Conselho Consultivo COVID-19 do presidente Joe Biden. <\/p>\n\n\n\n<p class=\"wp-block-paragraph\">\u201cAinda estamos tentando descobrir\u201d, continuou Eric. \u201cEle desmaiou no est\u00e1dio, recebeu RCP, foi levado pelo Uber para o hospital e morreu de acordo com Celine. Acabamos de falar com o departamento de estado e Celine falou com Ron Klain e a Casa Branca\u201d.<\/p>\n\n\n\n<figure class=\"wp-block-embed is-type-rich is-provider-twitter wp-block-embed-twitter\"><div class=\"wp-block-embed__wrapper\">\n<blockquote class=\"twitter-tweet\" data-width=\"550\" data-dnt=\"true\"><p lang=\"pt\" dir=\"ltr\">\ud83d\udea8AGORA: Grant Wahl, que se tornou conhecido depois de ser detido por usar uma camiseta de arco-\u00edris na Copa do Mundo no Catar, morreu inesperadamente esta noite.<br><br>&quot;N\u00e3o acredito que meu irm\u00e3o acabou de morrer. Acredito que ele foi morto&quot;, diz seu irm\u00e3o em um v\u00eddeo. <a href=\"https:\/\/t.co\/grQQSgckLd\">pic.twitter.com\/grQQSgckLd<\/a><\/p>&mdash; CHOQUEI (@choquei) <a href=\"https:\/\/twitter.com\/choquei\/status\/1601405592597278721?ref_src=twsrc%5Etfw\" target=\"_blank\" rel=\"noopener\">December 10, 2022<\/a><\/blockquote><script async src=\"https:\/\/platform.twitter.com\/widgets.js\" charset=\"utf-8\"><\/script>\n<\/div><figcaption class=\"wp-element-caption\">Hl<\/figcaption><\/figure>","protected":false},"excerpt":{"rendered":"<p>O jornalista estadunidense Grant Wahl morreu no Catar enquanto cobria a Copa do Mundo, aos 48 anos. A informa\u00e7\u00e3o foi confirmada por seu irm\u00e3o via redes sociais. Ele faleceu enquanto cobria a vit\u00f3ria da Argentina nas quartas de final sobre a Holanda nesta sexta-feira (9). Segundo seu irm\u00e3o, Eric, Wahl desmaiou no Lusail Iconic Stadium [&hellip;]<\/p>\n","protected":false},"author":2,"featured_media":153897,"comment_status":"closed","ping_status":"open","sticky":false,"template":"","format":"standard","meta":{"footnotes":""},"categories":[1],"tags":[12751],"class_list":["post-153894","post","type-post","status-publish","format-standard","has-post-thumbnail","hentry","category-fire2","tag-copa-do-catar"],"_links":{"self":[{"href":"https:\/\/portalpopmais.com.br\/en\/wp-json\/wp\/v2\/posts\/153894","targetHints":{"allow":["GET"]}}],"collection":[{"href":"https:\/\/portalpopmais.com.br\/en\/wp-json\/wp\/v2\/posts"}],"about":[{"href":"https:\/\/portalpopmais.com.br\/en\/wp-json\/wp\/v2\/types\/post"}],"author":[{"embeddable":true,"href":"https:\/\/portalpopmais.com.br\/en\/wp-json\/wp\/v2\/users\/2"}],"replies":[{"embeddable":true,"href":"https:\/\/portalpopmais.com.br\/en\/wp-json\/wp\/v2\/comments?post=153894"}],"version-history":[{"count":0,"href":"https:\/\/portalpopmais.com.br\/en\/wp-json\/wp\/v2\/posts\/153894\/revisions"}],"wp:featuredmedia":[{"embeddable":true,"href":"https:\/\/portalpopmais.com.br\/en\/wp-json\/wp\/v2\/media\/153897"}],"wp:attachment":[{"href":"https:\/\/portalpopmais.com.br\/en\/wp-json\/wp\/v2\/media?parent=153894"}],"wp:term":[{"taxonomy":"category","embeddable":true,"href":"https:\/\/portalpopmais.com.br\/en\/wp-json\/wp\/v2\/categories?post=153894"},{"taxonomy":"post_tag","embeddable":true,"href":"https:\/\/portalpopmais.com.br\/en\/wp-json\/wp\/v2\/tags?post=153894"}],"curies":[{"name":"wp","href":"https:\/\/api.w.org\/{rel}","templated":true}]}}