{"id":153914,"date":"2022-12-10T07:30:00","date_gmt":"2022-12-10T10:30:00","guid":{"rendered":"https:\/\/portalpopmais.com.br\/?p=153914"},"modified":"2022-12-10T01:14:30","modified_gmt":"2022-12-10T04:14:30","slug":"cnn-brasil-muda-grade-fim-semana","status":"publish","type":"post","link":"https:\/\/portalpopmais.com.br\/en\/cnn-brasil-muda-grade-fim-semana\/","title":{"rendered":"CNN Brasil muda grade de fim de semana; decis\u00e3o visa conter gastos"},"content":{"rendered":"<p class=\"wp-block-paragraph\">A <a href=\"https:\/\/portalpopmais.com.br\/en\/cnn-brasil-promete-mais-demissoes-carol-tv\/\" data-type=\"post\" data-id=\"153445\">CNN Brasil<\/a> mais uma vez promove mudan\u00e7as em sua programa\u00e7\u00e3o, dessa vez na grade de fim de semana. A emissora bateu o martelo e vai p\u00f4r edi\u00e7\u00f5es especiais de seus jornal\u00edsticos nos s\u00e1bados e domingos.<\/p>\n\n\n\n<p class=\"wp-block-paragraph\">Com isso, a emissora imp\u00f5e um fim ao \u201cCNN S\u00e1bado\u201d e \u201cCNN Domingo\u201d em tr\u00eas edi\u00e7\u00f5es ao longo do dia entre a programa\u00e7\u00e3o soft da CNN. Os jornal\u00edsticos foram criados ainda na crise sanit\u00e1ria global depois de \u201cBreaking News\u201d de s\u00e1bado e domingo.<\/p>\n\n\n\n<p class=\"wp-block-paragraph\">O \u201c<a href=\"https:\/\/portalpopmais.com.br\/en\/cnn-reformula-programacao-jornais-ar\/\" data-type=\"post\" data-id=\"152625\">Jornal da CNN<\/a>\u201d, notici\u00e1rio extinto da grade que pertencia a <a href=\"https:\/\/portalpopmais.com.br\/en\/monalisa-perrone-demissao-cnn-brasil\/\" data-type=\"post\" data-id=\"152461\">Monalisa Perrone<\/a>, tinha edi\u00e7\u00f5es de segunda \u00e0 s\u00e1bado. Os demais iam ao ar somente durante a semana.<\/p>\n\n\n\n\n\n<p class=\"wp-block-paragraph\">A partir deste s\u00e1bado (10), o \u201cLive CNN\u201d ter\u00e1 edi\u00e7\u00f5es nos fins de semana, assim como o \u201cVis\u00e3o CNN\u201d, o \u201cCNN 360\u201d e o \u201cCNN Primetime\u201d. Os titulares dos respectivos programas ir\u00e3o se revezar na condu\u00e7\u00e3o dos jornais, junto de rep\u00f3rteres que cobrem f\u00e9rias e folgas dos apresentadores em dias normais.<\/p>\n\n\n\n<p class=\"wp-block-paragraph\">A decis\u00e3o da c\u00fapula do canal de Rubens Menin vem para conten\u00e7\u00e3o de gastos que o canal vem tendo. A explica\u00e7\u00e3o \u00e9 como a emissora vinha atuando em dias considerados de pautas mais \u2018frias\u2019, com entrevistas gravadas e apresentadores na reda\u00e7\u00e3o esperando um fato de \u00faltima hora at\u00e9 o in\u00edcio do pr\u00f3ximo jornal.<\/p>\n\n\n\n<p class=\"wp-block-paragraph\">Momentaneamente, as mudan\u00e7as na extin\u00e7\u00e3o e mudan\u00e7a de seus notici\u00e1rios na programa\u00e7\u00e3o da <a href=\"https:\/\/twitter.com\/sitepopmais\" data-type=\"URL\" data-id=\"https:\/\/twitter.com\/sitepopmais\" target=\"_blank\" rel=\"noopener\">CNN<\/a> ainda n\u00e3o ser\u00e3o em definitivo. A decis\u00e3o final de uma grade ser\u00e1 estabelecida apenas ano que vem. O que alterna no momento faz parte da \u2018grade de transi\u00e7\u00e3o\u2019.<\/p>","protected":false},"excerpt":{"rendered":"<p>A CNN Brasil mais uma vez promove mudan\u00e7as em sua programa\u00e7\u00e3o, dessa vez na grade de fim de semana. A emissora bateu o martelo e vai p\u00f4r edi\u00e7\u00f5es especiais de seus jornal\u00edsticos nos s\u00e1bados e domingos. Com isso, a emissora imp\u00f5e um fim ao \u201cCNN S\u00e1bado\u201d e \u201cCNN Domingo\u201d em tr\u00eas edi\u00e7\u00f5es ao longo do [&hellip;]<\/p>\n","protected":false},"author":2,"featured_media":144427,"comment_status":"closed","ping_status":"open","sticky":false,"template":"","format":"standard","meta":{"footnotes":""},"categories":[181],"tags":[1106],"class_list":["post-153914","post","type-post","status-publish","format-standard","has-post-thumbnail","hentry","category-televisao","tag-cnn-brasil"],"_links":{"self":[{"href":"https:\/\/portalpopmais.com.br\/en\/wp-json\/wp\/v2\/posts\/153914","targetHints":{"allow":["GET"]}}],"collection":[{"href":"https:\/\/portalpopmais.com.br\/en\/wp-json\/wp\/v2\/posts"}],"about":[{"href":"https:\/\/portalpopmais.com.br\/en\/wp-json\/wp\/v2\/types\/post"}],"author":[{"embeddable":true,"href":"https:\/\/portalpopmais.com.br\/en\/wp-json\/wp\/v2\/users\/2"}],"replies":[{"embeddable":true,"href":"https:\/\/portalpopmais.com.br\/en\/wp-json\/wp\/v2\/comments?post=153914"}],"version-history":[{"count":0,"href":"https:\/\/portalpopmais.com.br\/en\/wp-json\/wp\/v2\/posts\/153914\/revisions"}],"wp:featuredmedia":[{"embeddable":true,"href":"https:\/\/portalpopmais.com.br\/en\/wp-json\/wp\/v2\/media\/144427"}],"wp:attachment":[{"href":"https:\/\/portalpopmais.com.br\/en\/wp-json\/wp\/v2\/media?parent=153914"}],"wp:term":[{"taxonomy":"category","embeddable":true,"href":"https:\/\/portalpopmais.com.br\/en\/wp-json\/wp\/v2\/categories?post=153914"},{"taxonomy":"post_tag","embeddable":true,"href":"https:\/\/portalpopmais.com.br\/en\/wp-json\/wp\/v2\/tags?post=153914"}],"curies":[{"name":"wp","href":"https:\/\/api.w.org\/{rel}","templated":true}]}}