{"id":154392,"date":"2022-12-14T08:15:00","date_gmt":"2022-12-14T11:15:00","guid":{"rendered":"https:\/\/portalpopmais.com.br\/?p=154392"},"modified":"2022-12-14T08:33:38","modified_gmt":"2022-12-14T11:33:38","slug":"maju-poliana-encerrar-fantastico-2023","status":"publish","type":"post","link":"https:\/\/portalpopmais.com.br\/en\/maju-poliana-encerrar-fantastico-2023\/","title":{"rendered":"J\u00e1? Parceria entre Maju e Poliana pode se encerrar e \u201cFant\u00e1stico\u201d ter\u00e1 mudan\u00e7as"},"content":{"rendered":"<p>A dupla Maju Coutinho e Poliana Abritta poder\u00e3o se separar a partir do pr\u00f3ximo ano. Segundo o jornalista Fl\u00e1vio Ricco do portal <a href=\"https:\/\/r7.com\" target=\"_blank\" rel=\"noopener\">R7<\/a>, as informa\u00e7\u00f5es s\u00e3o de que o &#8220;Fant\u00e1stico&#8221; passe por mudan\u00e7as logo que o ano virar.<\/p>\n\n\n\n<p>Al\u00e9m da chegada de novos apresentadores, uma reformula\u00e7\u00e3o em seu visual e sua linha editorial est\u00e3o previstos, e todas as mudan\u00e7as entrar\u00e3o em vigor ap\u00f3s o Carnaval de 2023. Toda a mudan\u00e7a est\u00e1 em estudo pela c\u00fapula do canal.<\/p>\n\n\n\n<p>Em per\u00edodo \u2018frio\u2019 com a aus\u00eancia de jogos de peso dos domingos, o programa vira a atra\u00e7\u00e3o mais vista do dia. Neste ano, <a href=\"https:\/\/portalpopmais.com.br\/en\/fantastico-aumenta-ibope-37-veja-numeros\/\" data-type=\"URL\" data-id=\"https:\/\/portalpopmais.com.br\/fantastico-aumenta-ibope-37-veja-numeros\/\">ultrapassou os 20 pontos na cobertura das elei\u00e7\u00f5es<\/a>. Na edi\u00e7\u00e3o de 2 de outubro, teve seu melhor desempenho em anos.<\/p>\n\n\n\n<p>Em agosto de 2019, Maria J\u00falia Coutinho estreou na apresenta\u00e7\u00e3o da revista eletr\u00f4nica como folguista, e em novembro de 2021, assumiu a titularidade ao lado de Poliana. Sua colega chegou ao principal produto do hor\u00e1rio nobre de domingo em novembro de 2014, tendo a companhia de Tadeu Schmidt, atual apresentador do \u201cBig Brother Brasil\u201d.<\/p>\n\n\n\n<p>At\u00e9 o momento, nenhum nome est\u00e1 cotado para assumir a titularidade do \u201c<a href=\"https:\/\/portalpopmais.com.br\/en\/raul-gil-programa-ibope-corujao-globo\/\" data-type=\"post\" data-id=\"154237\">Fant\u00e1stico<\/a>\u201d.<\/p>","protected":false},"excerpt":{"rendered":"<p>A dupla Maju Coutinho e Poliana Abritta poder\u00e3o se separar a partir do pr\u00f3ximo ano. Segundo o jornalista Fl\u00e1vio Ricco do portal R7, as informa\u00e7\u00f5es s\u00e3o de que o &#8220;Fant\u00e1stico&#8221; passe por mudan\u00e7as logo que o ano virar. Al\u00e9m da chegada de novos apresentadores, uma reformula\u00e7\u00e3o em seu visual e sua linha editorial est\u00e3o previstos, [&hellip;]<\/p>\n","protected":false},"author":2,"featured_media":154397,"comment_status":"closed","ping_status":"open","sticky":false,"template":"","format":"standard","meta":{"footnotes":""},"categories":[181],"tags":[1193,180,2300],"class_list":["post-154392","post","type-post","status-publish","format-standard","has-post-thumbnail","hentry","category-televisao","tag-fantastico","tag-globo","tag-maju-coutinho"],"_links":{"self":[{"href":"https:\/\/portalpopmais.com.br\/en\/wp-json\/wp\/v2\/posts\/154392","targetHints":{"allow":["GET"]}}],"collection":[{"href":"https:\/\/portalpopmais.com.br\/en\/wp-json\/wp\/v2\/posts"}],"about":[{"href":"https:\/\/portalpopmais.com.br\/en\/wp-json\/wp\/v2\/types\/post"}],"author":[{"embeddable":true,"href":"https:\/\/portalpopmais.com.br\/en\/wp-json\/wp\/v2\/users\/2"}],"replies":[{"embeddable":true,"href":"https:\/\/portalpopmais.com.br\/en\/wp-json\/wp\/v2\/comments?post=154392"}],"version-history":[{"count":0,"href":"https:\/\/portalpopmais.com.br\/en\/wp-json\/wp\/v2\/posts\/154392\/revisions"}],"wp:featuredmedia":[{"embeddable":true,"href":"https:\/\/portalpopmais.com.br\/en\/wp-json\/wp\/v2\/media\/154397"}],"wp:attachment":[{"href":"https:\/\/portalpopmais.com.br\/en\/wp-json\/wp\/v2\/media?parent=154392"}],"wp:term":[{"taxonomy":"category","embeddable":true,"href":"https:\/\/portalpopmais.com.br\/en\/wp-json\/wp\/v2\/categories?post=154392"},{"taxonomy":"post_tag","embeddable":true,"href":"https:\/\/portalpopmais.com.br\/en\/wp-json\/wp\/v2\/tags?post=154392"}],"curies":[{"name":"wp","href":"https:\/\/api.w.org\/{rel}","templated":true}]}}