{"id":154470,"date":"2022-12-14T10:59:13","date_gmt":"2022-12-14T13:59:13","guid":{"rendered":"https:\/\/portalpopmais.com.br\/?p=154470"},"modified":"2022-12-14T10:59:18","modified_gmt":"2022-12-14T13:59:18","slug":"eduardo-costa-pronuncia-boatos-gay","status":"publish","type":"post","link":"https:\/\/portalpopmais.com.br\/en\/eduardo-costa-pronuncia-boatos-gay\/","title":{"rendered":"Eduardo Costa se pronuncia sobre boatos de ser gay: &#8220;Pegador&#8221;"},"content":{"rendered":"<p class=\"wp-block-paragraph\">Na \u00faltima ter\u00e7a-feira, o cantor <strong><a href=\"https:\/\/portalpopmais.com.br\/en\/eduardo-costa-tem-rosto-desfigurado-apos-queda-de-aviao\/\" data-type=\"post\" data-id=\"134658\">Eduardo Costa<\/a><\/strong> esclareceu uma fala pol\u00eamica que soltou h\u00e1 alguns meses, Na ocasi\u00e3o ele disse se considerar \u201csemi-gay\u201d ap\u00f3s afirmar que \u201c<a href=\"https:\/\/portalpopmais.com.br\/en\/eduardo-costa-sobre-sexo-com-homens\/\" data-type=\"post\" data-id=\"141137\">faz tudo o que um viado faz, menos sexo anal<\/a>\u201d. Em participa\u00e7\u00e3o no TV Fama, exibido na RedeTV!, o sertanejo se pronunciou sobre o que quis dizer.<\/p>\n\n\n\n<p class=\"wp-block-paragraph\"><em>\u201cSempre fui um cara que as pessoas chamam de pegador, de gay foi a primeira vez. Eu sou um cara que \u00e9 muito organizado, tudo muito ajeitado, e os gays s\u00e3o muito organizados\u201d, <\/em>afirmou.<\/p>\n\n\n\n<p class=\"wp-block-paragraph\">Em seguida, o artista revelou ao p\u00fablico um dos seus maiores hobbies.<em> \u201cEu sou aquele cara que gosta de comprar roupa de cama, de comprar panela, de decorar a casa. Eu estou fazendo uma reforma em casa, eu que compro piso, panela, eu tenho uma p\u00e1gina s\u00f3 de decora\u00e7\u00e3o em casa. Eu sou apaixonado por arquitetura\u201d, <\/em>complementou.<\/p>\n\n\n\n<h2 class=\"wp-block-heading\">Semi-gay<\/h2>\n\n\n\n<p class=\"wp-block-paragraph\">Durante entrevista para  o programa \u201cConceito Sertanejo\u201c, <a href=\"https:\/\/www.instagram.com\/eduardocosta\/?hl=pt-br\" target=\"_blank\" rel=\"noopener\">Eduardo Costa<\/a> se considerou \u201csemi-gay\u201d por sua extrema organiza\u00e7\u00e3o. <em>\u201cEu sou um semi-gay, eu fa\u00e7o tudo que um viad* faz, s\u00f3 n\u00e3o dou o c. Voc\u00ea quer gente mais organizado que o viad? O viad*, o gay, os homossexuais, eles est\u00e3o entre os homens e as mulheres, eles caminham entre eles com muita facilidade\u201d, <\/em>afirmou.<\/p>\n\n\n\n<p class=\"wp-block-paragraph\">Apesar das falas, o sertanejo j\u00e1 tinha admitido que n\u00e3o sente desejo em dormir com homens. <em>\u201cNenhuma vez, gra\u00e7as a Deus. Nunca transei e planejo continuar sem transar\u201d. Costa ainda se perguntou se \u00e9 poss\u00edvel as pessoas o verem como gay. \u201cVoc\u00ea consegue imaginar o Eduardo Costa gay? Eu ia ser uma \u2018gayzona\u2019 mesmo\u201d, <\/em>disse.<\/p>","protected":false},"excerpt":{"rendered":"<p>Na \u00faltima ter\u00e7a-feira, o cantor Eduardo Costa esclareceu uma fala pol\u00eamica que soltou h\u00e1 alguns meses, Na ocasi\u00e3o ele disse se considerar \u201csemi-gay\u201d ap\u00f3s afirmar que \u201cfaz tudo o que um viado faz, menos sexo anal\u201d. Em participa\u00e7\u00e3o no TV Fama, exibido na RedeTV!, o sertanejo se pronunciou sobre o que quis dizer. \u201cSempre fui [&hellip;]<\/p>\n","protected":false},"author":2,"featured_media":78174,"comment_status":"closed","ping_status":"open","sticky":false,"template":"","format":"standard","meta":{"footnotes":""},"categories":[173,154],"tags":[790],"class_list":["post-154470","post","type-post","status-publish","format-standard","has-post-thumbnail","hentry","category-celebridades","category-musica","tag-eduardo-costa"],"_links":{"self":[{"href":"https:\/\/portalpopmais.com.br\/en\/wp-json\/wp\/v2\/posts\/154470","targetHints":{"allow":["GET"]}}],"collection":[{"href":"https:\/\/portalpopmais.com.br\/en\/wp-json\/wp\/v2\/posts"}],"about":[{"href":"https:\/\/portalpopmais.com.br\/en\/wp-json\/wp\/v2\/types\/post"}],"author":[{"embeddable":true,"href":"https:\/\/portalpopmais.com.br\/en\/wp-json\/wp\/v2\/users\/2"}],"replies":[{"embeddable":true,"href":"https:\/\/portalpopmais.com.br\/en\/wp-json\/wp\/v2\/comments?post=154470"}],"version-history":[{"count":0,"href":"https:\/\/portalpopmais.com.br\/en\/wp-json\/wp\/v2\/posts\/154470\/revisions"}],"wp:featuredmedia":[{"embeddable":true,"href":"https:\/\/portalpopmais.com.br\/en\/wp-json\/wp\/v2\/media\/78174"}],"wp:attachment":[{"href":"https:\/\/portalpopmais.com.br\/en\/wp-json\/wp\/v2\/media?parent=154470"}],"wp:term":[{"taxonomy":"category","embeddable":true,"href":"https:\/\/portalpopmais.com.br\/en\/wp-json\/wp\/v2\/categories?post=154470"},{"taxonomy":"post_tag","embeddable":true,"href":"https:\/\/portalpopmais.com.br\/en\/wp-json\/wp\/v2\/tags?post=154470"}],"curies":[{"name":"wp","href":"https:\/\/api.w.org\/{rel}","templated":true}]}}