{"id":154576,"date":"2022-12-15T09:00:00","date_gmt":"2022-12-15T12:00:00","guid":{"rendered":"https:\/\/portalpopmais.com.br\/?p=154576"},"modified":"2022-12-15T00:56:52","modified_gmt":"2022-12-15T03:56:52","slug":"serie-star-o-rei-tv-segunda-temporada-2023","status":"publish","type":"post","link":"https:\/\/portalpopmais.com.br\/en\/serie-star-o-rei-tv-segunda-temporada-2023\/","title":{"rendered":"S\u00e9rie do Star+ \u201cO Rei da TV\u201d ganha sua segunda temporada; saiba detalhes"},"content":{"rendered":"<p class=\"wp-block-paragraph\">A s\u00e9rie biogr\u00e1fica do <a href=\"https:\/\/instagram.com\/portalpopmais\" target=\"_blank\" rel=\"noopener\"><strong>Star+<\/strong><\/a> sobre a vida do comunicador <strong><a href=\"https:\/\/portalpopmais.com.br\/en\/sbt-concessao-bolsonaro-silvio\/\" data-type=\"post\" data-id=\"154387\">Silvio Santos<\/a><\/strong> ganha sua segunda temporada, apesar das cr\u00edticas sofridas pelo p\u00fablico e \u2018rejei\u00e7\u00e3o\u2019 do pr\u00f3prio homenageado. A plataforma confirmou a not\u00edcia em suas redes sociais.<\/p>\n\n\n\n<p class=\"wp-block-paragraph\">A primeira leva de epis\u00f3dios chegou aos assinantes em outubro, e Silvio falou sobre a produ\u00e7\u00e3o da Star+: \u201cN\u00e3o \u00e9 boa nem \u00e9 ruim. \u00c9 meio piada. Foi mal feita, n\u00e3o foi bem feita, podiam fazer melhor. N\u00e3o lembro dos atores da s\u00e9rie, mas foi muito mal feita, podia ter sido mais bem feita\u201d.<\/p>\n\n\n\n<p class=\"wp-block-paragraph\">Os oito cap\u00edtulos iniciais aborda a vida do empres\u00e1rio como vendedor ambulante at\u00e9 ter seu pr\u00f3prio canal de televis\u00e3o. Na pr\u00f3xima temporada, a aposta \u00e9 tratar da candidatura do \u2018homem do ba\u00fa\u2019 \u00e0 presid\u00eancia da rep\u00fablica, al\u00e9m de um problema nas cordas vocais dele que o afastou das telas na \u00e9poca.<\/p>\n\n\n\n<figure class=\"wp-block-embed is-type-rich is-provider-instagram wp-block-embed-instagram\"><div class=\"wp-block-embed__wrapper\">\nhttps:\/\/www.instagram.com\/reel\/CmEuisbtJmO\/?utm_source=ig_embed&#038;ig_rid=b570ddb6-160d-45f1-8c14-467f49835bbd\n<\/div><\/figure>","protected":false},"excerpt":{"rendered":"<p>A s\u00e9rie biogr\u00e1fica do Star+ sobre a vida do comunicador Silvio Santos ganha sua segunda temporada, apesar das cr\u00edticas sofridas pelo p\u00fablico e \u2018rejei\u00e7\u00e3o\u2019 do pr\u00f3prio homenageado. A plataforma confirmou a not\u00edcia em suas redes sociais. A primeira leva de epis\u00f3dios chegou aos assinantes em outubro, e Silvio falou sobre a produ\u00e7\u00e3o da Star+: \u201cN\u00e3o [&hellip;]<\/p>\n","protected":false},"author":2,"featured_media":154578,"comment_status":"closed","ping_status":"open","sticky":false,"template":"","format":"standard","meta":{"footnotes":""},"categories":[174,181],"tags":[657],"class_list":["post-154576","post","type-post","status-publish","format-standard","has-post-thumbnail","hentry","category-filmes-series","category-televisao","tag-silvio-santos"],"_links":{"self":[{"href":"https:\/\/portalpopmais.com.br\/en\/wp-json\/wp\/v2\/posts\/154576","targetHints":{"allow":["GET"]}}],"collection":[{"href":"https:\/\/portalpopmais.com.br\/en\/wp-json\/wp\/v2\/posts"}],"about":[{"href":"https:\/\/portalpopmais.com.br\/en\/wp-json\/wp\/v2\/types\/post"}],"author":[{"embeddable":true,"href":"https:\/\/portalpopmais.com.br\/en\/wp-json\/wp\/v2\/users\/2"}],"replies":[{"embeddable":true,"href":"https:\/\/portalpopmais.com.br\/en\/wp-json\/wp\/v2\/comments?post=154576"}],"version-history":[{"count":0,"href":"https:\/\/portalpopmais.com.br\/en\/wp-json\/wp\/v2\/posts\/154576\/revisions"}],"wp:featuredmedia":[{"embeddable":true,"href":"https:\/\/portalpopmais.com.br\/en\/wp-json\/wp\/v2\/media\/154578"}],"wp:attachment":[{"href":"https:\/\/portalpopmais.com.br\/en\/wp-json\/wp\/v2\/media?parent=154576"}],"wp:term":[{"taxonomy":"category","embeddable":true,"href":"https:\/\/portalpopmais.com.br\/en\/wp-json\/wp\/v2\/categories?post=154576"},{"taxonomy":"post_tag","embeddable":true,"href":"https:\/\/portalpopmais.com.br\/en\/wp-json\/wp\/v2\/tags?post=154576"}],"curies":[{"name":"wp","href":"https:\/\/api.w.org\/{rel}","templated":true}]}}