{"id":154774,"date":"2022-12-16T01:15:00","date_gmt":"2022-12-16T04:15:00","guid":{"rendered":"https:\/\/portalpopmais.com.br\/?p=154774"},"modified":"2022-12-16T01:11:57","modified_gmt":"2022-12-16T04:11:57","slug":"a-fazenda-14-lideranca-record-belisco-fatima","status":"publish","type":"post","link":"https:\/\/portalpopmais.com.br\/en\/a-fazenda-14-lideranca-record-belisco-fatima\/","title":{"rendered":"Final de \u201cA Fazenda 14\u201d garante lideran\u00e7a para a Record com belisco em F\u00e1tima Bernardes"},"content":{"rendered":"<p class=\"wp-block-paragraph\">A grande final da 14\u00aa temporada de \u201c<strong><a href=\"https:\/\/portalpopmais.com.br\/en\/deborah-confirma-festa-eliminados-a-fazenda-14\/\" data-type=\"post\" data-id=\"154315\">A Fazenda 14<\/a><\/strong>\u201d assegurou a vice-lideran\u00e7a para a <a href=\"https:\/\/portalpopmais.com.br\/en\/record-vence-sbt-horario-nobre-83-band\/\" data-type=\"post\" data-id=\"153200\">Record<\/a> na noite desta quinta-feira (15) e in\u00edcio da madrugada de sexta (16), com direito a beliscos em F\u00e1tima Bernardes na <a href=\"https:\/\/portalpopmais.com.br\/en\/fernanda-lima-dispensada-globo\/\" data-type=\"post\" data-id=\"154586\">Globo<\/a>.<\/p>\n\n\n\n<p class=\"wp-block-paragraph\">No geral, a m\u00e9dia do reality foi de 9,7 pontos na Grande S\u00e3o Paulo, com pico chegando a 10,8, causando inc\u00f4modos ao \u201c<a href=\"https:\/\/portalpopmais.com.br\/en\/sonia-abrao-erra-data-de-estreia-the-voice\/\" data-type=\"post\" data-id=\"150263\">The Voice Brasil<\/a>\u201d. Em rela\u00e7\u00e3o aos dados pr\u00e9vios da atra\u00e7\u00e3o comandada por Adriane Galisteu, o crescimento entre duas quintas \u00e9 de 12,7%.<\/p>\n\n\n\n<p class=\"wp-block-paragraph\">No mesmo hor\u00e1rio, a Globo conseguiu segurar a lideran\u00e7a levando em considera\u00e7\u00e3o o acumulado geral da faixa entre 22h44 e 00h20, com \u00edndices pr\u00e9vios de 13,6 com \u201cTravessia\u201d, a competi\u00e7\u00e3o musical e a \u201cCentral da Copa\u201d.<\/p>\n\n\n\n<h2 class=\"wp-block-heading\">Concorr\u00eancia para quem?<\/h2>\n\n\n\n<p class=\"wp-block-paragraph\">O \u00faltimo dia de \u201cA Fazenda\u201d fez a Record estar em vantagem de 136% sobre o <a href=\"https:\/\/portalpopmais.com.br\/en\/sbt-concessao-bolsonaro-silvio\/\" data-type=\"post\" data-id=\"154387\">SBT<\/a>. O acumulado do canal de <a href=\"https:\/\/portalpopmais.com.br\/en\/serie-star-o-rei-tv-segunda-temporada-2023\/\" data-type=\"post\" data-id=\"154576\">Silvio Santos<\/a> foi de meros 4,1 com o programa de Ratinho e \u201cA Pra\u00e7a \u00e9 Nossa\u201d.<\/p>\n\n\n\n<p class=\"wp-block-paragraph\">A Band alcan\u00e7ou 1,1 e a <a href=\"https:\/\/portalpopmais.com.br\/en\/sindicato-redetv-servir-comida-funcionarios\/\" data-type=\"post\" data-id=\"154575\">RedeTV!<\/a> com simples 0,4 pontos na Grande S\u00e3o Paulo. Em seu melhor momento, o canal da Barra Funda teve audi\u00eancia de 2,2 milh\u00f5es de pessoas apenas na principal metr\u00f3pole do mercado publicit\u00e1rio.<\/p>\n\n\n\n<p class=\"wp-block-paragraph\">Por 17 minutos, a Record atingiu a lideran\u00e7a em <a href=\"https:\/\/twitter.com\/sitepopmais\" data-type=\"URL\" data-id=\"https:\/\/twitter.com\/sitepopmais\" target=\"_blank\" rel=\"noopener\">SP<\/a>, deixando para tr\u00e1s as \u00faltimas edi\u00e7\u00f5es do esportivo de Alex Escobar, Jojo Toddynho e Fred na Globo.<\/p>","protected":false},"excerpt":{"rendered":"<p>A grande final da 14\u00aa temporada de \u201cA Fazenda 14\u201d assegurou a vice-lideran\u00e7a para a Record na noite desta quinta-feira (15) e in\u00edcio da madrugada de sexta (16), com direito a beliscos em F\u00e1tima Bernardes na Globo. No geral, a m\u00e9dia do reality foi de 9,7 pontos na Grande S\u00e3o Paulo, com pico chegando a [&hellip;]<\/p>\n","protected":false},"author":2,"featured_media":154777,"comment_status":"closed","ping_status":"open","sticky":false,"template":"","format":"standard","meta":{"footnotes":""},"categories":[181],"tags":[9241,8712,496],"class_list":["post-154774","post","type-post","status-publish","format-standard","has-post-thumbnail","hentry","category-televisao","tag-a-fazenda-14","tag-adriane-galisteu","tag-record-tv"],"_links":{"self":[{"href":"https:\/\/portalpopmais.com.br\/en\/wp-json\/wp\/v2\/posts\/154774","targetHints":{"allow":["GET"]}}],"collection":[{"href":"https:\/\/portalpopmais.com.br\/en\/wp-json\/wp\/v2\/posts"}],"about":[{"href":"https:\/\/portalpopmais.com.br\/en\/wp-json\/wp\/v2\/types\/post"}],"author":[{"embeddable":true,"href":"https:\/\/portalpopmais.com.br\/en\/wp-json\/wp\/v2\/users\/2"}],"replies":[{"embeddable":true,"href":"https:\/\/portalpopmais.com.br\/en\/wp-json\/wp\/v2\/comments?post=154774"}],"version-history":[{"count":0,"href":"https:\/\/portalpopmais.com.br\/en\/wp-json\/wp\/v2\/posts\/154774\/revisions"}],"wp:featuredmedia":[{"embeddable":true,"href":"https:\/\/portalpopmais.com.br\/en\/wp-json\/wp\/v2\/media\/154777"}],"wp:attachment":[{"href":"https:\/\/portalpopmais.com.br\/en\/wp-json\/wp\/v2\/media?parent=154774"}],"wp:term":[{"taxonomy":"category","embeddable":true,"href":"https:\/\/portalpopmais.com.br\/en\/wp-json\/wp\/v2\/categories?post=154774"},{"taxonomy":"post_tag","embeddable":true,"href":"https:\/\/portalpopmais.com.br\/en\/wp-json\/wp\/v2\/tags?post=154774"}],"curies":[{"name":"wp","href":"https:\/\/api.w.org\/{rel}","templated":true}]}}