{"id":154983,"date":"2022-12-17T09:51:02","date_gmt":"2022-12-17T12:51:02","guid":{"rendered":"https:\/\/portalpopmais.com.br\/?p=154983"},"modified":"2022-12-17T09:51:08","modified_gmt":"2022-12-17T12:51:08","slug":"pedro-paulo-rangel-comeca-a-despertar-apos-suspensao-de-sedativos-quadro-de-saude-ainda-e-grave","status":"publish","type":"post","link":"https:\/\/portalpopmais.com.br\/en\/pedro-paulo-rangel-comeca-a-despertar-apos-suspensao-de-sedativos-quadro-de-saude-ainda-e-grave\/","title":{"rendered":"Pedro Paulo Rangel come\u00e7a a despertar ap\u00f3s suspens\u00e3o de sedativos; quadro de sa\u00fade ainda \u00e9 grave"},"content":{"rendered":"<p class=\"wp-block-paragraph\">Ap\u00f3s ter os sedativos suspensos na \u00faltima quarta-feira (14), o ator<strong><a href=\"https:\/\/portalpopmais.com.br\/en\/pedro-paulo-rangel-entubado\/\" data-type=\"post\" data-id=\"154041\"> Pedro Paulo Rangel<\/a><\/strong> come\u00e7ou a acordar e dever\u00e1 ser extubado em breve. O veterano de 74 anos est\u00e1 internado no Hospital Casa de Sa\u00fade S\u00e3o Jos\u00e9, na zona sul do Rio de Janeiro, e respira com ajuda de <a href=\"http:\/\/twitter.com\/sitepopmais\" target=\"_blank\" rel=\"noopener\">aparelhos<\/a>.<\/p>\n\n\n\n<p class=\"wp-block-paragraph\"><em>\u201cA Casa de Sa\u00fade S\u00e3o Jos\u00e9 informa que, 48 horas ap\u00f3s a interrup\u00e7\u00e3o da seda\u00e7\u00e3o, o ator Pedro Paulo Rangel come\u00e7ou a despertar. Nesta sexta-feira (16\/12), a equipe m\u00e9dica ir\u00e1 iniciar a avalia\u00e7\u00e3o para retirada do respirador. A resposta \u00e0 infec\u00e7\u00e3o \u00e9 positiva e sustentada nos \u00faltimos dias, por\u00e9m houve altera\u00e7\u00e3o da fun\u00e7\u00e3o renal. O quadro pe<\/em>rmanece grave\u201d, explica o boletim m\u00e9dico divulgado pela institui\u00e7\u00e3o.<\/p>\n\n\n\n<p class=\"wp-block-paragraph\">Segundo o hospital, Pedro Paulo Rangel trata uma descompensa\u00e7\u00e3o do quadro de enfisema pulmonar. <a href=\"https:\/\/portalpopmais.com.br\/en\/pedro-paulo-rangel-entubado\/\" data-type=\"post\" data-id=\"154041\">O ator est\u00e1 na UTI desde ter\u00e7a-feira (6\/12) e foi intubado na madrugada de s\u00e1bado para domingo.<\/a><\/p>\n\n\n\n<p class=\"wp-block-paragraph\"><em>\u201cO ator est\u00e1 internado desde o fim de outubro para tratar uma descompensa\u00e7\u00e3o do quadro de enfisema pulmonar. Seu quadro \u00e9 delicado e inspira cuidados\u201d<\/em>, comunicou o centro m\u00e9dico.<\/p>\n\n\n\n<p class=\"wp-block-paragraph\">Pedro Paulo Rangel foi diagnosticado h\u00e1 duas d\u00e9cadas com DPOC (doen\u00e7a pulmonar obstrutiva cr\u00f4nica). Por motivos de sa\u00fade, precisou cancelar a pe\u00e7a O Ator e o Lobo, que estava em cartaz no Rio de Janeiro.<\/p>","protected":false},"excerpt":{"rendered":"<p>Ap\u00f3s ter os sedativos suspensos na \u00faltima quarta-feira (14), o ator Pedro Paulo Rangel come\u00e7ou a acordar e dever\u00e1 ser extubado em breve. O veterano de 74 anos est\u00e1 internado no Hospital Casa de Sa\u00fade S\u00e3o Jos\u00e9, na zona sul do Rio de Janeiro, e respira com ajuda de aparelhos. \u201cA Casa de Sa\u00fade S\u00e3o [&hellip;]<\/p>\n","protected":false},"author":2,"featured_media":154564,"comment_status":"closed","ping_status":"open","sticky":false,"template":"","format":"standard","meta":{"footnotes":""},"categories":[173],"tags":[13147],"class_list":["post-154983","post","type-post","status-publish","format-standard","has-post-thumbnail","hentry","category-celebridades","tag-pedro-paulo-rangel"],"_links":{"self":[{"href":"https:\/\/portalpopmais.com.br\/en\/wp-json\/wp\/v2\/posts\/154983","targetHints":{"allow":["GET"]}}],"collection":[{"href":"https:\/\/portalpopmais.com.br\/en\/wp-json\/wp\/v2\/posts"}],"about":[{"href":"https:\/\/portalpopmais.com.br\/en\/wp-json\/wp\/v2\/types\/post"}],"author":[{"embeddable":true,"href":"https:\/\/portalpopmais.com.br\/en\/wp-json\/wp\/v2\/users\/2"}],"replies":[{"embeddable":true,"href":"https:\/\/portalpopmais.com.br\/en\/wp-json\/wp\/v2\/comments?post=154983"}],"version-history":[{"count":0,"href":"https:\/\/portalpopmais.com.br\/en\/wp-json\/wp\/v2\/posts\/154983\/revisions"}],"wp:featuredmedia":[{"embeddable":true,"href":"https:\/\/portalpopmais.com.br\/en\/wp-json\/wp\/v2\/media\/154564"}],"wp:attachment":[{"href":"https:\/\/portalpopmais.com.br\/en\/wp-json\/wp\/v2\/media?parent=154983"}],"wp:term":[{"taxonomy":"category","embeddable":true,"href":"https:\/\/portalpopmais.com.br\/en\/wp-json\/wp\/v2\/categories?post=154983"},{"taxonomy":"post_tag","embeddable":true,"href":"https:\/\/portalpopmais.com.br\/en\/wp-json\/wp\/v2\/tags?post=154983"}],"curies":[{"name":"wp","href":"https:\/\/api.w.org\/{rel}","templated":true}]}}