{"id":155109,"date":"2022-12-18T21:30:00","date_gmt":"2022-12-19T00:30:00","guid":{"rendered":"https:\/\/portalpopmais.com.br\/?p=155109"},"modified":"2022-12-18T21:26:36","modified_gmt":"2022-12-19T00:26:36","slug":"fernanda-montenegro-demissao-globo-41-anos","status":"publish","type":"post","link":"https:\/\/portalpopmais.com.br\/en\/fernanda-montenegro-demissao-globo-41-anos\/","title":{"rendered":"Fernanda Montenegro abre m\u00e3o da Globo e pede demiss\u00e3o ap\u00f3s 41 anos"},"content":{"rendered":"<p>Depois de mais de quatro d\u00e9cadas com trabalhos na <strong><a href=\"https:\/\/portalpopmais.com.br\/en\/globo-25-milhoes-pnt-argentina\/\" data-type=\"post\" data-id=\"155100\">Globo<\/a><\/strong>, a atriz <strong>Fernanda Montenegro<\/strong> pediu a rescis\u00e3o de seu contrato com a emissora. Ela se recusou a atuar na pr\u00f3xima novela das nove, \u201cTerra Vermelha\u201d.<\/p>\n\n\n\n<p>O que circula pelos bastidores \u00e9 que ela n\u00e3o quer partir para projetos muito longos, mas os rumores de aposentadoria n\u00e3o vingou, j\u00e1 que mesmo ap\u00f3s pedir seu desligamento da l\u00edder de audi\u00eancia, j\u00e1 possui trabalhos para iniciar.<\/p>\n\n\n\n\n\n<p>Montenegro encerrou suas atividades recentes no filme Ana Vit\u00f3ria, onde atuou em mais de <a href=\"https:\/\/instagram.com\/portalpopmais\" data-type=\"URL\" data-id=\"https:\/\/instagram.com\/portalpopmais\" target=\"_blank\" rel=\"noopener\">100<\/a> cenas do longa-metragem. Na l\u00edder de audi\u00eancia, sua \u00faltima apari\u00e7\u00e3o em um produto da dramaturgia foi em \u201cA Dona do Peda\u00e7o\u201d, exibida em 2019.<\/p>\n\n\n\n<p>Ao longo de quase 50 anos na emissora carioca, participou de 41 projetos, dentre novelas, s\u00e9ries e produ\u00e7\u00f5es especiais da casa.<\/p>\n\n\n\n<p>A partir de 2023, o futuro de Fernanda vai tomando seus rumos. Ela vai estar no filme de Walter Salles, com base no livro autobiogr\u00e1fico \u201cAinda Estou Aqui\u201d. A hist\u00f3ria da produ\u00e7\u00e3o vai tratar dos detalhes acerca da pris\u00e3o e desaparecimento do engenheiro Rubens Paiva, contados por seu filho, Marcelo Rubens Paiva.<\/p>","protected":false},"excerpt":{"rendered":"<p>Depois de mais de quatro d\u00e9cadas com trabalhos na Globo, a atriz Fernanda Montenegro pediu a rescis\u00e3o de seu contrato com a emissora. Ela se recusou a atuar na pr\u00f3xima novela das nove, \u201cTerra Vermelha\u201d. O que circula pelos bastidores \u00e9 que ela n\u00e3o quer partir para projetos muito longos, mas os rumores de aposentadoria [&hellip;]<\/p>\n","protected":false},"author":2,"featured_media":155110,"comment_status":"closed","ping_status":"open","sticky":false,"template":"","format":"standard","meta":{"footnotes":""},"categories":[181],"tags":[1858,180],"class_list":["post-155109","post","type-post","status-publish","format-standard","has-post-thumbnail","hentry","category-televisao","tag-fernanda-montenegro","tag-globo"],"_links":{"self":[{"href":"https:\/\/portalpopmais.com.br\/en\/wp-json\/wp\/v2\/posts\/155109","targetHints":{"allow":["GET"]}}],"collection":[{"href":"https:\/\/portalpopmais.com.br\/en\/wp-json\/wp\/v2\/posts"}],"about":[{"href":"https:\/\/portalpopmais.com.br\/en\/wp-json\/wp\/v2\/types\/post"}],"author":[{"embeddable":true,"href":"https:\/\/portalpopmais.com.br\/en\/wp-json\/wp\/v2\/users\/2"}],"replies":[{"embeddable":true,"href":"https:\/\/portalpopmais.com.br\/en\/wp-json\/wp\/v2\/comments?post=155109"}],"version-history":[{"count":0,"href":"https:\/\/portalpopmais.com.br\/en\/wp-json\/wp\/v2\/posts\/155109\/revisions"}],"wp:featuredmedia":[{"embeddable":true,"href":"https:\/\/portalpopmais.com.br\/en\/wp-json\/wp\/v2\/media\/155110"}],"wp:attachment":[{"href":"https:\/\/portalpopmais.com.br\/en\/wp-json\/wp\/v2\/media?parent=155109"}],"wp:term":[{"taxonomy":"category","embeddable":true,"href":"https:\/\/portalpopmais.com.br\/en\/wp-json\/wp\/v2\/categories?post=155109"},{"taxonomy":"post_tag","embeddable":true,"href":"https:\/\/portalpopmais.com.br\/en\/wp-json\/wp\/v2\/tags?post=155109"}],"curies":[{"name":"wp","href":"https:\/\/api.w.org\/{rel}","templated":true}]}}