{"id":155597,"date":"2022-12-22T07:21:45","date_gmt":"2022-12-22T10:21:45","guid":{"rendered":"https:\/\/portalpopmais.com.br\/?p=155597"},"modified":"2022-12-22T07:21:52","modified_gmt":"2022-12-22T10:21:52","slug":"sonia-abrao-anuncia-demissao-do-colunista-thiago-rocha","status":"publish","type":"post","link":"https:\/\/portalpopmais.com.br\/en\/sonia-abrao-anuncia-demissao-do-colunista-thiago-rocha\/","title":{"rendered":"Sonia Abr\u00e3o anuncia demiss\u00e3o do colunista Thiago Rocha"},"content":{"rendered":"<p class=\"wp-block-paragraph\">O programa &#8220;A Tarde \u00c9 Sua&#8221;, comandado por <strong><a href=\"https:\/\/portalpopmais.com.br\/en\/bruno-talamo-comenta-participacao-a-fazenda\/\" data-type=\"post\" data-id=\"155053\">Sonia Abr\u00e3o<\/a><\/strong>, sofreu mais uma baixa. Ap\u00f3s a sa\u00edda de Felipeh Campos, agora foi a vez de <strong>Thiago Rocha<\/strong> se despedir do programa. <\/p>\n\n\n\n<p class=\"wp-block-paragraph\">A not\u00edcia foi compartilhada pela pr\u00f3pria Sonia, em suas redes sociais. Na postagem, ela comentou sobre o tempo de Thiago no programa, mais de 10 anos, e deu a entender que a decis\u00e3o foi do pr\u00f3prio colunista.<\/p>\n\n\n\n<p class=\"wp-block-paragraph\">&#8220;Despedida na Roda da Fofoca: em 2023, Thiago Rocha n\u00e3o estar\u00e1 mais com a gente! Esta foi a \u00faltima semana dele, ao vivo, mas estar\u00e1 nos especiais de fim de ano e f\u00e9rias j\u00e1 gravados!\u201d, come\u00e7ou a apresentadora, publicando um clique sorridente ao lado do <a href=\"http:\/\/Twitter.com\/sitepopmais\" target=\"_blank\" rel=\"noopener\">jornalista<\/a>.<\/p>\n\n\n\n<p class=\"wp-block-paragraph\">Ela tamb\u00e9m explicou que o fofoqueiro ir\u00e1 atr\u00e1s de novos objetivos profissionais: \u201cEle j\u00e1 tem outro voo profissional marcado, com seu talento e compet\u00eancia de sobra! Muita sorte e sucesso nessa nova etapa, Thiago! Torcemos por voc\u00ea! Vida que segue e a Roda tamb\u00e9m&#8221;, completou.<\/p>\n\n\n\n<figure class=\"wp-block-embed is-type-rich is-provider-instagram wp-block-embed-instagram\"><div class=\"wp-block-embed__wrapper\">\nhttps:\/\/www.instagram.com\/reel\/CmaaLHVNTsU\/?igshid=Yzg5MTU1MDY=\n<\/div><\/figure>","protected":false},"excerpt":{"rendered":"<p>O programa &#8220;A Tarde \u00c9 Sua&#8221;, comandado por Sonia Abr\u00e3o, sofreu mais uma baixa. Ap\u00f3s a sa\u00edda de Felipeh Campos, agora foi a vez de Thiago Rocha se despedir do programa. A not\u00edcia foi compartilhada pela pr\u00f3pria Sonia, em suas redes sociais. Na postagem, ela comentou sobre o tempo de Thiago no programa, mais de [&hellip;]<\/p>\n","protected":false},"author":2,"featured_media":155600,"comment_status":"closed","ping_status":"open","sticky":false,"template":"","format":"standard","meta":{"footnotes":""},"categories":[181],"tags":[8511,778],"class_list":["post-155597","post","type-post","status-publish","format-standard","has-post-thumbnail","hentry","category-televisao","tag-rede-tv-2","tag-sonia-abrao"],"_links":{"self":[{"href":"https:\/\/portalpopmais.com.br\/en\/wp-json\/wp\/v2\/posts\/155597","targetHints":{"allow":["GET"]}}],"collection":[{"href":"https:\/\/portalpopmais.com.br\/en\/wp-json\/wp\/v2\/posts"}],"about":[{"href":"https:\/\/portalpopmais.com.br\/en\/wp-json\/wp\/v2\/types\/post"}],"author":[{"embeddable":true,"href":"https:\/\/portalpopmais.com.br\/en\/wp-json\/wp\/v2\/users\/2"}],"replies":[{"embeddable":true,"href":"https:\/\/portalpopmais.com.br\/en\/wp-json\/wp\/v2\/comments?post=155597"}],"version-history":[{"count":0,"href":"https:\/\/portalpopmais.com.br\/en\/wp-json\/wp\/v2\/posts\/155597\/revisions"}],"wp:featuredmedia":[{"embeddable":true,"href":"https:\/\/portalpopmais.com.br\/en\/wp-json\/wp\/v2\/media\/155600"}],"wp:attachment":[{"href":"https:\/\/portalpopmais.com.br\/en\/wp-json\/wp\/v2\/media?parent=155597"}],"wp:term":[{"taxonomy":"category","embeddable":true,"href":"https:\/\/portalpopmais.com.br\/en\/wp-json\/wp\/v2\/categories?post=155597"},{"taxonomy":"post_tag","embeddable":true,"href":"https:\/\/portalpopmais.com.br\/en\/wp-json\/wp\/v2\/tags?post=155597"}],"curies":[{"name":"wp","href":"https:\/\/api.w.org\/{rel}","templated":true}]}}