{"id":156166,"date":"2022-12-28T11:06:00","date_gmt":"2022-12-28T14:06:00","guid":{"rendered":"https:\/\/portalpopmais.com.br\/?p=156166"},"modified":"2022-12-28T11:06:06","modified_gmt":"2022-12-28T14:06:06","slug":"mc-loma-revela-que-filha-bebe-e-alergica-a-leite-de-vaca","status":"publish","type":"post","link":"https:\/\/portalpopmais.com.br\/en\/mc-loma-revela-que-filha-bebe-e-alergica-a-leite-de-vaca\/","title":{"rendered":"MC Loma revela que filha beb\u00ea \u00e9 al\u00e9rgica a leite de vaca"},"content":{"rendered":"<p>Nesta ter\u00e7a-feira (27), <a href=\"https:\/\/www.instagram.com\/mclomaofficial\/?hl=pt-br\" target=\"_blank\" rel=\"noreferrer noopener\"><strong>MC Loma<\/strong><\/a> revelou em suas redes sociais que sua filha, <strong><a href=\"https:\/\/portalpopmais.com.br\/en\/mc-loma-relata-dificuldades-apos-nascimento-da-filha-melanie-quase-desistindo\/\" data-type=\"post\" data-id=\"139565\">Melanie<\/a><\/strong>, de tr\u00eas meses, \u00e9 al\u00e9rgica a leite de vaca. A cantora passou o dia anterior com a crian\u00e7a no hospital, e contou que precisa dar alimentos espec\u00edficos para a pequena.<\/p>\n\n\n\n<p><em>\u201cDescobri que Melanie tem alergia \u00e0 prote\u00edna do leite de vaca, mas est\u00e1 tudo bem. Pelo menos, estou achando ela melhorzinha. A gente trocou o leitinho dela, est\u00e1 tomando um espec\u00edfico para isso. \u00c9 triste\u201d,<\/em> lamentou ela.<\/p>\n\n\n\n<p>Loma tamb\u00e9m detalhou a recupera\u00e7\u00e3o da filha. <em>\u201cEspero que ela melhore. Esta semana vou marcar gastro para ela. Ela est\u00e1 bem, parou de fazer coc\u00f4 com sangue\u201d,<\/em> concluiu.<\/p>\n\n\n\n<p>APLV (alergia \u00e0 prote\u00edna do leite de vaca) \u00e9 uma rea\u00e7\u00e3o do sistema imunol\u00f3gico \u00e0s prote\u00ednas do leite, principalmente \u00e0s do coalho e do soro.<\/p>","protected":false},"excerpt":{"rendered":"<p>Nesta ter\u00e7a-feira (27), MC Loma revelou em suas redes sociais que sua filha, Melanie, de tr\u00eas meses, \u00e9 al\u00e9rgica a leite de vaca. A cantora passou o dia anterior com a crian\u00e7a no hospital, e contou que precisa dar alimentos espec\u00edficos para a pequena. \u201cDescobri que Melanie tem alergia \u00e0 prote\u00edna do leite de vaca, [&hellip;]<\/p>\n","protected":false},"author":2,"featured_media":86783,"comment_status":"closed","ping_status":"open","sticky":false,"template":"","format":"standard","meta":{"footnotes":""},"categories":[173],"tags":[1971],"class_list":["post-156166","post","type-post","status-publish","format-standard","has-post-thumbnail","hentry","category-celebridades","tag-mc-loma"],"_links":{"self":[{"href":"https:\/\/portalpopmais.com.br\/en\/wp-json\/wp\/v2\/posts\/156166","targetHints":{"allow":["GET"]}}],"collection":[{"href":"https:\/\/portalpopmais.com.br\/en\/wp-json\/wp\/v2\/posts"}],"about":[{"href":"https:\/\/portalpopmais.com.br\/en\/wp-json\/wp\/v2\/types\/post"}],"author":[{"embeddable":true,"href":"https:\/\/portalpopmais.com.br\/en\/wp-json\/wp\/v2\/users\/2"}],"replies":[{"embeddable":true,"href":"https:\/\/portalpopmais.com.br\/en\/wp-json\/wp\/v2\/comments?post=156166"}],"version-history":[{"count":0,"href":"https:\/\/portalpopmais.com.br\/en\/wp-json\/wp\/v2\/posts\/156166\/revisions"}],"wp:featuredmedia":[{"embeddable":true,"href":"https:\/\/portalpopmais.com.br\/en\/wp-json\/wp\/v2\/media\/86783"}],"wp:attachment":[{"href":"https:\/\/portalpopmais.com.br\/en\/wp-json\/wp\/v2\/media?parent=156166"}],"wp:term":[{"taxonomy":"category","embeddable":true,"href":"https:\/\/portalpopmais.com.br\/en\/wp-json\/wp\/v2\/categories?post=156166"},{"taxonomy":"post_tag","embeddable":true,"href":"https:\/\/portalpopmais.com.br\/en\/wp-json\/wp\/v2\/tags?post=156166"}],"curies":[{"name":"wp","href":"https:\/\/api.w.org\/{rel}","templated":true}]}}