{"id":156477,"date":"2022-12-30T16:00:00","date_gmt":"2022-12-30T19:00:00","guid":{"rendered":"https:\/\/portalpopmais.com.br\/?p=156477"},"modified":"2022-12-30T12:43:38","modified_gmt":"2022-12-30T15:43:38","slug":"camarote-bbb-23-veja-famosos-cotados","status":"publish","type":"post","link":"https:\/\/portalpopmais.com.br\/en\/camarote-bbb-23-veja-famosos-cotados\/","title":{"rendered":"Camarote BBB 23: Veja famosos cotados para a casa mais vigiada"},"content":{"rendered":"<p class=\"wp-block-paragraph\">No dia 16 de janeiro, o<strong> <a href=\"https:\/\/portalpopmais.com.br\/en\/bbb-23-globo-confirma-edicao-2024\/\" data-type=\"post\" data-id=\"155881\">BBB<\/a><\/strong> d\u00e1 in\u00edcio a sua 23\u00b0 edi\u00e7\u00e3o e n\u00e3o se fala em outra coisa, de quais ser\u00e3o os famosos que ir\u00e3o compor o camarote da casa mais vigiada, que ir\u00e3o se misturar aos an\u00f4nimos &#8211; formato que o programa vem seguindo por tr\u00eas temporadas. <\/p>\n\n\n\n<p class=\"wp-block-paragraph\">Alguns nomes de cantores, atores e influenciadores vem agitando a Web, lembrando que essa ainda n\u00e3o \u00e9 a lista oficial! Dentre os nomes cotados, est\u00e3o<strong> <a href=\"https:\/\/portalpopmais.com.br\/en\/vic-brow-debate-os-relacionamentos-na-inedita-terapia-de-casual\/\" data-type=\"post\" data-id=\"111853\">Dora Figueiredo<\/a><\/strong>,<strong> Mariely<\/strong>, irm\u00e3 g\u00eamea de Mirella e amiga de MC Loma, onde segue em S\u00e3o Paulo nas festas de final de ano e o cantor\u00a0<strong>Vit\u00e3o\u00a0<\/strong>\u00e9 um dos nomes mais citados pelos internautas.<\/p>\n\n\n\n<p class=\"wp-block-paragraph\">O BBB ainda ir\u00e1 trazer o mundo esportivo, e o nome levantando \u00e9 a jogadora de v\u00f4lei, <strong>Key Alves<\/strong>, que pediu folga do seu atual time Osasco nessa semana, a cantora <strong><a href=\"https:\/\/portalpopmais.com.br\/en\/dado-dolabella-exalta-wanessa-camargo\/\" data-type=\"post\" data-id=\"156314\">Wanessa Camargo<\/a><\/strong> \u00e9 um forte nome que vem rodando a internet, at\u00e9 mesmo comemorou o anivers\u00e1rio do filho adiantado, mas nega boatos, dizendo que tem uma agenda de shows em janeiro. <\/p>\n\n\n\n<p class=\"wp-block-paragraph\">Ainda no mundo da m\u00fasica, f\u00e3s apostam no cantor<a href=\"https:\/\/portalpopmais.com.br\/en\/lucas-lucco-aparece-machucado-em-hospital-bebi-e-levei-um-tombo-da-escada-veja-fotos\/\" data-type=\"post\" data-id=\"103892\">\u00a0<strong>Lucas Lucco<\/strong><\/a>\u00a0como um dos principais nomes do grupo Camarote, al\u00e9m da irm\u00e3 de Fiuk, <strong><a href=\"https:\/\/portalpopmais.com.br\/en\/cleo-pires-lanca-serie-onde-esta-mariana-com-tematica-de-combate-ao-feminicidio-em-seu-aniversario\/\" data-type=\"post\" data-id=\"34799\">Cl\u00e9o Pires<\/a><\/strong> que vem tendo seu nome bastante citado, e at\u00e9 agora n\u00e3o negou nada. <\/p>\n\n\n\n<p class=\"wp-block-paragraph\">A lista do camarote do BBB 23 ainda conta com nomes de <strong><a href=\"https:\/\/portalpopmais.com.br\/en\/netflix-divulga-trailer-da-comedia-romantica-brasileira-ricos-de-amor\/\" data-type=\"post\" data-id=\"49006\">Bruna Griphao<\/a><\/strong>, <strong>Vivi Wanderley<\/strong>\u00a0e\u00a0<strong>Laura Brito<\/strong>. O Big Boss, Boninho j\u00e1 negou nomes de <strong>Xam\u00e3, Yasmin Brunet <\/strong>e<strong> Isabella Santoni<\/strong>. <\/p>\n\n\n\n<p class=\"wp-block-paragraph\">Sob o comando pelo segundo ano, do jornalista e apresentador <strong>Tadeu Schmidt<\/strong>, a atra\u00e7\u00e3o ter\u00e1 a casa de vidro, iniciando antes da estreia, al\u00e9m disso, a nova trilha sonora do cl\u00e1ssico de Paulo Ricardo, ganhou uma vers\u00e3o em funk, remixada por <strong><a href=\"https:\/\/portalpopmais.com.br\/en\/dennis-dj-pelado-redes-sociais\/\" data-type=\"post\" data-id=\"101415\">Dennis DJ<\/a><\/strong>. <\/p>\n\n\n\n<figure class=\"wp-block-embed is-type-rich is-provider-instagram wp-block-embed-instagram\"><div class=\"wp-block-embed__wrapper\">\nhttps:\/\/www.instagram.com\/p\/CmsQ83LBP3e\/\n<\/div><\/figure>","protected":false},"excerpt":{"rendered":"<p>No dia 16 de janeiro, o BBB d\u00e1 in\u00edcio a sua 23\u00b0 edi\u00e7\u00e3o e n\u00e3o se fala em outra coisa, de quais ser\u00e3o os famosos que ir\u00e3o compor o camarote da casa mais vigiada, que ir\u00e3o se misturar aos an\u00f4nimos &#8211; formato que o programa vem seguindo por tr\u00eas temporadas. Alguns nomes de cantores, atores [&hellip;]<\/p>\n","protected":false},"author":2,"featured_media":156480,"comment_status":"closed","ping_status":"open","sticky":false,"template":"","format":"standard","meta":{"footnotes":""},"categories":[173],"tags":[774],"class_list":["post-156477","post","type-post","status-publish","format-standard","has-post-thumbnail","hentry","category-celebridades","tag-bbb"],"_links":{"self":[{"href":"https:\/\/portalpopmais.com.br\/en\/wp-json\/wp\/v2\/posts\/156477","targetHints":{"allow":["GET"]}}],"collection":[{"href":"https:\/\/portalpopmais.com.br\/en\/wp-json\/wp\/v2\/posts"}],"about":[{"href":"https:\/\/portalpopmais.com.br\/en\/wp-json\/wp\/v2\/types\/post"}],"author":[{"embeddable":true,"href":"https:\/\/portalpopmais.com.br\/en\/wp-json\/wp\/v2\/users\/2"}],"replies":[{"embeddable":true,"href":"https:\/\/portalpopmais.com.br\/en\/wp-json\/wp\/v2\/comments?post=156477"}],"version-history":[{"count":0,"href":"https:\/\/portalpopmais.com.br\/en\/wp-json\/wp\/v2\/posts\/156477\/revisions"}],"wp:featuredmedia":[{"embeddable":true,"href":"https:\/\/portalpopmais.com.br\/en\/wp-json\/wp\/v2\/media\/156480"}],"wp:attachment":[{"href":"https:\/\/portalpopmais.com.br\/en\/wp-json\/wp\/v2\/media?parent=156477"}],"wp:term":[{"taxonomy":"category","embeddable":true,"href":"https:\/\/portalpopmais.com.br\/en\/wp-json\/wp\/v2\/categories?post=156477"},{"taxonomy":"post_tag","embeddable":true,"href":"https:\/\/portalpopmais.com.br\/en\/wp-json\/wp\/v2\/tags?post=156477"}],"curies":[{"name":"wp","href":"https:\/\/api.w.org\/{rel}","templated":true}]}}