{"id":156815,"date":"2023-01-02T19:41:06","date_gmt":"2023-01-02T22:41:06","guid":{"rendered":"https:\/\/portalpopmais.com.br\/?p=156815"},"modified":"2023-01-02T19:42:41","modified_gmt":"2023-01-02T22:42:41","slug":"regina-duarte-defesa-bolsonaro","status":"publish","type":"post","link":"https:\/\/portalpopmais.com.br\/en\/regina-duarte-defesa-bolsonaro\/","title":{"rendered":"Regina Duarte sai em defesa de Bolsonaro e fala em \u2018injusti\u00e7a\u2019 esquecer a\u00e7\u00f5es do ex-presidente"},"content":{"rendered":"<p class=\"wp-block-paragraph\">A atriz <strong><a href=\"https:\/\/portalpopmais.com.br\/en\/regina-duarte-fada-madrinha-preta-gay\/\" data-type=\"post\" data-id=\"145646\">Regina Duarte<\/a><\/strong> fez uma declara\u00e7\u00e3o nesta segunda-feira (2) em tom de defesa de Jair Bolsonaro. A ent\u00e3o secret\u00e1ria da Cultura durante a gest\u00e3o do ex-presidente disse que seria injusto o povo esquecer das a\u00e7\u00f5es dele durante seu mandato entre 2019 e 2022.<\/p>\n\n\n\n<p class=\"wp-block-paragraph\">Em um v\u00eddeo publicado em uma <a href=\"https:\/\/instagram.com\/portalpopmais\" data-type=\"URL\" data-id=\"https:\/\/instagram.com\/portalpopmais\" target=\"_blank\" rel=\"noopener\">rede social<\/a>, ela diz: \u201cN\u00e3o se pode, por quest\u00e3o de justi\u00e7a, esquecer tudo que o presidente Bolsonaro fez pelo Brasil e os brasileiros\/as\u201d.<\/p>\n\n\n\n<figure class=\"wp-block-embed is-type-rich is-provider-instagram wp-block-embed-instagram\"><div class=\"wp-block-embed__wrapper\">\nhttps:\/\/www.instagram.com\/p\/Cm3_k6Qrkyc\/?utm_source=ig_web_copy_link\n<\/div><\/figure>\n\n\n\n<p class=\"wp-block-paragraph\">Na postagem, ela ainda se refere a Bolsonaro ainda como presidente, mesmo Luiz In\u00e1cio Lula da Silva ter sido empossado como 39\u00b0 presidente do Brasil na tarde deste domingo (1\u00b0), com a presen\u00e7a de mais de 100 representantes de Estado.<\/p>\n\n\n\n<h2 class=\"wp-block-heading\">Invertida<\/h2>\n\n\n\n<p class=\"wp-block-paragraph\">Em outro post, a atriz Elisa Lucinda pede respeito ao presidente Lula e que Duarte deixasse de ser antidemocr\u00e1tica. A publica\u00e7\u00e3o vinda de uma p\u00e1gina de direita diz que Alexandre de Morais, presidente do Tribunal Superior Eleitoral, entregou uma faixa falsa.<\/p>\n\n\n\n<figure class=\"wp-block-embed is-type-rich is-provider-instagram wp-block-embed-instagram\"><div class=\"wp-block-embed__wrapper\">\nhttps:\/\/www.instagram.com\/p\/Cm5LE3rry3L\/?igshid=YmMyMTA2M2Y=\n<\/div><\/figure>\n\n\n\n<p class=\"wp-block-paragraph\">Lucinda responde: \u201dRespeite o presidente eleito. Deixe de ser antidemocr\u00e1tica .Voc\u00ea tem netos. N\u00e3o os ensine a desrespeitar o presidente da rep\u00fablica. Voc\u00ea devia ter se oposto \u00e0 extin\u00e7\u00e3o do nosso minist\u00e9rio. A classe est\u00e1 chocada com voc\u00ea, Regina. Uma hist\u00f3ria linda voc\u00ea escreveu e est\u00e1 dando conta de apagar. Aceite o resultado das elei\u00e7\u00f5es. Ou ent\u00e3o desista de pronunciar a palavra democracia\u201d.<\/p>","protected":false},"excerpt":{"rendered":"<p>A atriz Regina Duarte fez uma declara\u00e7\u00e3o nesta segunda-feira (2) em tom de defesa de Jair Bolsonaro. A ent\u00e3o secret\u00e1ria da Cultura durante a gest\u00e3o do ex-presidente disse que seria injusto o povo esquecer das a\u00e7\u00f5es dele durante seu mandato entre 2019 e 2022. Em um v\u00eddeo publicado em uma rede social, ela diz: \u201cN\u00e3o [&hellip;]<\/p>\n","protected":false},"author":2,"featured_media":156816,"comment_status":"closed","ping_status":"open","sticky":false,"template":"","format":"standard","meta":{"footnotes":""},"categories":[173],"tags":[477,2260],"class_list":["post-156815","post","type-post","status-publish","format-standard","has-post-thumbnail","hentry","category-celebridades","tag-bolsonaro","tag-regina-duarte"],"_links":{"self":[{"href":"https:\/\/portalpopmais.com.br\/en\/wp-json\/wp\/v2\/posts\/156815","targetHints":{"allow":["GET"]}}],"collection":[{"href":"https:\/\/portalpopmais.com.br\/en\/wp-json\/wp\/v2\/posts"}],"about":[{"href":"https:\/\/portalpopmais.com.br\/en\/wp-json\/wp\/v2\/types\/post"}],"author":[{"embeddable":true,"href":"https:\/\/portalpopmais.com.br\/en\/wp-json\/wp\/v2\/users\/2"}],"replies":[{"embeddable":true,"href":"https:\/\/portalpopmais.com.br\/en\/wp-json\/wp\/v2\/comments?post=156815"}],"version-history":[{"count":0,"href":"https:\/\/portalpopmais.com.br\/en\/wp-json\/wp\/v2\/posts\/156815\/revisions"}],"wp:featuredmedia":[{"embeddable":true,"href":"https:\/\/portalpopmais.com.br\/en\/wp-json\/wp\/v2\/media\/156816"}],"wp:attachment":[{"href":"https:\/\/portalpopmais.com.br\/en\/wp-json\/wp\/v2\/media?parent=156815"}],"wp:term":[{"taxonomy":"category","embeddable":true,"href":"https:\/\/portalpopmais.com.br\/en\/wp-json\/wp\/v2\/categories?post=156815"},{"taxonomy":"post_tag","embeddable":true,"href":"https:\/\/portalpopmais.com.br\/en\/wp-json\/wp\/v2\/tags?post=156815"}],"curies":[{"name":"wp","href":"https:\/\/api.w.org\/{rel}","templated":true}]}}