{"id":157305,"date":"2023-01-05T09:00:00","date_gmt":"2023-01-05T12:00:00","guid":{"rendered":"https:\/\/portalpopmais.com.br\/?p=157305"},"modified":"2023-01-05T07:49:58","modified_gmt":"2023-01-05T10:49:58","slug":"video-dudu-camargo-compara-fora-que-levou-de-maisa-com-feminicidio","status":"publish","type":"post","link":"https:\/\/portalpopmais.com.br\/en\/video-dudu-camargo-compara-fora-que-levou-de-maisa-com-feminicidio\/","title":{"rendered":"V\u00cdDEO: Dudu Camargo compara fora que levou de Ma\u00edsa com feminic\u00eddio"},"content":{"rendered":"<p class=\"wp-block-paragraph\">Na manh\u00e3 desta quarta-feira (04), <strong><a href=\"https:\/\/portalpopmais.com.br\/en\/mulher-expoe-dudu-camargo-pedindo-foto-irmao-13-anos\/\" data-type=\"post\" data-id=\"114154\">Dudu Camargo<\/a><\/strong> deixou os internautas revoltados ap\u00f3s uma declara\u00e7\u00e3o pol\u00eamica durante o \u201cPrimeiro Impacto\u201d.<\/p>\n\n\n\n<p class=\"wp-block-paragraph\">O apresentador do <a href=\"http:\/\/SBT.com.br\" target=\"_blank\" rel=\"noopener\">SBT<\/a> comparou um caso de feminic\u00eddio com um fora em que ele levou de Ma\u00edsa no \u201cPrograma Silvio Santos\u201d em 2017.<\/p>\n\n\n\n<p class=\"wp-block-paragraph\">\u201cTem mulher que estava desaparecida e foi encontrada morta. Coloca a foto dela! Essa \u00e9 a Itamara Enir de Freitas e o corpo dessa jovem, de 19 anos, foi encontrado em um terreno\u201d, iniciou o apresentador do telejornal do SBT.<\/p>\n\n\n\n<p class=\"wp-block-paragraph\">\u201cDois homens suspeitos pelo crime j\u00e1 foram presos. Um desses homens chegou a ajudar a localizar o corpo da v\u00edtima e levou a Pol\u00edcia at\u00e9 l\u00e1. Ele sempre ficava perto dos familiares dessa mo\u00e7a. Ele disse ainda que estava apaixonado por Itamara e que n\u00e3o era correspondido, o que teria motivado o crime\u201d, continuou o jornalista.<\/p>\n\n\n\n<p class=\"wp-block-paragraph\">Nisso, ele comparou o caso com o que aconteceu com ele: \u201cA popula\u00e7\u00e3o ficou revoltada e tentou agredir os dois homens que j\u00e1 estavam com os policiais. As investiga\u00e7\u00f5es continuam. Esse caso chega l\u00e1 de Morrinhos, no Cear\u00e1\u2026 Imaginem s\u00f3 se eu tivesse matado a Maisa? Eu n\u00e3o matei a Maisa\u201d.<\/p>\n\n\n\n<p class=\"wp-block-paragraph\">O fato deixou a web revoltada. Confira abaixo o momento.<\/p>\n\n\n\n<figure class=\"wp-block-embed is-type-rich is-provider-twitter wp-block-embed-twitter\"><div class=\"wp-block-embed__wrapper\">\n<blockquote class=\"twitter-tweet\" data-width=\"550\" data-dnt=\"true\"><p lang=\"pt\" dir=\"ltr\">Que compara\u00e7\u00e3o mais absurda!<br><br>Dudu Camargo usando um caso s\u00e9rio pra comparar com aquela situa\u00e7\u00e3o desagrad\u00e1vel que ele passou com a Maisa no Programa Silvio Santos em 2017.<a href=\"https:\/\/twitter.com\/hashtag\/PrimeiroImpacto?src=hash&amp;ref_src=twsrc%5Etfw\" target=\"_blank\" rel=\"noopener\">#PrimeiroImpacto<\/a> <a href=\"https:\/\/twitter.com\/hashtag\/PSS?src=hash&amp;ref_src=twsrc%5Etfw\" target=\"_blank\" rel=\"noopener\">#PSS<\/a> <a href=\"https:\/\/twitter.com\/hashtag\/SilvioSantos?src=hash&amp;ref_src=twsrc%5Etfw\" target=\"_blank\" rel=\"noopener\">#SilvioSantos<\/a> <a href=\"https:\/\/twitter.com\/maisa?ref_src=twsrc%5Etfw\" target=\"_blank\" rel=\"noopener\">@maisa<\/a>  <a href=\"https:\/\/twitter.com\/hashtag\/ProgramaSilvioSantos?src=hash&amp;ref_src=twsrc%5Etfw\" target=\"_blank\" rel=\"noopener\">#ProgramaSilvioSantos<\/a> <a href=\"https:\/\/t.co\/KjQlTeI521\">pic.twitter.com\/KjQlTeI521<\/a><\/p>&mdash; Di\u00e1rio (@diariodenovelas) <a href=\"https:\/\/twitter.com\/diariodenovelas\/status\/1610581972396515328?ref_src=twsrc%5Etfw\" target=\"_blank\" rel=\"noopener\">January 4, 2023<\/a><\/blockquote><script async src=\"https:\/\/platform.twitter.com\/widgets.js\" charset=\"utf-8\"><\/script>\n<\/div><\/figure>","protected":false},"excerpt":{"rendered":"<p>Na manh\u00e3 desta quarta-feira (04), Dudu Camargo deixou os internautas revoltados ap\u00f3s uma declara\u00e7\u00e3o pol\u00eamica durante o \u201cPrimeiro Impacto\u201d. O apresentador do SBT comparou um caso de feminic\u00eddio com um fora em que ele levou de Ma\u00edsa no \u201cPrograma Silvio Santos\u201d em 2017. \u201cTem mulher que estava desaparecida e foi encontrada morta. Coloca a foto [&hellip;]<\/p>\n","protected":false},"author":2,"featured_media":157307,"comment_status":"closed","ping_status":"open","sticky":false,"template":"","format":"standard","meta":{"footnotes":""},"categories":[181],"tags":[2211,8176],"class_list":["post-157305","post","type-post","status-publish","format-standard","has-post-thumbnail","hentry","category-televisao","tag-dudu-camargo","tag-maisa-2"],"_links":{"self":[{"href":"https:\/\/portalpopmais.com.br\/en\/wp-json\/wp\/v2\/posts\/157305","targetHints":{"allow":["GET"]}}],"collection":[{"href":"https:\/\/portalpopmais.com.br\/en\/wp-json\/wp\/v2\/posts"}],"about":[{"href":"https:\/\/portalpopmais.com.br\/en\/wp-json\/wp\/v2\/types\/post"}],"author":[{"embeddable":true,"href":"https:\/\/portalpopmais.com.br\/en\/wp-json\/wp\/v2\/users\/2"}],"replies":[{"embeddable":true,"href":"https:\/\/portalpopmais.com.br\/en\/wp-json\/wp\/v2\/comments?post=157305"}],"version-history":[{"count":0,"href":"https:\/\/portalpopmais.com.br\/en\/wp-json\/wp\/v2\/posts\/157305\/revisions"}],"wp:featuredmedia":[{"embeddable":true,"href":"https:\/\/portalpopmais.com.br\/en\/wp-json\/wp\/v2\/media\/157307"}],"wp:attachment":[{"href":"https:\/\/portalpopmais.com.br\/en\/wp-json\/wp\/v2\/media?parent=157305"}],"wp:term":[{"taxonomy":"category","embeddable":true,"href":"https:\/\/portalpopmais.com.br\/en\/wp-json\/wp\/v2\/categories?post=157305"},{"taxonomy":"post_tag","embeddable":true,"href":"https:\/\/portalpopmais.com.br\/en\/wp-json\/wp\/v2\/tags?post=157305"}],"curies":[{"name":"wp","href":"https:\/\/api.w.org\/{rel}","templated":true}]}}