{"id":157810,"date":"2023-01-06T20:34:35","date_gmt":"2023-01-06T23:34:35","guid":{"rendered":"https:\/\/portalpopmais.com.br\/?p=157810"},"modified":"2023-01-06T20:34:43","modified_gmt":"2023-01-06T23:34:43","slug":"earl-boen-ator-de-o-exterminador-do-futuro-morre-aos-81-anos","status":"publish","type":"post","link":"https:\/\/portalpopmais.com.br\/en\/earl-boen-ator-de-o-exterminador-do-futuro-morre-aos-81-anos\/","title":{"rendered":"Earl Boen, ator de &#8216;O Exterminador do Futuro&#8217;, morre aos 81 anos"},"content":{"rendered":"<p>Nesta quinta-feira (5), morreu o ator <strong><a href=\"http:\/\/portalpopmais.com.br\/en\/\">Earl Boen<\/a><\/strong>, conhecido mundialmente pelo papel de Dr. Peter Silberman nos filmes &#8220;O Exterminador do Futuro. A informa\u00e7\u00e3o foi confirmada por um amigo do artista \u00e0 revista <a href=\"https:\/\/variety.com\/2023\/film\/news\/earl-boen-the-terminator-actor-dies-1235480866\/\" target=\"_blank\" rel=\"noreferrer noopener\">Variety<\/a>.<\/p>\n\n\n\n<p>Segundo a publica\u00e7\u00e3o Boen, que tinha 81 anos,  havia sido diagnosticado com c\u00e2ncer de pulm\u00e3o no ano passado.<\/p>\n\n\n\n<p>O ator estve em &#8220;O Exterminador do Futuro&#8221;, &#8220;Exterminador do Futuro 2: O Julgamento Final&#8221; e &#8220;Exterminador do Futuro 3: A Ascens\u00e3o das M\u00e1quinas&#8221;. no longa, ele deu vida \u00e0 Dr. Peter Silberman, um psic\u00f3logo criminal que entrou na hist\u00f3ria para interrogar Kyle Reese, vivido por Michael Biehn, no primeiro filme da famosa franquia.<\/p>\n\n\n\n<p>Ele deixa sua esposa, Cathy, a enteada, Ruby, e os netos Kimmy Abaricia e Kimo Harbin.<\/p>","protected":false},"excerpt":{"rendered":"<p>Nesta quinta-feira (5), morreu o ator Earl Boen, conhecido mundialmente pelo papel de Dr. Peter Silberman nos filmes &#8220;O Exterminador do Futuro. A informa\u00e7\u00e3o foi confirmada por um amigo do artista \u00e0 revista Variety. Segundo a publica\u00e7\u00e3o Boen, que tinha 81 anos, havia sido diagnosticado com c\u00e2ncer de pulm\u00e3o no ano passado. O ator estve [&hellip;]<\/p>\n","protected":false},"author":2,"featured_media":157812,"comment_status":"closed","ping_status":"open","sticky":false,"template":"","format":"standard","meta":{"footnotes":""},"categories":[173],"tags":[13447],"class_list":["post-157810","post","type-post","status-publish","format-standard","has-post-thumbnail","hentry","category-celebridades","tag-earl-boen"],"_links":{"self":[{"href":"https:\/\/portalpopmais.com.br\/en\/wp-json\/wp\/v2\/posts\/157810","targetHints":{"allow":["GET"]}}],"collection":[{"href":"https:\/\/portalpopmais.com.br\/en\/wp-json\/wp\/v2\/posts"}],"about":[{"href":"https:\/\/portalpopmais.com.br\/en\/wp-json\/wp\/v2\/types\/post"}],"author":[{"embeddable":true,"href":"https:\/\/portalpopmais.com.br\/en\/wp-json\/wp\/v2\/users\/2"}],"replies":[{"embeddable":true,"href":"https:\/\/portalpopmais.com.br\/en\/wp-json\/wp\/v2\/comments?post=157810"}],"version-history":[{"count":0,"href":"https:\/\/portalpopmais.com.br\/en\/wp-json\/wp\/v2\/posts\/157810\/revisions"}],"wp:featuredmedia":[{"embeddable":true,"href":"https:\/\/portalpopmais.com.br\/en\/wp-json\/wp\/v2\/media\/157812"}],"wp:attachment":[{"href":"https:\/\/portalpopmais.com.br\/en\/wp-json\/wp\/v2\/media?parent=157810"}],"wp:term":[{"taxonomy":"category","embeddable":true,"href":"https:\/\/portalpopmais.com.br\/en\/wp-json\/wp\/v2\/categories?post=157810"},{"taxonomy":"post_tag","embeddable":true,"href":"https:\/\/portalpopmais.com.br\/en\/wp-json\/wp\/v2\/tags?post=157810"}],"curies":[{"name":"wp","href":"https:\/\/api.w.org\/{rel}","templated":true}]}}