{"id":157820,"date":"2023-01-07T09:25:13","date_gmt":"2023-01-07T12:25:13","guid":{"rendered":"https:\/\/portalpopmais.com.br\/?p=157820"},"modified":"2023-01-07T09:25:20","modified_gmt":"2023-01-07T12:25:20","slug":"maite-perrone-gravida","status":"publish","type":"post","link":"https:\/\/portalpopmais.com.br\/en\/maite-perrone-gravida\/","title":{"rendered":"Maite Perroni anuncia gravidez nas redes sociais"},"content":{"rendered":"<p>Na noite desta sexta-feira (06), a cantora <strong><a href=\"http:\/\/Portalpopmais.com.br\" target=\"_blank\" rel=\"noopener\">Maite Perron<\/a>i<\/strong>, surpreendeu seus f\u00e3s ao anunciar que est\u00e1 gravida. <\/p>\n\n\n\n<p>Em um v\u00eddeo super fofo, publico em seu <a href=\"http:\/\/Instagram.com\/portalpopmais\" target=\"_blank\" rel=\"noopener\">Instagram<\/a>, a cantora aproveitou a comemora\u00e7\u00e3o do Dia de Reis para contar a novidade. \u201cJ\u00e1 somos 3\u201d, escreveu Maite, em um papel.<\/p>\n\n\n\n<p>Ao lado do marido, Andr\u00e9s Tovar, a cantora e atriz se mostrou extremamente feliz com a novidade. <\/p>\n\n\n\n<p>Veja:<\/p>\n\n\n\n<figure class=\"wp-block-embed is-type-rich is-provider-instagram wp-block-embed-instagram\"><div class=\"wp-block-embed__wrapper\">\nhttps:\/\/www.instagram.com\/reel\/CnF5jPOKuQy\/?igshid=YmMyMTA2M2Y=\n<\/div><\/figure>","protected":false},"excerpt":{"rendered":"<p>Na noite desta sexta-feira (06), a cantora Maite Perroni, surpreendeu seus f\u00e3s ao anunciar que est\u00e1 gravida. Em um v\u00eddeo super fofo, publico em seu Instagram, a cantora aproveitou a comemora\u00e7\u00e3o do Dia de Reis para contar a novidade. \u201cJ\u00e1 somos 3\u201d, escreveu Maite, em um papel. Ao lado do marido, Andr\u00e9s Tovar, a cantora [&hellip;]<\/p>\n","protected":false},"author":2,"featured_media":157823,"comment_status":"closed","ping_status":"open","sticky":false,"template":"","format":"standard","meta":{"footnotes":""},"categories":[173],"tags":[13449],"class_list":["post-157820","post","type-post","status-publish","format-standard","has-post-thumbnail","hentry","category-celebridades","tag-maite-perrone"],"_links":{"self":[{"href":"https:\/\/portalpopmais.com.br\/en\/wp-json\/wp\/v2\/posts\/157820","targetHints":{"allow":["GET"]}}],"collection":[{"href":"https:\/\/portalpopmais.com.br\/en\/wp-json\/wp\/v2\/posts"}],"about":[{"href":"https:\/\/portalpopmais.com.br\/en\/wp-json\/wp\/v2\/types\/post"}],"author":[{"embeddable":true,"href":"https:\/\/portalpopmais.com.br\/en\/wp-json\/wp\/v2\/users\/2"}],"replies":[{"embeddable":true,"href":"https:\/\/portalpopmais.com.br\/en\/wp-json\/wp\/v2\/comments?post=157820"}],"version-history":[{"count":0,"href":"https:\/\/portalpopmais.com.br\/en\/wp-json\/wp\/v2\/posts\/157820\/revisions"}],"wp:featuredmedia":[{"embeddable":true,"href":"https:\/\/portalpopmais.com.br\/en\/wp-json\/wp\/v2\/media\/157823"}],"wp:attachment":[{"href":"https:\/\/portalpopmais.com.br\/en\/wp-json\/wp\/v2\/media?parent=157820"}],"wp:term":[{"taxonomy":"category","embeddable":true,"href":"https:\/\/portalpopmais.com.br\/en\/wp-json\/wp\/v2\/categories?post=157820"},{"taxonomy":"post_tag","embeddable":true,"href":"https:\/\/portalpopmais.com.br\/en\/wp-json\/wp\/v2\/tags?post=157820"}],"curies":[{"name":"wp","href":"https:\/\/api.w.org\/{rel}","templated":true}]}}