{"id":15783,"date":"2019-01-29T01:00:06","date_gmt":"2019-01-29T01:00:06","guid":{"rendered":"http:\/\/popmais.com.br\/?p=15783"},"modified":"2019-01-29T01:00:06","modified_gmt":"2019-01-29T01:00:06","slug":"clima-esquenta-com-hana-e-alan-debaixo-do-edredom","status":"publish","type":"post","link":"https:\/\/portalpopmais.com.br\/en\/clima-esquenta-com-hana-e-alan-debaixo-do-edredom\/","title":{"rendered":"Clima esquenta com Hana e Alan debaixo do edredom"},"content":{"rendered":"<p>Ap\u00f3s virar l\u00edder, Hana conseguiu desfrutar de certa &#8216;privacidade&#8217; junto de Alan. O casal chegou a movimentar a madrugada desta segunda-feira (28) e foi poss\u00edvel ver que o casal estava trocando diversas car\u00edcias e beijos enquanto estavam debaixo do edredom.<\/p>\n<blockquote class=\"twitter-tweet\" data-width=\"550\" data-dnt=\"true\">\n<p lang=\"pt\" dir=\"ltr\">Ta esquentando!! Edredom!!Hana e Alan&#8230;  <a href=\"https:\/\/twitter.com\/bbb?ref_src=twsrc%5Etfw\" target=\"_blank\" rel=\"noopener\">@bbb<\/a>  <a href=\"https:\/\/twitter.com\/boninho?ref_src=twsrc%5Etfw\" target=\"_blank\" rel=\"noopener\">@boninho<\/a> <a href=\"https:\/\/t.co\/n1tfM5P5bC\">pic.twitter.com\/n1tfM5P5bC<\/a><\/p>\n<p>&mdash; Cleber henrique Filho (@UeslleiOficial) <a href=\"https:\/\/twitter.com\/UeslleiOficial\/status\/1089770393517375488?ref_src=twsrc%5Etfw\" target=\"_blank\" rel=\"noopener\">January 28, 2019<\/a><\/p><\/blockquote>\n<p><script async src=\"https:\/\/platform.twitter.com\/widgets.js\" charset=\"utf-8\"><\/script><\/p>\n<p>As imagens dos dois juntos chegou a movimentar a internet. Foi poss\u00edvel ouvir a participante com uma respira\u00e7\u00e3o bastante ofegante\u00a0 e fez os usu\u00e1rios do Twitter questionarem o que de fato estava acontecendo &#8220;<em>Amanh\u00e3 quero explica\u00e7\u00f5es detalhadas sobre esse edredom que n\u00e3o se mexia. Passei quase uma hora olhando de todos os \u00e2ngulos poss\u00edveis tentando entender onde o Alan tava, pareceu que ele entrou de baixo do cobertor e desapareceu, eu s\u00f3 via a silhueta do corpo da Hana&#8221;.<\/em><\/p>\n<blockquote class=\"twitter-tweet\" data-width=\"550\" data-dnt=\"true\">\n<p lang=\"pt\" dir=\"ltr\">OMG \ud83d\ude2e A HANA GEMENDO DEBAIXO DO EDREDOM COM O ALAN \ud83d\ude2e\ud83d\ude2e\ud83d\ude2e <a href=\"https:\/\/twitter.com\/hashtag\/BBB19?src=hash&amp;ref_src=twsrc%5Etfw\" target=\"_blank\" rel=\"noopener\">#BBB19<\/a> \ud83d\ude2e\ud83d\ude2e\ud83d\ude2e\ud83d\ude2e\ud83d\ude2e\ud83d\ude2e\ud83d\ude2e <a href=\"https:\/\/t.co\/AQVV6WRY7k\">pic.twitter.com\/AQVV6WRY7k<\/a><\/p>\n<p>&mdash; bbb20news (@bbb19news2) <a href=\"https:\/\/twitter.com\/bbb19news2\/status\/1089774067048243200?ref_src=twsrc%5Etfw\" target=\"_blank\" rel=\"noopener\">January 28, 2019<\/a><\/p><\/blockquote>\n<p><script async src=\"https:\/\/platform.twitter.com\/widgets.js\" charset=\"utf-8\"><\/script><\/p>\n<p>Alguns criaram as suas pr\u00f3prias teorias &#8220;<em>Hana e Alan levantando os joelhos embaixo do edredom para q os movimentos \u2018n\u00e3o sejam\u2019 percebidos! Kkk&#8221; <\/em>opinou um usu\u00e1rio. &#8220;<em>Tirando os gemidos da Hana, eu nunca vi um casal conseguir esconder t\u00e3o bem que est\u00e1 transando no BBB que nem Hana e Alan , o edredom n\u00e3o se move&#8221; <\/em>comentou uma f\u00e3 do programa.<\/p>","protected":false},"excerpt":{"rendered":"<p>Ap\u00f3s virar l\u00edder, Hana conseguiu desfrutar de certa &#8216;privacidade&#8217; junto de Alan. O casal chegou a movimentar a madrugada desta segunda-feira (28) e foi poss\u00edvel ver que o casal estava trocando diversas car\u00edcias e beijos enquanto estavam debaixo do edredom. Ta esquentando!! Edredom!!Hana e Alan&#8230; @bbb @boninho pic.twitter.com\/n1tfM5P5bC &mdash; Cleber henrique Filho (@UeslleiOficial) January 28, [&hellip;]<\/p>\n","protected":false},"author":2,"featured_media":15786,"comment_status":"closed","ping_status":"closed","sticky":false,"template":"","format":"standard","meta":{"footnotes":""},"categories":[1],"tags":[774],"class_list":["post-15783","post","type-post","status-publish","format-standard","has-post-thumbnail","hentry","category-fire2","tag-bbb"],"_links":{"self":[{"href":"https:\/\/portalpopmais.com.br\/en\/wp-json\/wp\/v2\/posts\/15783","targetHints":{"allow":["GET"]}}],"collection":[{"href":"https:\/\/portalpopmais.com.br\/en\/wp-json\/wp\/v2\/posts"}],"about":[{"href":"https:\/\/portalpopmais.com.br\/en\/wp-json\/wp\/v2\/types\/post"}],"author":[{"embeddable":true,"href":"https:\/\/portalpopmais.com.br\/en\/wp-json\/wp\/v2\/users\/2"}],"replies":[{"embeddable":true,"href":"https:\/\/portalpopmais.com.br\/en\/wp-json\/wp\/v2\/comments?post=15783"}],"version-history":[{"count":0,"href":"https:\/\/portalpopmais.com.br\/en\/wp-json\/wp\/v2\/posts\/15783\/revisions"}],"wp:attachment":[{"href":"https:\/\/portalpopmais.com.br\/en\/wp-json\/wp\/v2\/media?parent=15783"}],"wp:term":[{"taxonomy":"category","embeddable":true,"href":"https:\/\/portalpopmais.com.br\/en\/wp-json\/wp\/v2\/categories?post=15783"},{"taxonomy":"post_tag","embeddable":true,"href":"https:\/\/portalpopmais.com.br\/en\/wp-json\/wp\/v2\/tags?post=15783"}],"curies":[{"name":"wp","href":"https:\/\/api.w.org\/{rel}","templated":true}]}}