{"id":158032,"date":"2023-01-09T10:09:41","date_gmt":"2023-01-09T13:09:41","guid":{"rendered":"https:\/\/portalpopmais.com.br\/?p=158032"},"modified":"2023-01-09T10:09:47","modified_gmt":"2023-01-09T13:09:47","slug":"ex-participante-de-reality-celebra-atos-terroristas-no-congresso-nacional-estamos-fazendo-historia","status":"publish","type":"post","link":"https:\/\/portalpopmais.com.br\/en\/ex-participante-de-reality-celebra-atos-terroristas-no-congresso-nacional-estamos-fazendo-historia\/","title":{"rendered":"Ex-participante de reality celebra atos terroristas no Congresso Nacional: \u201cEstamos fazendo hist\u00f3ria\u201d"},"content":{"rendered":"<p class=\"wp-block-paragraph\">O ex-<a href=\"http:\/\/instagram.com\/bbb\" target=\"_blank\" rel=\"noopener\">BBB<\/a> <strong><a href=\"http:\/\/portalpopmais.com.br\/en\/\">Adriano Costa<\/a><\/strong>, participante da primeira edi\u00e7\u00e3o do reality da Globo, esteve presente nos atos terroristas que assombraram Bras\u00edlia no \u00faltimo domingo (8). <\/p>\n\n\n\n<p class=\"wp-block-paragraph\">Apoiador declarado do ex-presidente Jair Bolsonaro, ele fez uma transmiss\u00e3o ao vivo em seu canal no YouTube, onde possui mais de 230 mil inscritos, mostrando que estava se dirigindo \u00e0 Pra\u00e7a dos Tr\u00eas Poderes.<\/p>\n\n\n\n<p class=\"wp-block-paragraph\"><em>\u201cN\u00e3o era o que todo mundo queria que a gente fosse para o Congresso? Seu desejo est\u00e1 se realizando, estamos indo para o Congresso Nacional agora. Ningu\u00e9m para mais a gente. Agora ningu\u00e9m para mais, estamos ocupando duas faixas da pista. A galera estava ansiosa para sair do quartel, ningu\u00e9m aguentava mais. E acabou, chega! Estamos fazendo hist\u00f3ria, quem achou que isso n\u00e3o ia acontecer se enganou\u201d<\/em>, afirmou.<\/p>\n\n\n\n<p class=\"wp-block-paragraph\">Ele, que foi considerado o primeiro vil\u00e3o da hist\u00f3ria do BBB, possui uma s\u00e9rie de v\u00eddeos e transmiss\u00f5es ao vivo no YouTube, onde mostra os \u00f4nibus bolsonarista chegando em Distrito Federal e diversos golpistas comemorando as invas\u00f5es. <\/p>","protected":false},"excerpt":{"rendered":"<p>O ex-BBB Adriano Costa, participante da primeira edi\u00e7\u00e3o do reality da Globo, esteve presente nos atos terroristas que assombraram Bras\u00edlia no \u00faltimo domingo (8). Apoiador declarado do ex-presidente Jair Bolsonaro, ele fez uma transmiss\u00e3o ao vivo em seu canal no YouTube, onde possui mais de 230 mil inscritos, mostrando que estava se dirigindo \u00e0 Pra\u00e7a [&hellip;]<\/p>\n","protected":false},"author":2,"featured_media":158034,"comment_status":"closed","ping_status":"open","sticky":false,"template":"","format":"standard","meta":{"footnotes":""},"categories":[173],"tags":[13462,774],"class_list":["post-158032","post","type-post","status-publish","format-standard","has-post-thumbnail","hentry","category-celebridades","tag-adriano-costa","tag-bbb"],"_links":{"self":[{"href":"https:\/\/portalpopmais.com.br\/en\/wp-json\/wp\/v2\/posts\/158032","targetHints":{"allow":["GET"]}}],"collection":[{"href":"https:\/\/portalpopmais.com.br\/en\/wp-json\/wp\/v2\/posts"}],"about":[{"href":"https:\/\/portalpopmais.com.br\/en\/wp-json\/wp\/v2\/types\/post"}],"author":[{"embeddable":true,"href":"https:\/\/portalpopmais.com.br\/en\/wp-json\/wp\/v2\/users\/2"}],"replies":[{"embeddable":true,"href":"https:\/\/portalpopmais.com.br\/en\/wp-json\/wp\/v2\/comments?post=158032"}],"version-history":[{"count":0,"href":"https:\/\/portalpopmais.com.br\/en\/wp-json\/wp\/v2\/posts\/158032\/revisions"}],"wp:featuredmedia":[{"embeddable":true,"href":"https:\/\/portalpopmais.com.br\/en\/wp-json\/wp\/v2\/media\/158034"}],"wp:attachment":[{"href":"https:\/\/portalpopmais.com.br\/en\/wp-json\/wp\/v2\/media?parent=158032"}],"wp:term":[{"taxonomy":"category","embeddable":true,"href":"https:\/\/portalpopmais.com.br\/en\/wp-json\/wp\/v2\/categories?post=158032"},{"taxonomy":"post_tag","embeddable":true,"href":"https:\/\/portalpopmais.com.br\/en\/wp-json\/wp\/v2\/tags?post=158032"}],"curies":[{"name":"wp","href":"https:\/\/api.w.org\/{rel}","templated":true}]}}