{"id":158124,"date":"2023-01-09T14:35:01","date_gmt":"2023-01-09T17:35:01","guid":{"rendered":"https:\/\/portalpopmais.com.br\/?p=158124"},"modified":"2023-01-09T14:35:07","modified_gmt":"2023-01-09T17:35:07","slug":"tutinha-renuncia-jovem-pan","status":"publish","type":"post","link":"https:\/\/portalpopmais.com.br\/en\/tutinha-renuncia-jovem-pan\/","title":{"rendered":"Pulou do barco? Saiba o motivo da ren\u00fancia de Tutinha \u00e0 presid\u00eancia da Jovem Pan"},"content":{"rendered":"<p class=\"wp-block-paragraph\">Ant\u00f4nio Augusto Amaral de Carvalho Filho, conhecido como <a href=\"https:\/\/portalpopmais.com.br\/en\/tutinha-jovem-pan-vandalismo-em-brasilia\/\" data-type=\"post\" data-id=\"158117\">Tutinha<\/a>, renunciou \u00e0 presid\u00eancia do grupo <a href=\"http:\/\/jovempan.com.br\" target=\"_blank\" rel=\"noopener\">Jovem Pan<\/a>. O empres\u00e1rio Roberto Ara\u00fajo, que atua como CEO do canal desde 2014, assume o posto.<\/p>\n\n\n\n<p class=\"wp-block-paragraph\">A decis\u00e3o teria acontecido um dia ap\u00f3s a emissora ser acusada de defender os atos terroristas que aconteceram em Bras\u00edlia no domingo (8).<\/p>\n\n\n\n<p class=\"wp-block-paragraph\">De acordo com informa\u00e7\u00f5es da revista Isto \u00c9, a ren\u00fancia, no entanto, n\u00e3o tem a ver com os atos terroristas, mas sim com um romance com &#8220;uma mulher muito bonita&#8221;, chamada Clara.<em> \u201cEle est\u00e1 na fase de um novo relacionamento. Est\u00e1 agora esquiando nos alpes su\u00ed\u00e7os e fixou s\u00e9rio\u201d<\/em>, garantiu uma fonte da publica\u00e7\u00e3o, que n\u00e3o quis se identificar.<\/p>\n\n\n\n<p class=\"wp-block-paragraph\">Um funcion\u00e1rio da emissora nega, e afirma que o distanciamento \u201c\u00e9 mentira\u201d. Na pr\u00e1tica, ele continuaria em f\u00e9rias e teria apenas \u201crepassado a bronca\u201d para outra pessoa.<\/p>","protected":false},"excerpt":{"rendered":"<p>Ant\u00f4nio Augusto Amaral de Carvalho Filho, conhecido como Tutinha, renunciou \u00e0 presid\u00eancia do grupo Jovem Pan. O empres\u00e1rio Roberto Ara\u00fajo, que atua como CEO do canal desde 2014, assume o posto. A decis\u00e3o teria acontecido um dia ap\u00f3s a emissora ser acusada de defender os atos terroristas que aconteceram em Bras\u00edlia no domingo (8). De [&hellip;]<\/p>\n","protected":false},"author":2,"featured_media":158126,"comment_status":"closed","ping_status":"open","sticky":false,"template":"","format":"standard","meta":{"footnotes":""},"categories":[181],"tags":[2389],"class_list":["post-158124","post","type-post","status-publish","format-standard","has-post-thumbnail","hentry","category-televisao","tag-jovem-pan"],"_links":{"self":[{"href":"https:\/\/portalpopmais.com.br\/en\/wp-json\/wp\/v2\/posts\/158124","targetHints":{"allow":["GET"]}}],"collection":[{"href":"https:\/\/portalpopmais.com.br\/en\/wp-json\/wp\/v2\/posts"}],"about":[{"href":"https:\/\/portalpopmais.com.br\/en\/wp-json\/wp\/v2\/types\/post"}],"author":[{"embeddable":true,"href":"https:\/\/portalpopmais.com.br\/en\/wp-json\/wp\/v2\/users\/2"}],"replies":[{"embeddable":true,"href":"https:\/\/portalpopmais.com.br\/en\/wp-json\/wp\/v2\/comments?post=158124"}],"version-history":[{"count":0,"href":"https:\/\/portalpopmais.com.br\/en\/wp-json\/wp\/v2\/posts\/158124\/revisions"}],"wp:featuredmedia":[{"embeddable":true,"href":"https:\/\/portalpopmais.com.br\/en\/wp-json\/wp\/v2\/media\/158126"}],"wp:attachment":[{"href":"https:\/\/portalpopmais.com.br\/en\/wp-json\/wp\/v2\/media?parent=158124"}],"wp:term":[{"taxonomy":"category","embeddable":true,"href":"https:\/\/portalpopmais.com.br\/en\/wp-json\/wp\/v2\/categories?post=158124"},{"taxonomy":"post_tag","embeddable":true,"href":"https:\/\/portalpopmais.com.br\/en\/wp-json\/wp\/v2\/tags?post=158124"}],"curies":[{"name":"wp","href":"https:\/\/api.w.org\/{rel}","templated":true}]}}