{"id":158340,"date":"2023-01-10T14:05:02","date_gmt":"2023-01-10T17:05:02","guid":{"rendered":"https:\/\/portalpopmais.com.br\/?p=158340"},"modified":"2023-01-10T14:05:07","modified_gmt":"2023-01-10T17:05:07","slug":"web-resgata-post-de-manoel-detonando-anitta-pessoa-mais-insuportavel","status":"publish","type":"post","link":"https:\/\/portalpopmais.com.br\/en\/web-resgata-post-de-manoel-detonando-anitta-pessoa-mais-insuportavel\/","title":{"rendered":"Web resgata post de Manoel detonando Anitta: &#8220;Pessoa mais insuport\u00e1vel&#8221;"},"content":{"rendered":"<p>Pelo visto, <a href=\"https:\/\/portalpopmais.com.br\/en\/manoel-comportamento-bizarro\/\" data-type=\"post\" data-id=\"158305\"><strong>Manoel Vicente<\/strong>, participante da Casa de Vidro do BBB23<\/a>, ganhou o desafeto dos f\u00e3s de <a href=\"http:\/\/instagram.com\/anitta\" target=\"_blank\" rel=\"noopener\">Anitta<\/a>. O m\u00e9dico psiquiatra est\u00e1 sendo detonado ap\u00f3s internautas resgatarem uma publica\u00e7\u00e3o onde ele aparece detonando a dona do hit &#8220;Envolver&#8221;.<\/p>\n\n\n\n<p>A postagem \u00e9 de junho de 2014, e nela ele diz: &#8220;Pense uma pessoa mais insuport\u00e1vel que a Anitta e n\u00e3o achar\u00e1&#8221;. Veja:<\/p>\n\n\n\n<p>Imediatamente, os f\u00e3s da popstar repercutiram a declara\u00e7\u00e3o. &#8220;J\u00e1 t\u00e1 com o p\u00e9 fora da casa&#8221;, disse um perfil. &#8220;Porco assado, certeza que deve ser f\u00e3 da branquela sonza e apoiar o racismo dela&#8221;, afirmou outro.<\/p>\n\n\n\n<figure class=\"wp-block-embed is-type-rich is-provider-twitter wp-block-embed-twitter\"><div class=\"wp-block-embed__wrapper\">\n<blockquote class=\"twitter-tweet\" data-width=\"550\" data-dnt=\"true\"><p lang=\"pt\" dir=\"ltr\">\ud83d\udea8EITA! Internautas resgatam tweet em que Manoel, da \u201cCasa de Vidro\u201d do <a href=\"https:\/\/twitter.com\/hashtag\/BBB23?src=hash&amp;ref_src=twsrc%5Etfw\" target=\"_blank\" rel=\"noopener\">#BBB23<\/a>, chama Anitta de \u2018insuport\u00e1vel\u2019 <a href=\"https:\/\/t.co\/vNdh1oEDI4\">pic.twitter.com\/vNdh1oEDI4<\/a><\/p>&mdash; poponze (@poponze) <a href=\"https:\/\/twitter.com\/poponze\/status\/1612856287641112576?ref_src=twsrc%5Etfw\" target=\"_blank\" rel=\"noopener\">January 10, 2023<\/a><\/blockquote><script async src=\"https:\/\/platform.twitter.com\/widgets.js\" charset=\"utf-8\"><\/script>\n<\/div><\/figure>","protected":false},"excerpt":{"rendered":"<p>Pelo visto, Manoel Vicente, participante da Casa de Vidro do BBB23, ganhou o desafeto dos f\u00e3s de Anitta. O m\u00e9dico psiquiatra est\u00e1 sendo detonado ap\u00f3s internautas resgatarem uma publica\u00e7\u00e3o onde ele aparece detonando a dona do hit &#8220;Envolver&#8221;. A postagem \u00e9 de junho de 2014, e nela ele diz: &#8220;Pense uma pessoa mais insuport\u00e1vel que [&hellip;]<\/p>\n","protected":false},"author":2,"featured_media":158343,"comment_status":"closed","ping_status":"open","sticky":false,"template":"","format":"standard","meta":{"footnotes":""},"categories":[8605],"tags":[167,10505,13471],"class_list":["post-158340","post","type-post","status-publish","format-standard","has-post-thumbnail","hentry","category-realities","tag-anitta","tag-casa-de-vidro","tag-manoel"],"_links":{"self":[{"href":"https:\/\/portalpopmais.com.br\/en\/wp-json\/wp\/v2\/posts\/158340","targetHints":{"allow":["GET"]}}],"collection":[{"href":"https:\/\/portalpopmais.com.br\/en\/wp-json\/wp\/v2\/posts"}],"about":[{"href":"https:\/\/portalpopmais.com.br\/en\/wp-json\/wp\/v2\/types\/post"}],"author":[{"embeddable":true,"href":"https:\/\/portalpopmais.com.br\/en\/wp-json\/wp\/v2\/users\/2"}],"replies":[{"embeddable":true,"href":"https:\/\/portalpopmais.com.br\/en\/wp-json\/wp\/v2\/comments?post=158340"}],"version-history":[{"count":0,"href":"https:\/\/portalpopmais.com.br\/en\/wp-json\/wp\/v2\/posts\/158340\/revisions"}],"wp:featuredmedia":[{"embeddable":true,"href":"https:\/\/portalpopmais.com.br\/en\/wp-json\/wp\/v2\/media\/158343"}],"wp:attachment":[{"href":"https:\/\/portalpopmais.com.br\/en\/wp-json\/wp\/v2\/media?parent=158340"}],"wp:term":[{"taxonomy":"category","embeddable":true,"href":"https:\/\/portalpopmais.com.br\/en\/wp-json\/wp\/v2\/categories?post=158340"},{"taxonomy":"post_tag","embeddable":true,"href":"https:\/\/portalpopmais.com.br\/en\/wp-json\/wp\/v2\/tags?post=158340"}],"curies":[{"name":"wp","href":"https:\/\/api.w.org\/{rel}","templated":true}]}}