{"id":159103,"date":"2023-01-12T21:26:59","date_gmt":"2023-01-13T00:26:59","guid":{"rendered":"https:\/\/portalpopmais.com.br\/?p=159103"},"modified":"2023-01-12T21:43:22","modified_gmt":"2023-01-13T00:43:22","slug":"the-town-anuncia-shows-de-foo-fighters-e-ludmilla","status":"publish","type":"post","link":"https:\/\/portalpopmais.com.br\/en\/the-town-anuncia-shows-de-foo-fighters-e-ludmilla\/","title":{"rendered":"The Town anuncia shows de Foo Fighters e Ludmilla"},"content":{"rendered":"<p>O festival <strong><a href=\"https:\/\/portalpopmais.com.br\/en\/rihanna-nicki-minaj-vazamento-the-town\/\" data-type=\"post\" data-id=\"151089\">The Town<\/a><\/strong> confirmou hoje (12) mais atra\u00e7\u00f5es da sua edi\u00e7\u00e3o de estreia, que acontece em setembro deste ano, em S\u00e3o Paulo.<\/p>\n\n\n\n<p>o grupo americano Foo Fighters, que se apresentar\u00e1 no dia 9 de setembro. O festival realizar\u00e1 sua primeira edi\u00e7\u00e3o no Aut\u00f3dromo de Interlagos, em S\u00e3o Paulo, nos dias 2, 3, 7, 9 e 10 de setembro, e j\u00e1 conta com Iza e Criolo como atra\u00e7\u00f5es confirmadas.<\/p>\n\n\n\n<p>Outra novidade \u00e9 a cantora <a href=\"http:\/\/instagram.com\/ludmilla\" target=\"_blank\" rel=\"noopener\">Ludmilla<\/a>, que subir\u00e1 no palco do evento no dia 7 de setembro.<\/p>\n\n\n\n<figure class=\"wp-block-embed is-type-rich is-provider-twitter wp-block-embed-twitter\"><div class=\"wp-block-embed__wrapper\">\n<blockquote class=\"twitter-tweet\" data-width=\"550\" data-dnt=\"true\"><p lang=\"pt\" dir=\"ltr\">\u00e9, \u00e9 isso mesmo que voc\u00ea t\u00e1 vendo:\u200b<br>\u2705 Foo Fighters \u200b<br>\u2705 9 de setembro\u200b<br>\u2705 Palco Skyline\u200b<br> <br>hist\u00f3rico, pra voc\u00ea! \ud83d\udc9c\u200b<a href=\"https:\/\/twitter.com\/hashtag\/FOOFIGHTERSnoTheTown?src=hash&amp;ref_src=twsrc%5Etfw\" target=\"_blank\" rel=\"noopener\">#FOOFIGHTERSnoTheTown<\/a> <a href=\"https:\/\/twitter.com\/hashtag\/TheTown2023?src=hash&amp;ref_src=twsrc%5Etfw\" target=\"_blank\" rel=\"noopener\">#TheTown2023<\/a> <a href=\"https:\/\/twitter.com\/hashtag\/Isso%C3%89TheTown?src=hash&amp;ref_src=twsrc%5Etfw\" target=\"_blank\" rel=\"noopener\">#Isso\u00c9TheTown<\/a> <a href=\"https:\/\/t.co\/kIDTWCz5BZ\">pic.twitter.com\/kIDTWCz5BZ<\/a><\/p>&mdash; The Town (@thetownfestival) <a href=\"https:\/\/twitter.com\/thetownfestival\/status\/1613690644140068864?ref_src=twsrc%5Etfw\" target=\"_blank\" rel=\"noopener\">January 13, 2023<\/a><\/blockquote><script async src=\"https:\/\/platform.twitter.com\/widgets.js\" charset=\"utf-8\"><\/script>\n<\/div><\/figure>\n\n\n\n<figure class=\"wp-block-embed is-type-rich is-provider-twitter wp-block-embed-twitter\"><div class=\"wp-block-embed__wrapper\">\n<blockquote class=\"twitter-tweet\" data-width=\"550\" data-dnt=\"true\"><p lang=\"pt\" dir=\"ltr\">olha s\u00f3 quem chegou, beb\u00ea \ud83e\udd70 <br>a tropa da <a href=\"https:\/\/twitter.com\/Ludmilla?ref_src=twsrc%5Etfw\" target=\"_blank\" rel=\"noopener\">@ludmilla<\/a> t\u00e1 convocada pra um show inesquec\u00edvel no dia 7 de setembro! vai ser hit atr\u00e1s de hit, dan\u00e7a atr\u00e1s de dan\u00e7a e grito atr\u00e1s de grito. animados? \ud83d\udc40 <a href=\"https:\/\/twitter.com\/hashtag\/LUDMILLAnoTheTown?src=hash&amp;ref_src=twsrc%5Etfw\" target=\"_blank\" rel=\"noopener\">#LUDMILLAnoTheTown<\/a> <a href=\"https:\/\/twitter.com\/hashtag\/TheTown2023?src=hash&amp;ref_src=twsrc%5Etfw\" target=\"_blank\" rel=\"noopener\">#TheTown2023<\/a> <a href=\"https:\/\/twitter.com\/hashtag\/Isso%C3%89TheTown?src=hash&amp;ref_src=twsrc%5Etfw\" target=\"_blank\" rel=\"noopener\">#Isso\u00c9TheTown<\/a> <a href=\"https:\/\/t.co\/2d9LCTNFp4\">pic.twitter.com\/2d9LCTNFp4<\/a><\/p>&mdash; The Town (@thetownfestival) <a href=\"https:\/\/twitter.com\/thetownfestival\/status\/1613690631607427072?ref_src=twsrc%5Etfw\" target=\"_blank\" rel=\"noopener\">January 13, 2023<\/a><\/blockquote><script async src=\"https:\/\/platform.twitter.com\/widgets.js\" charset=\"utf-8\"><\/script>\n<\/div><\/figure>","protected":false},"excerpt":{"rendered":"<p>O festival The Town confirmou hoje (12) mais atra\u00e7\u00f5es da sua edi\u00e7\u00e3o de estreia, que acontece em setembro deste ano, em S\u00e3o Paulo. o grupo americano Foo Fighters, que se apresentar\u00e1 no dia 9 de setembro. O festival realizar\u00e1 sua primeira edi\u00e7\u00e3o no Aut\u00f3dromo de Interlagos, em S\u00e3o Paulo, nos dias 2, 3, 7, 9 [&hellip;]<\/p>\n","protected":false},"author":2,"featured_media":159108,"comment_status":"closed","ping_status":"open","sticky":false,"template":"","format":"standard","meta":{"footnotes":""},"categories":[154],"tags":[7366,338,12968],"class_list":["post-159103","post","type-post","status-publish","format-standard","has-post-thumbnail","hentry","category-musica","tag-foo-fighters","tag-ludmilla","tag-the-town"],"_links":{"self":[{"href":"https:\/\/portalpopmais.com.br\/en\/wp-json\/wp\/v2\/posts\/159103","targetHints":{"allow":["GET"]}}],"collection":[{"href":"https:\/\/portalpopmais.com.br\/en\/wp-json\/wp\/v2\/posts"}],"about":[{"href":"https:\/\/portalpopmais.com.br\/en\/wp-json\/wp\/v2\/types\/post"}],"author":[{"embeddable":true,"href":"https:\/\/portalpopmais.com.br\/en\/wp-json\/wp\/v2\/users\/2"}],"replies":[{"embeddable":true,"href":"https:\/\/portalpopmais.com.br\/en\/wp-json\/wp\/v2\/comments?post=159103"}],"version-history":[{"count":0,"href":"https:\/\/portalpopmais.com.br\/en\/wp-json\/wp\/v2\/posts\/159103\/revisions"}],"wp:featuredmedia":[{"embeddable":true,"href":"https:\/\/portalpopmais.com.br\/en\/wp-json\/wp\/v2\/media\/159108"}],"wp:attachment":[{"href":"https:\/\/portalpopmais.com.br\/en\/wp-json\/wp\/v2\/media?parent=159103"}],"wp:term":[{"taxonomy":"category","embeddable":true,"href":"https:\/\/portalpopmais.com.br\/en\/wp-json\/wp\/v2\/categories?post=159103"},{"taxonomy":"post_tag","embeddable":true,"href":"https:\/\/portalpopmais.com.br\/en\/wp-json\/wp\/v2\/tags?post=159103"}],"curies":[{"name":"wp","href":"https:\/\/api.w.org\/{rel}","templated":true}]}}