{"id":15934,"date":"2019-01-31T00:51:50","date_gmt":"2019-01-31T00:51:50","guid":{"rendered":"http:\/\/popmais.com.br\/?p=15934"},"modified":"2019-01-31T00:51:50","modified_gmt":"2019-01-31T00:51:50","slug":"hana-da-fora-em-alan-e-coloca-ponto-final-em-relacao-no-bbb19-nao-somos-um-casal","status":"publish","type":"post","link":"https:\/\/portalpopmais.com.br\/en\/hana-da-fora-em-alan-e-coloca-ponto-final-em-relacao-no-bbb19-nao-somos-um-casal\/","title":{"rendered":"Hana d\u00e1 fora em Alan e coloca ponto final em rela\u00e7\u00e3o no BBB19: \u201cN\u00e3o somos um casal\u201d"},"content":{"rendered":"<p>Parede que o primeiro casal do BBB19 n\u00e3o \u00e9 mais um casal. Em conversa nesta quarta (30), Hana e Isabella comentaram sobre o romance entre a morena e Allan, e para surpresa de muitos, a jovem afirmou que n\u00e3o est\u00e1 ali para ficar com ningu\u00e9m. \u201cN\u00e3o entrei aqui com vontade de ficar com ningu\u00e9m. Por isso falei pra ele\u201d, explicou.<\/p>\n<p>\u201cQuando voc\u00ea se joga, voc\u00ea fica com o primeiro, vem e me beija e tal. Mas pra mim era uma coisa fora do meu plano at\u00e9 ent\u00e3o\u201d, disparou. \u201c\u00c9 fora do meu plano\u201d, revela Paula. \u201cEu tamb\u00e9m, mas a\u00ed rolou, fazer o qu\u00ea? Mais forte que eu!\u201d, explica Hana, deixando claro que eles n\u00e3o s\u00e3o um casal.<\/p>\n<p>\u201cNesse dia ele falou assim pra mim: \u2018Maycon e Isa s\u00e3o um casal muito fofo, mas a gente \u00e9 mais\u2019. Eu respondi: \u2018Mas a gente n\u00e3o \u00e9 um casal!&#8217;\u201d. \u201cEla se fazendo de dif\u00edcil, meu Deus!\u201d, brincou Paula.<\/p>\n<p>Allan n\u00e3o gostou da elimina\u00e7\u00e3o de Gustavo na \u00faltima ter\u00e7a (29) e colocou a culpa na &#8220;namorada&#8221;. Se voc\u00ea n\u00e3o lembra, Hana indicou Gustavo ao pared\u00e3o, que acabou eliminado com 78,94% dos votos.<\/p>","protected":false},"excerpt":{"rendered":"<p>Parede que o primeiro casal do BBB19 n\u00e3o \u00e9 mais um casal. Em conversa nesta quarta (30), Hana e Isabella comentaram sobre o romance entre a morena e Allan, e para surpresa de muitos, a jovem afirmou que n\u00e3o est\u00e1 ali para ficar com ningu\u00e9m. \u201cN\u00e3o entrei aqui com vontade de ficar com ningu\u00e9m. Por [&hellip;]<\/p>\n","protected":false},"author":2,"featured_media":15935,"comment_status":"closed","ping_status":"closed","sticky":false,"template":"","format":"standard","meta":{"footnotes":""},"categories":[1],"tags":[774],"class_list":["post-15934","post","type-post","status-publish","format-standard","has-post-thumbnail","hentry","category-fire2","tag-bbb"],"_links":{"self":[{"href":"https:\/\/portalpopmais.com.br\/en\/wp-json\/wp\/v2\/posts\/15934","targetHints":{"allow":["GET"]}}],"collection":[{"href":"https:\/\/portalpopmais.com.br\/en\/wp-json\/wp\/v2\/posts"}],"about":[{"href":"https:\/\/portalpopmais.com.br\/en\/wp-json\/wp\/v2\/types\/post"}],"author":[{"embeddable":true,"href":"https:\/\/portalpopmais.com.br\/en\/wp-json\/wp\/v2\/users\/2"}],"replies":[{"embeddable":true,"href":"https:\/\/portalpopmais.com.br\/en\/wp-json\/wp\/v2\/comments?post=15934"}],"version-history":[{"count":0,"href":"https:\/\/portalpopmais.com.br\/en\/wp-json\/wp\/v2\/posts\/15934\/revisions"}],"wp:attachment":[{"href":"https:\/\/portalpopmais.com.br\/en\/wp-json\/wp\/v2\/media?parent=15934"}],"wp:term":[{"taxonomy":"category","embeddable":true,"href":"https:\/\/portalpopmais.com.br\/en\/wp-json\/wp\/v2\/categories?post=15934"},{"taxonomy":"post_tag","embeddable":true,"href":"https:\/\/portalpopmais.com.br\/en\/wp-json\/wp\/v2\/tags?post=15934"}],"curies":[{"name":"wp","href":"https:\/\/api.w.org\/{rel}","templated":true}]}}