{"id":159445,"date":"2023-01-13T21:07:55","date_gmt":"2023-01-14T00:07:55","guid":{"rendered":"https:\/\/portalpopmais.com.br\/?p=159445"},"modified":"2023-01-13T21:15:39","modified_gmt":"2023-01-14T00:15:39","slug":"alexandre-de-moraes-bolsonaro-investigado","status":"publish","type":"post","link":"https:\/\/portalpopmais.com.br\/en\/alexandre-de-moraes-bolsonaro-investigado\/","title":{"rendered":"Com autoriza\u00e7\u00e3o de Alexandre de Moraes, Bolsonaro ser\u00e1 investigado em atos golpistas de Bras\u00edlia"},"content":{"rendered":"<p>O ministro do Supremo Tribunal Federal, <strong><a href=\"https:\/\/instagram.com\/portalpopmais\" target=\"_blank\" rel=\"noopener\">Alexandre de Moraes<\/a><\/strong>, acatou um pedido da Procuradoria Geral da Uni\u00e3o, onde fica autorizado a investiga\u00e7\u00e3o de <a href=\"https:\/\/portalpopmais.com.br\/en\/grave-pf-encontra-na-casa-de-ex-ministro-minuta-para-bolsonaro-mudar-resultado-da-eleicao\/\" data-type=\"post\" data-id=\"158979\">Jair Bolsonaro<\/a> nos atos antidemocr\u00e1ticos em Bras\u00edlia.<\/p>\n\n\n\n<p>O pedido foi acatado pelo STF agora pela noite nesta sexta-feira (13). O objetivo agora \u00e9 incluir na investiga\u00e7\u00e3o os \u201cautores intelectuais\u201d e instigadores do vandalismo no Distrito Federal, onde houve depreda\u00e7\u00e3o de pr\u00e9dios p\u00fablicos.<\/p>\n\n\n\n<p>Apoiadores do ex-presidente invadiram as sedes do Pal\u00e1cio do Planalto, Congresso Nacional e STF. A pol\u00edcia do DF agiu somente \u00e0 noite, onde refor\u00e7ou a seguran\u00e7a.<\/p>\n\n\n\n<p>Nessa semana, o <a href=\"https:\/\/portalpopmais.com.br\/en\/lula-derruba-sigilo-100-anos-cartao-bolsonaro\/\" data-type=\"post\" data-id=\"158966\">cart\u00e3o corporativo de Bolsonaro<\/a> teve o sigilo de 100 anos quebrado, mostrando gastos que superam R$ 27,6 milh\u00f5es. Dentre os usos est\u00e3o R$ 104 mil em uma lanchonete, em apenas um dia. Os setores de hotelaria e alimenta\u00e7\u00e3o lideram o ranking.<\/p>","protected":false},"excerpt":{"rendered":"<p>O ministro do Supremo Tribunal Federal, Alexandre de Moraes, acatou um pedido da Procuradoria Geral da Uni\u00e3o, onde fica autorizado a investiga\u00e7\u00e3o de Jair Bolsonaro nos atos antidemocr\u00e1ticos em Bras\u00edlia. O pedido foi acatado pelo STF agora pela noite nesta sexta-feira (13). O objetivo agora \u00e9 incluir na investiga\u00e7\u00e3o os \u201cautores intelectuais\u201d e instigadores do [&hellip;]<\/p>\n","protected":false},"author":2,"featured_media":113082,"comment_status":"closed","ping_status":"open","sticky":false,"template":"","format":"standard","meta":{"footnotes":""},"categories":[2165],"tags":[477],"class_list":["post-159445","post","type-post","status-publish","format-standard","has-post-thumbnail","hentry","category-noticias","tag-bolsonaro"],"_links":{"self":[{"href":"https:\/\/portalpopmais.com.br\/en\/wp-json\/wp\/v2\/posts\/159445","targetHints":{"allow":["GET"]}}],"collection":[{"href":"https:\/\/portalpopmais.com.br\/en\/wp-json\/wp\/v2\/posts"}],"about":[{"href":"https:\/\/portalpopmais.com.br\/en\/wp-json\/wp\/v2\/types\/post"}],"author":[{"embeddable":true,"href":"https:\/\/portalpopmais.com.br\/en\/wp-json\/wp\/v2\/users\/2"}],"replies":[{"embeddable":true,"href":"https:\/\/portalpopmais.com.br\/en\/wp-json\/wp\/v2\/comments?post=159445"}],"version-history":[{"count":0,"href":"https:\/\/portalpopmais.com.br\/en\/wp-json\/wp\/v2\/posts\/159445\/revisions"}],"wp:featuredmedia":[{"embeddable":true,"href":"https:\/\/portalpopmais.com.br\/en\/wp-json\/wp\/v2\/media\/113082"}],"wp:attachment":[{"href":"https:\/\/portalpopmais.com.br\/en\/wp-json\/wp\/v2\/media?parent=159445"}],"wp:term":[{"taxonomy":"category","embeddable":true,"href":"https:\/\/portalpopmais.com.br\/en\/wp-json\/wp\/v2\/categories?post=159445"},{"taxonomy":"post_tag","embeddable":true,"href":"https:\/\/portalpopmais.com.br\/en\/wp-json\/wp\/v2\/tags?post=159445"}],"curies":[{"name":"wp","href":"https:\/\/api.w.org\/{rel}","templated":true}]}}