{"id":159835,"date":"2023-01-16T18:30:00","date_gmt":"2023-01-16T21:30:00","guid":{"rendered":"https:\/\/portalpopmais.com.br\/?p=159835"},"modified":"2023-01-16T18:04:28","modified_gmt":"2023-01-16T21:04:28","slug":"reporter-record-tietado-ao-vivo-video","status":"publish","type":"post","link":"https:\/\/portalpopmais.com.br\/en\/reporter-record-tietado-ao-vivo-video\/","title":{"rendered":"Rep\u00f3rter da Record \u00e9 tietado ao vivo por entrevistada; veja o v\u00eddeo"},"content":{"rendered":"<p class=\"wp-block-paragraph\">O rep\u00f3rter F\u00e1bio Peixoto da <strong><a href=\"https:\/\/portalpopmais.com.br\/en\/record-tera-a-fazenda-15-em-2023-adriane\/\" data-type=\"post\" data-id=\"154974\">Record TV<\/a><\/strong> foi tietado por uma entrevistada ao vivo durante o \u201cBalan\u00e7o Geral RJ Manh\u00e3\u201d. Ao falar com uma mulher sobre as altas temperaturas no Rio de Janeiro, ela refor\u00e7ou os cuidados, mas de uma forma diferente.<\/p>\n\n\n\n<p class=\"wp-block-paragraph\">Ao t\u00e9rmino da entrevista, passou protetor solar no rep\u00f3rter sem medo. O jornalista por sua vez reagiu com humor \u00e0 a\u00e7\u00e3o inesperada de sua entrevistada ao vivo.<\/p>\n\n\n\n<figure class=\"wp-block-embed is-type-rich is-provider-twitter wp-block-embed-twitter\"><div class=\"wp-block-embed__wrapper\">\n<blockquote class=\"twitter-tweet\" data-width=\"550\" data-dnt=\"true\"><p lang=\"pt\" dir=\"ltr\">Essa querida aqui tem uma sorte e tanto <a href=\"https:\/\/twitter.com\/hashtag\/Balan%C3%A7oGeralRJ?src=hash&amp;ref_src=twsrc%5Etfw\" target=\"_blank\" rel=\"noopener\">#Balan\u00e7oGeralRJ<\/a> <a href=\"https:\/\/twitter.com\/hashtag\/BGManh%C3%A3RJ?src=hash&amp;ref_src=twsrc%5Etfw\" target=\"_blank\" rel=\"noopener\">#BGManh\u00e3RJ<\/a> <a href=\"https:\/\/t.co\/Ctu0ifCQAv\">pic.twitter.com\/Ctu0ifCQAv<\/a><\/p>&mdash; Brenno de Moura (Secund\u00e1ria) (@tuittambrenno_) <a href=\"https:\/\/twitter.com\/tuittambrenno_\/status\/1615038688898973713?ref_src=twsrc%5Etfw\" target=\"_blank\" rel=\"noopener\">January 16, 2023<\/a><\/blockquote><script async src=\"https:\/\/platform.twitter.com\/widgets.js\" charset=\"utf-8\"><\/script>\n<\/div><\/figure>\n\n\n\n<p class=\"wp-block-paragraph\">O apresentador do matinal n\u00e3o segurou a surpresa, que afirmou: \u201cEsse \u00e9 brabo. Gal\u00e3!\u201d. Internautas comentaram sobre a passada de protetor durante o jornal. \u201cEu ia ficar sem rea\u00e7\u00e3o\u201d, disse uma. Outro diz: \u201cEssa querida aqui tem uma sorte e tanto\u201d.<\/p>\n\n\n\n<p class=\"wp-block-paragraph\">F\u00e1bio \u00e9 rep\u00f3rter da filial da Record no Rio de Janeiro. Al\u00e9m das participa\u00e7\u00f5es na edi\u00e7\u00e3o regional do \u201cBalan\u00e7o Geral\u201d, esteve nas transmiss\u00f5es do \u2018Carioc\u00e3o 2021\u2019 na emissora da Barra Funda.<\/p>\n\n\n\n<p class=\"wp-block-paragraph\">O jornalista tamb\u00e9m teve passagem pela <a href=\"https:\/\/instagram.com\/portalpopmais\" data-type=\"URL\" data-id=\"https:\/\/instagram.com\/portalpopmais\" target=\"_blank\" rel=\"noopener\">Band<\/a>, com destaque no setor esportivo.<\/p>","protected":false},"excerpt":{"rendered":"<p>O rep\u00f3rter F\u00e1bio Peixoto da Record TV foi tietado por uma entrevistada ao vivo durante o \u201cBalan\u00e7o Geral RJ Manh\u00e3\u201d. Ao falar com uma mulher sobre as altas temperaturas no Rio de Janeiro, ela refor\u00e7ou os cuidados, mas de uma forma diferente. Ao t\u00e9rmino da entrevista, passou protetor solar no rep\u00f3rter sem medo. O jornalista [&hellip;]<\/p>\n","protected":false},"author":2,"featured_media":159836,"comment_status":"closed","ping_status":"open","sticky":false,"template":"","format":"standard","meta":{"footnotes":""},"categories":[181],"tags":[882],"class_list":["post-159835","post","type-post","status-publish","format-standard","has-post-thumbnail","hentry","category-televisao","tag-record"],"_links":{"self":[{"href":"https:\/\/portalpopmais.com.br\/en\/wp-json\/wp\/v2\/posts\/159835","targetHints":{"allow":["GET"]}}],"collection":[{"href":"https:\/\/portalpopmais.com.br\/en\/wp-json\/wp\/v2\/posts"}],"about":[{"href":"https:\/\/portalpopmais.com.br\/en\/wp-json\/wp\/v2\/types\/post"}],"author":[{"embeddable":true,"href":"https:\/\/portalpopmais.com.br\/en\/wp-json\/wp\/v2\/users\/2"}],"replies":[{"embeddable":true,"href":"https:\/\/portalpopmais.com.br\/en\/wp-json\/wp\/v2\/comments?post=159835"}],"version-history":[{"count":0,"href":"https:\/\/portalpopmais.com.br\/en\/wp-json\/wp\/v2\/posts\/159835\/revisions"}],"wp:featuredmedia":[{"embeddable":true,"href":"https:\/\/portalpopmais.com.br\/en\/wp-json\/wp\/v2\/media\/159836"}],"wp:attachment":[{"href":"https:\/\/portalpopmais.com.br\/en\/wp-json\/wp\/v2\/media?parent=159835"}],"wp:term":[{"taxonomy":"category","embeddable":true,"href":"https:\/\/portalpopmais.com.br\/en\/wp-json\/wp\/v2\/categories?post=159835"},{"taxonomy":"post_tag","embeddable":true,"href":"https:\/\/portalpopmais.com.br\/en\/wp-json\/wp\/v2\/tags?post=159835"}],"curies":[{"name":"wp","href":"https:\/\/api.w.org\/{rel}","templated":true}]}}