{"id":160751,"date":"2023-01-20T07:45:00","date_gmt":"2023-01-20T10:45:00","guid":{"rendered":"https:\/\/portalpopmais.com.br\/?p=160751"},"modified":"2023-01-20T05:28:22","modified_gmt":"2023-01-20T08:28:22","slug":"fred-nicacio-xepa-voto-consenso-paredao","status":"publish","type":"post","link":"https:\/\/portalpopmais.com.br\/en\/fred-nicacio-xepa-voto-consenso-paredao\/","title":{"rendered":"J\u00e1 tem grup\u00e3o? Fred Nic\u00e1cio afirma que Xepa precisa definir voto em consenso para o Pared\u00e3o"},"content":{"rendered":"\n<p><a href=\"https:\/\/portalpopmais.com.br\/video-fred-nicacio-se-emociona-ao-relembrar-perrengues-da-vida-e-vai-no-choro\/\" data-type=\"post\" data-id=\"160485\">Fred Nic\u00e1cio<\/a> j\u00e1 deu a entender que quem ficou de fora do Vip j\u00e1 \u00e9 um grupo. Ou para quem v\u00ea de longe, \u00e9 os primeiros ind\u00edcios. Segundo ele, um voto em consenso precisa ser definido at\u00e9 a forma\u00e7\u00e3o do Pared\u00e3o no domingo (22).<\/p>\n\n\n\n<p>\u201cAt\u00e9 domingo a gente tem que decidir quem \u00e9 o nosso voto porque n\u00f3s somos a casa, quem a gente votar vai pro pared\u00e3o. E a gente tem que decidir o contragolpe. [\u2026] At\u00e9 s\u00e1bado \u00e0 noite a gente tem que decidir, agora vambora viver pra n\u00e3o ficar nessa espiral!\u201d<\/p>\n\n\n\n<p>O prazo pelo s\u00edndico da reuni\u00e3o de condom\u00ednio estabeleceu que o emparedado seja decidido at\u00e9 s\u00e1bado (21), dia que acontece a <a href=\"https:\/\/twitter.com\/sitepopmais\" data-type=\"URL\" data-id=\"https:\/\/twitter.com\/sitepopmais\" target=\"_blank\" rel=\"noopener\">Prova do Anjo<\/a>.<\/p>\n\n\n\n<p>O m\u00e9dico ainda teve uma conversa com Aline, onde tra\u00e7a um perfil dos confinados depois da Prova do L\u00edder e forma\u00e7\u00e3o do Vip e da Xepa. Nic\u00e1cio chama a cantora para que n\u00e3o fique isolada pelos moradores do Quarto Deserto e Quarto do Mar.<\/p>\n\n\n\n<p>Na madrugada, no Quarto do Mar, decidiram depois de muitas negocia\u00e7\u00f5es que Gabriel e Paula ser\u00e3o a primeira op\u00e7\u00e3o de voto. Amanda e \u2018Cara de Sapato\u2019 ou Tina e Guim\u00ea podem ser a segunda alternativa.&nbsp;<\/p>\n","protected":false},"excerpt":{"rendered":"<p>Fred Nic\u00e1cio j\u00e1 deu a entender que quem ficou de fora do Vip j\u00e1 \u00e9 um grupo. Ou para quem v\u00ea de longe, \u00e9 os primeiros ind\u00edcios. Segundo ele, um voto em consenso precisa ser definido at\u00e9 a forma\u00e7\u00e3o do Pared\u00e3o no domingo (22). \u201cAt\u00e9 domingo a gente tem que decidir quem \u00e9 o nosso [&hellip;]<\/p>\n","protected":false},"author":2,"featured_media":160769,"comment_status":"closed","ping_status":"open","sticky":false,"template":"","format":"standard","meta":{"footnotes":""},"categories":[8605],"tags":[13256,180],"class_list":["post-160751","post","type-post","status-publish","format-standard","has-post-thumbnail","hentry","category-realities","tag-bbb-23","tag-globo"],"_links":{"self":[{"href":"https:\/\/portalpopmais.com.br\/en\/wp-json\/wp\/v2\/posts\/160751","targetHints":{"allow":["GET"]}}],"collection":[{"href":"https:\/\/portalpopmais.com.br\/en\/wp-json\/wp\/v2\/posts"}],"about":[{"href":"https:\/\/portalpopmais.com.br\/en\/wp-json\/wp\/v2\/types\/post"}],"author":[{"embeddable":true,"href":"https:\/\/portalpopmais.com.br\/en\/wp-json\/wp\/v2\/users\/2"}],"replies":[{"embeddable":true,"href":"https:\/\/portalpopmais.com.br\/en\/wp-json\/wp\/v2\/comments?post=160751"}],"version-history":[{"count":0,"href":"https:\/\/portalpopmais.com.br\/en\/wp-json\/wp\/v2\/posts\/160751\/revisions"}],"wp:featuredmedia":[{"embeddable":true,"href":"https:\/\/portalpopmais.com.br\/en\/wp-json\/wp\/v2\/media\/160769"}],"wp:attachment":[{"href":"https:\/\/portalpopmais.com.br\/en\/wp-json\/wp\/v2\/media?parent=160751"}],"wp:term":[{"taxonomy":"category","embeddable":true,"href":"https:\/\/portalpopmais.com.br\/en\/wp-json\/wp\/v2\/categories?post=160751"},{"taxonomy":"post_tag","embeddable":true,"href":"https:\/\/portalpopmais.com.br\/en\/wp-json\/wp\/v2\/tags?post=160751"}],"curies":[{"name":"wp","href":"https:\/\/api.w.org\/{rel}","templated":true}]}}