{"id":161060,"date":"2023-01-21T10:15:00","date_gmt":"2023-01-21T13:15:00","guid":{"rendered":"https:\/\/portalpopmais.com.br\/?p=161060"},"modified":"2023-01-21T02:28:14","modified_gmt":"2023-01-21T05:28:14","slug":"apresentador-sbt-erra-nome-de-novela-ao-vivo","status":"publish","type":"post","link":"https:\/\/portalpopmais.com.br\/en\/apresentador-sbt-erra-nome-de-novela-ao-vivo\/","title":{"rendered":"V\u00cdDEO | Apresentador do SBT erra nome de novela do canal ao vivo"},"content":{"rendered":"<p>O apresentador do <strong><a href=\"https:\/\/portalpopmais.com.br\/en\/globo-imagem-reality-sbt-aline\/\" data-type=\"post\" data-id=\"159904\">SBT<\/a><\/strong> Cl\u00f3vis Monteiro esqueceu o nome da principal novela da casa, \u201cPoliana Mo\u00e7a\u201d. Ao encerrar o jornal que apresenta na filial da emissora de Silvio Santos no Rio de Janeiro, trocou por um sobrenome.<\/p>\n\n\n\n<p>\u201cFique ligado, depois (do SBT Brasil) tem \u2018Poliana Gomes\u2019, \u2018Poliana Gomes\u2019 n\u00e3o! \u2018Poliana Mo\u00e7a\u2019\u201d, corrigiu o \u00e2ncora do \u201cSBT Rio 2\u00aa Edi\u00e7\u00e3o\u201d logo na sequ\u00eancia.<\/p>\n\n\n\n<figure class=\"wp-block-embed is-type-rich is-provider-twitter wp-block-embed-twitter\"><div class=\"wp-block-embed__wrapper\">\n<blockquote class=\"twitter-tweet\" data-width=\"550\" data-dnt=\"true\"><p lang=\"pt\" dir=\"ltr\">Hoje tem Poliana Gomes kkk <a href=\"https:\/\/t.co\/CYJRNfDwib\">pic.twitter.com\/CYJRNfDwib<\/a><\/p>&mdash; Gabriel Menezes (@briel_menezes) <a href=\"https:\/\/twitter.com\/briel_menezes\/status\/1616206235291815965?ref_src=twsrc%5Etfw\" target=\"_blank\" rel=\"noopener\">January 19, 2023<\/a><\/blockquote><script async src=\"https:\/\/platform.twitter.com\/widgets.js\" charset=\"utf-8\"><\/script>\n<\/div><\/figure>\n\n\n\n<p>O caso aconteceu na edi\u00e7\u00e3o de quinta-feira (19) no notici\u00e1rio regional do <a href=\"https:\/\/instagram.com\/portalpopmais\" data-type=\"URL\" data-id=\"https:\/\/instagram.com\/portalpopmais\" target=\"_blank\" rel=\"noopener\">SBT<\/a> no Rio de Janeiro. A t\u00edtulo de curiosidade, a trama neste dia marcou uma m\u00e9dia de 5,8 pontos. N\u00e3o \u00e9 dif\u00edcil que a atra\u00e7\u00e3o seja a mais vista da grade.<\/p>\n\n\n\n<p>&#8220;C\u00famplices de Um Resgate\u201d ficou a 0,6 pontos da trama de Sophia Valverde, com m\u00e9dia de 5,2 pontos, segunda mais vista da programa\u00e7\u00e3o. Na quinta (19), o SBT marcou m\u00e9dia de 3,7 pontos, sendo o \u201cSBT News na TV\u201d o menos visto do dia, com 1,8 ponto.<\/p>","protected":false},"excerpt":{"rendered":"<p>O apresentador do SBT Cl\u00f3vis Monteiro esqueceu o nome da principal novela da casa, \u201cPoliana Mo\u00e7a\u201d. Ao encerrar o jornal que apresenta na filial da emissora de Silvio Santos no Rio de Janeiro, trocou por um sobrenome. \u201cFique ligado, depois (do SBT Brasil) tem \u2018Poliana Gomes\u2019, \u2018Poliana Gomes\u2019 n\u00e3o! \u2018Poliana Mo\u00e7a\u2019\u201d, corrigiu o \u00e2ncora do [&hellip;]<\/p>\n","protected":false},"author":2,"featured_media":161059,"comment_status":"closed","ping_status":"open","sticky":false,"template":"","format":"standard","meta":{"footnotes":""},"categories":[181],"tags":[11020,403],"class_list":["post-161060","post","type-post","status-publish","format-standard","has-post-thumbnail","hentry","category-televisao","tag-poliana-moca","tag-sbt"],"_links":{"self":[{"href":"https:\/\/portalpopmais.com.br\/en\/wp-json\/wp\/v2\/posts\/161060","targetHints":{"allow":["GET"]}}],"collection":[{"href":"https:\/\/portalpopmais.com.br\/en\/wp-json\/wp\/v2\/posts"}],"about":[{"href":"https:\/\/portalpopmais.com.br\/en\/wp-json\/wp\/v2\/types\/post"}],"author":[{"embeddable":true,"href":"https:\/\/portalpopmais.com.br\/en\/wp-json\/wp\/v2\/users\/2"}],"replies":[{"embeddable":true,"href":"https:\/\/portalpopmais.com.br\/en\/wp-json\/wp\/v2\/comments?post=161060"}],"version-history":[{"count":0,"href":"https:\/\/portalpopmais.com.br\/en\/wp-json\/wp\/v2\/posts\/161060\/revisions"}],"wp:featuredmedia":[{"embeddable":true,"href":"https:\/\/portalpopmais.com.br\/en\/wp-json\/wp\/v2\/media\/161059"}],"wp:attachment":[{"href":"https:\/\/portalpopmais.com.br\/en\/wp-json\/wp\/v2\/media?parent=161060"}],"wp:term":[{"taxonomy":"category","embeddable":true,"href":"https:\/\/portalpopmais.com.br\/en\/wp-json\/wp\/v2\/categories?post=161060"},{"taxonomy":"post_tag","embeddable":true,"href":"https:\/\/portalpopmais.com.br\/en\/wp-json\/wp\/v2\/tags?post=161060"}],"curies":[{"name":"wp","href":"https:\/\/api.w.org\/{rel}","templated":true}]}}