{"id":161090,"date":"2023-01-21T10:30:00","date_gmt":"2023-01-21T13:30:00","guid":{"rendered":"https:\/\/portalpopmais.com.br\/?p=161090"},"modified":"2023-01-21T09:26:46","modified_gmt":"2023-01-21T12:26:46","slug":"bbb-23-climao-gabriel-fop-e-nicacio-se-estranham-e-enfermeiro-diz-na-lata-voce-nao-e-confiavel-video","status":"publish","type":"post","link":"https:\/\/portalpopmais.com.br\/en\/bbb-23-climao-gabriel-fop-e-nicacio-se-estranham-e-enfermeiro-diz-na-lata-voce-nao-e-confiavel-video\/","title":{"rendered":"BBB 23: Clim\u00e3o! Gabriel Fop e Nic\u00e1cio se estranham e enfermeiro diz na lata: &#8220;Voc\u00ea n\u00e3o \u00e9 confi\u00e1vel&#8221;; v\u00eddeo"},"content":{"rendered":"\n<p>Na madrugada deste s\u00e1bado (21), <strong><a href=\"https:\/\/portalpopmais.com.br\/bbb23-tina-alerta-bruna-griphao-sobre-envolvimento-com-gabriel-tavares-nao-cria-esse-compromisso-video\/\" data-type=\"post\" data-id=\"161080\">Gabriel Tavares<\/a><\/strong> e <strong><a href=\"https:\/\/portalpopmais.com.br\/gil-do-vigor-fred-nicacio-bicha-caricata\/\" data-type=\"post\" data-id=\"160755\">Fred Nic\u00e1cio<\/a><\/strong> se estranharam durante uma conversa na cozinha do <a href=\"http:\/\/instagram.com\/bbb\" target=\"_blank\" rel=\"noopener\">BBB23<\/a>. <\/p>\n\n\n\n<p>Ap\u00f3s o m\u00e9dico dar um\u00a0fora no modelo, o ex-Casa de Vidro chamou C\u00e9zar Black para conversar sobre a sua postura na casa. Em um determinado momento, Nic\u00e1cio escutou seu nome e o clima fechou entre eles.<\/p>\n\n\n\n<p>O apresentador da Netflix pediu para o integrante da Casa de Vidro assumir que era uma pessoa fria e calculista. Ele aproveitou para dizer que o moreno n\u00e3o \u00e9 confi\u00e1vel.<\/p>\n\n\n\n<p><strong>Nic\u00e1cio<\/strong>: \u201cS\u00f3 assuma que voc\u00ea \u00e9 um cara frio calculista. [\u2026] Pessoas frias e calculistas como eu te falei s\u00e3o capazes de morder o pesco\u00e7o de quem est\u00e1 do lado.\u201d<br><strong>Gabriel<\/strong>:  \u201cExato, eu t\u00f4 no jogo. Eu quero ganhar.\u201d<br><strong>Nic\u00e1cio<\/strong>: \u201cVoc\u00ea n\u00e3o \u00e9 confi\u00e1vel, velho.\u201d<br><strong>Gabriel<\/strong>: \u201cMas eu n\u00e3o quero que tu confie em mim.\u201d<br><strong>Nic\u00e1cio<\/strong>: \u201cNem se tu pedisse, velho. S\u00f3 me estranha sua percep\u00e7\u00e3o de ter que se justificar pros outros.\u201d<\/p>\n\n\n\n<figure class=\"wp-block-embed is-type-rich is-provider-twitter wp-block-embed-twitter\"><div class=\"wp-block-embed__wrapper\">\n<blockquote class=\"twitter-tweet\" data-width=\"550\" data-dnt=\"true\"><p lang=\"pt\" dir=\"ltr\">Fred Nic\u00e1cio diz que Gabriel n\u00e3o \u00e9 uma pessoa confi\u00e1vel e o clima fecha na cozinha <a href=\"https:\/\/twitter.com\/hashtag\/BBB23?src=hash&amp;ref_src=twsrc%5Etfw\" target=\"_blank\" rel=\"noopener\">#BBB23<\/a> <a href=\"https:\/\/twitter.com\/hashtag\/festabbb23?src=hash&amp;ref_src=twsrc%5Etfw\" target=\"_blank\" rel=\"noopener\">#festabbb23<\/a> <a href=\"https:\/\/twitter.com\/hashtag\/RedeBBB?src=hash&amp;ref_src=twsrc%5Etfw\" target=\"_blank\" rel=\"noopener\">#RedeBBB<\/a> <a href=\"https:\/\/t.co\/cBhesslCUy\">https:\/\/t.co\/cBhesslCUy<\/a><\/p>&mdash; Oniverso Abomin\u00e1vel (@Oniabominavel) <a href=\"https:\/\/twitter.com\/Oniabominavel\/status\/1616677266527748096?ref_src=twsrc%5Etfw\" target=\"_blank\" rel=\"noopener\">January 21, 2023<\/a><\/blockquote><script async src=\"https:\/\/platform.twitter.com\/widgets.js\" charset=\"utf-8\"><\/script>\n<\/div><\/figure>\n\n\n\n<figure class=\"wp-block-embed is-type-rich is-provider-twitter wp-block-embed-twitter\"><div class=\"wp-block-embed__wrapper\">\n<blockquote class=\"twitter-tweet\" data-width=\"550\" data-dnt=\"true\"><p lang=\"pt\" dir=\"ltr\">Gaguejando, Fred Nic\u00e1cio e Gabriel Tavares tem uma discuss\u00e3o na cozinha <a href=\"https:\/\/twitter.com\/hashtag\/BBB23?src=hash&amp;ref_src=twsrc%5Etfw\" target=\"_blank\" rel=\"noopener\">#BBB23<\/a> <a href=\"https:\/\/twitter.com\/hashtag\/festabbb23?src=hash&amp;ref_src=twsrc%5Etfw\" target=\"_blank\" rel=\"noopener\">#festabbb23<\/a> <a href=\"https:\/\/twitter.com\/hashtag\/RedeBBB?src=hash&amp;ref_src=twsrc%5Etfw\" target=\"_blank\" rel=\"noopener\">#RedeBBB<\/a> <a href=\"https:\/\/t.co\/cBhessmaK6\">https:\/\/t.co\/cBhessmaK6<\/a><\/p>&mdash; Oniverso Abomin\u00e1vel (@Oniabominavel) <a href=\"https:\/\/twitter.com\/Oniabominavel\/status\/1616676178831757315?ref_src=twsrc%5Etfw\" target=\"_blank\" rel=\"noopener\">January 21, 2023<\/a><\/blockquote><script async src=\"https:\/\/platform.twitter.com\/widgets.js\" charset=\"utf-8\"><\/script>\n<\/div><\/figure>\n","protected":false},"excerpt":{"rendered":"<p>Na madrugada deste s\u00e1bado (21), Gabriel Tavares e Fred Nic\u00e1cio se estranharam durante uma conversa na cozinha do BBB23. Ap\u00f3s o m\u00e9dico dar um\u00a0fora no modelo, o ex-Casa de Vidro chamou C\u00e9zar Black para conversar sobre a sua postura na casa. Em um determinado momento, Nic\u00e1cio escutou seu nome e o clima fechou entre eles. [&hellip;]<\/p>\n","protected":false},"author":2,"featured_media":161094,"comment_status":"closed","ping_status":"open","sticky":false,"template":"","format":"standard","meta":{"footnotes":""},"categories":[1],"tags":[11142,13539,13485],"class_list":["post-161090","post","type-post","status-publish","format-standard","has-post-thumbnail","hentry","category-fire2","tag-bbb23","tag-fred-nicacio","tag-gabriel-tavares"],"_links":{"self":[{"href":"https:\/\/portalpopmais.com.br\/en\/wp-json\/wp\/v2\/posts\/161090","targetHints":{"allow":["GET"]}}],"collection":[{"href":"https:\/\/portalpopmais.com.br\/en\/wp-json\/wp\/v2\/posts"}],"about":[{"href":"https:\/\/portalpopmais.com.br\/en\/wp-json\/wp\/v2\/types\/post"}],"author":[{"embeddable":true,"href":"https:\/\/portalpopmais.com.br\/en\/wp-json\/wp\/v2\/users\/2"}],"replies":[{"embeddable":true,"href":"https:\/\/portalpopmais.com.br\/en\/wp-json\/wp\/v2\/comments?post=161090"}],"version-history":[{"count":0,"href":"https:\/\/portalpopmais.com.br\/en\/wp-json\/wp\/v2\/posts\/161090\/revisions"}],"wp:featuredmedia":[{"embeddable":true,"href":"https:\/\/portalpopmais.com.br\/en\/wp-json\/wp\/v2\/media\/161094"}],"wp:attachment":[{"href":"https:\/\/portalpopmais.com.br\/en\/wp-json\/wp\/v2\/media?parent=161090"}],"wp:term":[{"taxonomy":"category","embeddable":true,"href":"https:\/\/portalpopmais.com.br\/en\/wp-json\/wp\/v2\/categories?post=161090"},{"taxonomy":"post_tag","embeddable":true,"href":"https:\/\/portalpopmais.com.br\/en\/wp-json\/wp\/v2\/tags?post=161090"}],"curies":[{"name":"wp","href":"https:\/\/api.w.org\/{rel}","templated":true}]}}