{"id":161284,"date":"2023-01-23T09:45:00","date_gmt":"2023-01-23T12:45:00","guid":{"rendered":"https:\/\/portalpopmais.com.br\/?p=161284"},"modified":"2023-01-23T09:18:17","modified_gmt":"2023-01-23T12:18:17","slug":"arthur-aguiar-so-quero-viver-em-paz","status":"publish","type":"post","link":"https:\/\/portalpopmais.com.br\/en\/arthur-aguiar-so-quero-viver-em-paz\/","title":{"rendered":"Arthur Aguiar diz que est\u00e1 cansado das coisas que saem sobre a seu respeito: &#8220;S\u00f3 quero viver em paz&#8221;"},"content":{"rendered":"\n<p>Com o BBB23 em alta, o nome de <strong><a href=\"https:\/\/portalpopmais.com.br\/maira-cardi-reatar-casamento-arthur-aguiar\/\" data-type=\"post\" data-id=\"160536\">Arthur Aguiar<\/a><\/strong> o \u00faltimo ganhador da edi\u00e7\u00e3o, voltou a circular com mais frequ\u00eancia, tanto dentro da casa mais vigiada pelos novos participantes, quanto do lado de fora. <\/p>\n\n\n\n<p>E em uma conversa com a Coluna de F\u00e1bia Oliveira, do Portal em Off durante o &#8220;Praiou&#8221;, show da dupla Matheus e Kauan, o cantor disparou que s\u00f3 quer viver em paz e que est\u00e1 cansado de tudo negativo que sai a seu respeito.<\/p>\n\n\n\n<p>\u201cEu s\u00f3 quero viver em paz, ficar de boa, curtir a minha vida sem ter que conviver com tanta coisa que inventam sobre mim\u201d, desabafou. Durante o evento, o ex-BBB que \u00e9 amigo pessoal de Matheus e foi recebido por ele no camarim antes da apresenta\u00e7\u00e3o, ficou numa \u00e1rea reservada para convidados, longe do alvoro\u00e7o e se limitou a atender as f\u00e3s que o chamavam na grade pedindo fotos. A coluna viu [com certeza] que ele chegou sozinho e foi embora sozinho, disse Arthur Aguiar. <\/p>\n\n\n\n<p>Em rumores recentes, ele foi apontado como um novo apresentador da Rede Tv!, mas negou isso a jornalista e que vem apostando em outros projetos, como a inaugura\u00e7\u00e3o de sua pr\u00f3pria padaria. Vale ressaltar, que durante o reality, Arthur ficou conhecido como &#8216;p\u00e3ozinho&#8217; por comer muito dentro da casa e por n\u00e3o saber cozinhar sempre recorria ao p\u00e3o. <\/p>\n\n\n\n<figure class=\"wp-block-embed is-type-rich is-provider-instagram wp-block-embed-instagram\"><div class=\"wp-block-embed__wrapper\">\nhttps:\/\/www.instagram.com\/p\/Cnv4e0AKnct\/\n<\/div><\/figure>\n\n\n\n<p>Em recente entrevista no Caf\u00e9 com Mussi, <strong><a href=\"https:\/\/portalpopmais.com.br\/maira-cardi-reatar-casamento-arthur-aguiar\/\" data-type=\"post\" data-id=\"160536\">Ma\u00edra Cardi<\/a><\/strong>, contou que n\u00e3o h\u00e1 chances de reatar o seu casamento com Arthur Aguiar.<\/p>\n","protected":false},"excerpt":{"rendered":"<p>Com o BBB23 em alta, o nome de Arthur Aguiar o \u00faltimo ganhador da edi\u00e7\u00e3o, voltou a circular com mais frequ\u00eancia, tanto dentro da casa mais vigiada pelos novos participantes, quanto do lado de fora. E em uma conversa com a Coluna de F\u00e1bia Oliveira, do Portal em Off durante o &#8220;Praiou&#8221;, show da dupla [&hellip;]<\/p>\n","protected":false},"author":2,"featured_media":131915,"comment_status":"closed","ping_status":"open","sticky":false,"template":"","format":"standard","meta":{"footnotes":""},"categories":[173],"tags":[1185],"class_list":["post-161284","post","type-post","status-publish","format-standard","has-post-thumbnail","hentry","category-celebridades","tag-arthur-aguiar"],"_links":{"self":[{"href":"https:\/\/portalpopmais.com.br\/en\/wp-json\/wp\/v2\/posts\/161284","targetHints":{"allow":["GET"]}}],"collection":[{"href":"https:\/\/portalpopmais.com.br\/en\/wp-json\/wp\/v2\/posts"}],"about":[{"href":"https:\/\/portalpopmais.com.br\/en\/wp-json\/wp\/v2\/types\/post"}],"author":[{"embeddable":true,"href":"https:\/\/portalpopmais.com.br\/en\/wp-json\/wp\/v2\/users\/2"}],"replies":[{"embeddable":true,"href":"https:\/\/portalpopmais.com.br\/en\/wp-json\/wp\/v2\/comments?post=161284"}],"version-history":[{"count":0,"href":"https:\/\/portalpopmais.com.br\/en\/wp-json\/wp\/v2\/posts\/161284\/revisions"}],"wp:featuredmedia":[{"embeddable":true,"href":"https:\/\/portalpopmais.com.br\/en\/wp-json\/wp\/v2\/media\/131915"}],"wp:attachment":[{"href":"https:\/\/portalpopmais.com.br\/en\/wp-json\/wp\/v2\/media?parent=161284"}],"wp:term":[{"taxonomy":"category","embeddable":true,"href":"https:\/\/portalpopmais.com.br\/en\/wp-json\/wp\/v2\/categories?post=161284"},{"taxonomy":"post_tag","embeddable":true,"href":"https:\/\/portalpopmais.com.br\/en\/wp-json\/wp\/v2\/tags?post=161284"}],"curies":[{"name":"wp","href":"https:\/\/api.w.org\/{rel}","templated":true}]}}