{"id":161754,"date":"2023-01-25T08:54:15","date_gmt":"2023-01-25T11:54:15","guid":{"rendered":"https:\/\/portalpopmais.com.br\/?p=161754"},"modified":"2023-01-25T08:54:20","modified_gmt":"2023-01-25T11:54:20","slug":"bbb-23-fred-nicacio-afirma-que-bruno-e-venenosa-e-ma-veja-video","status":"publish","type":"post","link":"https:\/\/portalpopmais.com.br\/en\/bbb-23-fred-nicacio-afirma-que-bruno-e-venenosa-e-ma-veja-video\/","title":{"rendered":"BBB 23: Fred Nic\u00e1cio afirma que Bruno \u00e9 \u2018venenosa\u2019 e \u2018m\u00e1\u2019; veja v\u00eddeo"},"content":{"rendered":"\n<p>Durante suas primeiras horas no quarto secreto no <a href=\"http:\/\/Instagram.com\/bbb\" target=\"_blank\" rel=\"noopener\">BBB 23<\/a>, <strong><a href=\"https:\/\/portalpopmais.com.br\/bbb-23-fred-nicacio-marilia-quarto-secreto\/\" data-type=\"post\" data-id=\"161731\">Fred Nic\u00e1cio<\/a><\/strong> comentou sobre Bruno, e parece que ele n\u00e3o muita simpatia pelo brother.<\/p>\n\n\n\n<p>Ap\u00f3s apontar semelhan\u00e7as entre Bruno e Gil do Vigor, o m\u00e9dico comparou o seu colega de confinamento com o personagem F\u00e9lix de \u201cAmor \u00e0 Vida\u201d, interpretado pelo Mateus Solano.<\/p>\n\n\n\n<p>\u201cEle \u00e9 tipo bicha venenosa que nem aquele Felix, personagem de novela. [\u2026] Bicha m\u00e1, v\u00e9io! Fez a cabe\u00e7a da Aline. Sabe o que pode ser? Inveja. Olha pra mim e se sente amea\u00e7ado\u201d \u2013 disse Nic\u00e1cio.<\/p>\n\n\n\n<figure class=\"wp-block-embed is-type-rich is-provider-twitter wp-block-embed-twitter\"><div class=\"wp-block-embed__wrapper\">\n<blockquote class=\"twitter-tweet\" data-width=\"550\" data-dnt=\"true\"><p lang=\"pt\" dir=\"ltr\">Fred Nic\u00e1cio comparou o Bruno ao F\u00e9lix de &quot;Amor \u00e0 Vida&quot; como uma &quot;bicha m\u00e1 e venenosa&quot; <a href=\"https:\/\/twitter.com\/hashtag\/BBB23?src=hash&amp;ref_src=twsrc%5Etfw\" target=\"_blank\" rel=\"noopener\">#BBB23<\/a> <a href=\"https:\/\/twitter.com\/hashtag\/RedeBBB?src=hash&amp;ref_src=twsrc%5Etfw\" target=\"_blank\" rel=\"noopener\">#RedeBBB<\/a><a href=\"https:\/\/t.co\/TyGZG9G6Lc\">pic.twitter.com\/TyGZG9G6Lc<\/a><\/p>&mdash; Oniverso Abomin\u00e1vel (@Oniabominavel) <a href=\"https:\/\/twitter.com\/Oniabominavel\/status\/1618136906554015745?ref_src=twsrc%5Etfw\" target=\"_blank\" rel=\"noopener\">January 25, 2023<\/a><\/blockquote><script async src=\"https:\/\/platform.twitter.com\/widgets.js\" charset=\"utf-8\"><\/script>\n<\/div><\/figure>\n","protected":false},"excerpt":{"rendered":"<p>Durante suas primeiras horas no quarto secreto no BBB 23, Fred Nic\u00e1cio comentou sobre Bruno, e parece que ele n\u00e3o muita simpatia pelo brother. Ap\u00f3s apontar semelhan\u00e7as entre Bruno e Gil do Vigor, o m\u00e9dico comparou o seu colega de confinamento com o personagem F\u00e9lix de \u201cAmor \u00e0 Vida\u201d, interpretado pelo Mateus Solano. \u201cEle \u00e9 [&hellip;]<\/p>\n","protected":false},"author":2,"featured_media":161758,"comment_status":"closed","ping_status":"open","sticky":false,"template":"","format":"standard","meta":{"footnotes":""},"categories":[1],"tags":[11142,13539],"class_list":["post-161754","post","type-post","status-publish","format-standard","has-post-thumbnail","hentry","category-fire2","tag-bbb23","tag-fred-nicacio"],"_links":{"self":[{"href":"https:\/\/portalpopmais.com.br\/en\/wp-json\/wp\/v2\/posts\/161754","targetHints":{"allow":["GET"]}}],"collection":[{"href":"https:\/\/portalpopmais.com.br\/en\/wp-json\/wp\/v2\/posts"}],"about":[{"href":"https:\/\/portalpopmais.com.br\/en\/wp-json\/wp\/v2\/types\/post"}],"author":[{"embeddable":true,"href":"https:\/\/portalpopmais.com.br\/en\/wp-json\/wp\/v2\/users\/2"}],"replies":[{"embeddable":true,"href":"https:\/\/portalpopmais.com.br\/en\/wp-json\/wp\/v2\/comments?post=161754"}],"version-history":[{"count":0,"href":"https:\/\/portalpopmais.com.br\/en\/wp-json\/wp\/v2\/posts\/161754\/revisions"}],"wp:featuredmedia":[{"embeddable":true,"href":"https:\/\/portalpopmais.com.br\/en\/wp-json\/wp\/v2\/media\/161758"}],"wp:attachment":[{"href":"https:\/\/portalpopmais.com.br\/en\/wp-json\/wp\/v2\/media?parent=161754"}],"wp:term":[{"taxonomy":"category","embeddable":true,"href":"https:\/\/portalpopmais.com.br\/en\/wp-json\/wp\/v2\/categories?post=161754"},{"taxonomy":"post_tag","embeddable":true,"href":"https:\/\/portalpopmais.com.br\/en\/wp-json\/wp\/v2\/tags?post=161754"}],"curies":[{"name":"wp","href":"https:\/\/api.w.org\/{rel}","templated":true}]}}