{"id":162458,"date":"2023-01-27T07:27:22","date_gmt":"2023-01-27T10:27:22","guid":{"rendered":"https:\/\/portalpopmais.com.br\/?p=162458"},"modified":"2023-01-27T10:14:22","modified_gmt":"2023-01-27T13:14:22","slug":"nairo-lanca-session-acustica-sem-cortes-com-musicas-do-ep-inicio-meio-enfim","status":"publish","type":"post","link":"https:\/\/portalpopmais.com.br\/en\/nairo-lanca-session-acustica-sem-cortes-com-musicas-do-ep-inicio-meio-enfim\/","title":{"rendered":"Entrevista: Nairo comenta sobre o projeto \u201cSEM CORTES\u201d"},"content":{"rendered":"<p><em>Cantor e compositor, que j\u00e1 comp\u00f4s para Anitta e Juliette, lan\u00e7ou novo projeto, <\/em>conta com 6 v\u00eddeos, que ser\u00e3o divulgados uma vez por semana, sempre \u00e0s sextas-feiras, no canal do YouTube do artista (@Nairoo). A estreia do projeto ficou por conta do v\u00eddeo da faixa <a href=\"http:\/\/portalpopmais.com.br\/en\/\">\u201cMENTIRA\u201d<\/a>.<\/p>\n\n\n\n<figure class=\"wp-block-embed is-type-video is-provider-youtube wp-block-embed-youtube wp-embed-aspect-16-9 wp-has-aspect-ratio\"><div class=\"wp-block-embed__wrapper\">\n<iframe loading=\"lazy\" title=\"Nairo - Mentira (Vers\u00e3o sem cortes)\" width=\"880\" height=\"495\" src=\"https:\/\/www.youtube.com\/embed\/GrgaMiApxn8?feature=oembed\" frameborder=\"0\" allow=\"accelerometer; autoplay; clipboard-write; encrypted-media; gyroscope; picture-in-picture; web-share\" referrerpolicy=\"strict-origin-when-cross-origin\" allowfullscreen><\/iframe>\n<\/div><\/figure>\n\n\n\n<p>O portal POP Mais bateu um papo com o Nairo sobre o novo projeto, confiram abaixo.<\/p>\n\n\n\n<p><strong>1 &#8211; Nairo, quando come\u00e7ou a ser preparado o EP \u201cIN\u00cdCIO, MEIO, enFIM\u2026\u201d?<\/strong><br>\u201cIN\u00cdCIO, MEIO, enFIM\u2026\u201d come\u00e7ou a ser pensado no final de outubro. No in\u00edcio, seriam s\u00f3 tr\u00eas faixas, a\u00ed fomos colocando as m\u00fasicas no papel, fomos criando o roteiro e entendemos que s\u00f3 as tr\u00eas faixas n\u00e3o iam contar toda a hist\u00f3ria que eu queria contar. Ent\u00e3o a gente foi prolongando, encaixando as hist\u00f3rias, cada faixa, e foi tomando forma. A princ\u00edpio, o EP se chamaria \u201cIN\u00cdCIO, MEIO E FIM\u201d, mas a gente viu que n\u00e3o teria um fim agora, \u00e9 um sentimento que n\u00e3o tem fim, por isso optamos por \u201cIN\u00cdCIO, MEIO, enFIM\u2026\u201d.<\/p>\n\n\n\n<p><strong>2 &#8211; O EP possui 6 can\u00e7\u00f5es, foi dif\u00edcil escolher as que seriam \u201csingle\u201d?<\/strong><br>Foi dif\u00edcil, foi dif\u00edcil escolher. A gente tinha uma sele\u00e7\u00e3o boa, inclusive tem algumas m\u00fasicas que eu ainda vou lan\u00e7ar, acho que como single, ainda vou ver a melhor forma. Mas foi muito dif\u00edcil, a gente teve que bater a cabe\u00e7a (risos), e tivemos que escrever algumas partes tamb\u00e9m. Tinham m\u00fasicas que s\u00f3 tinham a parte A e n\u00e3o a parte B, ent\u00e3o a gente teve que reinventar ali, colocar mais um flow, colocar mais uma m\u00e9trica ali na segunda parte. E falar mais, pra conversar mais com o momento que eu estava passando, com a hist\u00f3ria que eu queria contar, que diz muito sobre o come\u00e7o, a prepara\u00e7\u00e3o do EP.<\/p>\n\n\n\n<p><strong>3- O EP retrata de forma linear o ciclo de um relacionamento marcado por inseguran\u00e7as, desilus\u00f5es amorosas e depend\u00eancia emocional. Trazer isso, foi a forma de uma terapia para voc\u00ea por ter passado por isso?<\/strong><br>Cara, sim. A m\u00fasica \u00e9 uma forma de terapia para mim, \u00e9 um desabafo. Tudo o que eu estou sentindo eu tento colocar no papel da melhor forma, e sim, foi uma terapia. \u00c9 uma terapia. At\u00e9 hoje, escrever e escutar minhas paradas, colocar o que eu sinto pra fora, porque eu sou muito ruim em colocar em palavras, conversando, pra amigos e tal. Mas eu e eu mesmo, eu gosto muito, eu me entendo bem mesmo com v\u00e1rias contradi\u00e7\u00f5es (risos). Escrever sempre \u00e9 uma terapia pra mim, compor, cantar. E eu tento passar ao m\u00e1ximo isso.<\/p>\n\n\n\n<p><strong>4- Em sua carreira j\u00e1 teve composi\u00e7\u00f5es gravadas nas vozes de artistas como Anitta e Claudia Leitte e ainda participa do processo criativo de futuros trabalhos de nomes como Juliette e Priscilla Alc\u00e2ntara. Qual \u00e9 o seu pr\u00f3ximo objetivo, seria focar mais em sua carreira agora?<\/strong><br>Eu quero focar na minha carreira como cantor esse ano, mas sem deixar de compor pra mim, pra outros artistas, para amigos, sem deixar de participar de camps de composi\u00e7\u00e3o, sem deixar de exercitar esse meu lado compositor. Eu j\u00e1 escrevia, na real, desde crian\u00e7a, desde os oito, nove anos eu j\u00e1 escrevia. Mas agora nesses \u00faltimos tr\u00eas anos foi uma coisa que me arrebatou, me deu mais ideias, mais seguran\u00e7a. Tirou aquela inseguran\u00e7a que eu tinha de \u201cah, n\u00e3o sei, ser\u00e1 que t\u00e1 legal?\u201d, a composi\u00e7\u00e3o foi me dando isso, ent\u00e3o eu n\u00e3o quero deixar isso de lado. No mais, nesse ano e nos pr\u00f3ximos eu quero trabalhar no meu art\u00edstico, mas sem deixar esse lado compositor, sendo a m\u00fasica, vivendo m\u00fasica. Sei que ainda tenho muita coisa para fazer e eu quero fazer todas essas coisas, o que eu conseguir fazer at\u00e9 o final da minha vida eu vou fazer (risos).<\/p>\n\n\n\n<p><strong>5 &#8211; Do EP, qual \u00e9 a sua can\u00e7\u00e3o preferida?<\/strong><br>Eu n\u00e3o tenho uma preferida no EP, eu tenho um top 3, top 4 (risos). Mas se for pra escolher, a nota 10 eu dou para \u201cCULPADO\u201d, que do EP \u00e9 a que mais doeu para fazer, a que mais foi um desabafo real do momento que eu estava passando. Ent\u00e3o eu fico com \u201cCULPADO\u201d em primeiro lugar, \u201cMENTIRA\u201d em segundo, \u201cMUSA DO CAL\u00c7AD\u00c3O\u201d eu deixo em terceiro porque eu escrevi no mesmo dia que \u201cCULPADO\u201d. \u201cN\u00c3O ERA PRA SER\u201d eu deixo em quarto lugar porque \u00e9 especial pra mim tamb\u00e9m, foi uma m\u00fasica que eu compus com pessoas que eu admiro muito, que eu sou muito f\u00e3, s\u00e3o os caras que me ensinaram, que me abra\u00e7aram e me colocaram onde eu t\u00f4 hoje, nesse mundo de composi\u00e7\u00e3o maluco (risos). Ent\u00e3o esse \u00e9 o meu ranking!<\/p>\n\n\n\n<p><strong>6 &#8211; O que podemos esperar do Nairo em 2023?<\/strong><br>Para 2023, esperem muitas m\u00fasicas, muitos trabalhos, muitas contradi\u00e7\u00f5es, muitas maluquices, esperem o Nairo. Esse \u00e9 um ano que eu pretendo me mostrar mais, deixar claro quem eu sou, por mais que n\u00e3o seja muito f\u00e1cil fazer isso, at\u00e9 pra mim mesmo (risos). Independente de qualquer coisa, eu quero fazer m\u00fasica, focar no meu art\u00edstico e escrever muito. Curtir tamb\u00e9m essa maluquice que \u00e9 fazer m\u00fasica, que \u00e9 fazer shows, eu quero fazer muitos shows esse ano. Se Deus quiser, e Deus quer. Vai dar tudo certo e vamos que vamos que 2023 vai ser lindo! Esperem muita m\u00fasica porque tudo do Nairo \u00e9 m\u00fasica, m\u00fasica \u00e9 tudo!<\/p>\n\n\n\n<p>O trabalho \u00e9 produzido pela TAG Music, com dire\u00e7\u00e3o art\u00edstica de Cau\u00ea Tarnowski, que assina projetos fonogr\u00e1ficos de nomes como o cantor Vit\u00e3o e o rapper, cantor, compositor e produtor musical americano Russ.<\/p>\n\n\n\n<p><strong>SOBRE NAIRO<\/strong><\/p>\n\n\n\n<p>Nairo \u00e9 um cantor e compositor nascido em Imperatriz, no Maranh\u00e3o, passou a inf\u00e2ncia no Tocantins e a adolesc\u00eancia em Goi\u00e1s, antes de se mudar para o Rio de Janeiro para seguir a carreira musical. Com mais de 5 milh\u00f5es de streams nas plataformas digitais, o artista de 24 anos tamb\u00e9m se destaca no mercado com suas composi\u00e7\u00f5es lan\u00e7adas nas vozes de artistas como Anitta e Claudia Leitte. Al\u00e9m disso, Nairo participa do processo de cria\u00e7\u00e3o de m\u00fasicas para futuros projetos de Juliette, Priscilla Alc\u00e2ntara, entre outros.<\/p>","protected":false},"excerpt":{"rendered":"<p>Cantor e compositor, que j\u00e1 comp\u00f4s para Anitta e Juliette, lan\u00e7ou novo projeto, conta com 6 v\u00eddeos, que ser\u00e3o divulgados uma vez por semana, sempre \u00e0s sextas-feiras, no canal do YouTube do artista (@Nairoo). A estreia do projeto ficou por conta do v\u00eddeo da faixa \u201cMENTIRA\u201d. O portal POP Mais bateu um papo com o [&hellip;]<\/p>\n","protected":false},"author":2,"featured_media":162460,"comment_status":"closed","ping_status":"open","sticky":false,"template":"","format":"standard","meta":{"footnotes":""},"categories":[177,154],"tags":[167,627,13112,13661],"class_list":["post-162458","post","type-post","status-publish","format-standard","has-post-thumbnail","hentry","category-entrevistas","category-musica","tag-anitta","tag-luisa-sonza","tag-nairo","tag-sem-cortes"],"_links":{"self":[{"href":"https:\/\/portalpopmais.com.br\/en\/wp-json\/wp\/v2\/posts\/162458","targetHints":{"allow":["GET"]}}],"collection":[{"href":"https:\/\/portalpopmais.com.br\/en\/wp-json\/wp\/v2\/posts"}],"about":[{"href":"https:\/\/portalpopmais.com.br\/en\/wp-json\/wp\/v2\/types\/post"}],"author":[{"embeddable":true,"href":"https:\/\/portalpopmais.com.br\/en\/wp-json\/wp\/v2\/users\/2"}],"replies":[{"embeddable":true,"href":"https:\/\/portalpopmais.com.br\/en\/wp-json\/wp\/v2\/comments?post=162458"}],"version-history":[{"count":0,"href":"https:\/\/portalpopmais.com.br\/en\/wp-json\/wp\/v2\/posts\/162458\/revisions"}],"wp:featuredmedia":[{"embeddable":true,"href":"https:\/\/portalpopmais.com.br\/en\/wp-json\/wp\/v2\/media\/162460"}],"wp:attachment":[{"href":"https:\/\/portalpopmais.com.br\/en\/wp-json\/wp\/v2\/media?parent=162458"}],"wp:term":[{"taxonomy":"category","embeddable":true,"href":"https:\/\/portalpopmais.com.br\/en\/wp-json\/wp\/v2\/categories?post=162458"},{"taxonomy":"post_tag","embeddable":true,"href":"https:\/\/portalpopmais.com.br\/en\/wp-json\/wp\/v2\/tags?post=162458"}],"curies":[{"name":"wp","href":"https:\/\/api.w.org\/{rel}","templated":true}]}}