{"id":162848,"date":"2023-01-28T19:36:19","date_gmt":"2023-01-28T22:36:19","guid":{"rendered":"https:\/\/portalpopmais.com.br\/?p=162848"},"modified":"2023-02-09T09:51:00","modified_gmt":"2023-02-09T12:51:00","slug":"bbb23-fred-nicacio-mostra-parte-intima-para-gabriel-santana-durante-o-banho-veja-video","status":"publish","type":"post","link":"https:\/\/portalpopmais.com.br\/en\/bbb23-fred-nicacio-mostra-parte-intima-para-gabriel-santana-durante-o-banho-veja-video\/","title":{"rendered":"BBB23: Fred Nic\u00e1cio mostra parte \u00edntima para Gabriel Santana durante o banho; veja v\u00eddeo"},"content":{"rendered":"<p>O m\u00e9dico <strong><a href=\"https:\/\/portalpopmais.com.br\/en\/video-fred-nicacio-chama-bruno-de-feio-e-diz-que-ele-sente-inveja-de-seu-corpo-destoa-do-resto\/\" data-type=\"post\" data-id=\"161843\">Fred Nicacio<\/a><\/strong> est\u00e1 entre os assuntos mais comentados do <a href=\"http:\/\/Twitter.com\/sitepopmais\" target=\"_blank\" rel=\"noopener\">Twitter<\/a>, neste s\u00e1bado(28).<\/p>\n\n\n\n<p>Acontece que, enquanto tomava banho ao lado de Gabriel Santana, o brother resolveu lavar sua parte \u00edntima e mostrou demais. N\u00e3o bastasse a c\u00e2mera, o m\u00e9dico d\u00e1 a entender que est\u00e1 mostrando mesmo \u00e9 para o ator. Clique aqui para <a href=\"https:\/\/twitter.com\/FlagrasRealitys\/status\/1619427426173591552?t=4Ujf2zw02N0yRCDBDY2lHQ&amp;s=08\" data-type=\"URL\" data-id=\"https:\/\/twitter.com\/FlagrasRealitys\/status\/1619427426173591552?t=4Ujf2zw02N0yRCDBDY2lHQ&amp;s=08\" target=\"_blank\" rel=\"noopener\">assistir<\/a>. <\/p>\n\n\n\n<p>O registro viralizou no Twitter. Veja as rea\u00e7\u00f5es:<\/p>\n\n\n\n<figure class=\"wp-block-embed is-type-rich is-provider-twitter wp-block-embed-twitter\"><div class=\"wp-block-embed__wrapper\">\n<blockquote class=\"twitter-tweet\" data-width=\"550\" data-dnt=\"true\"><p lang=\"pt\" dir=\"ltr\">mds o fred nicacio tava mostrando o pau pro gabriel durante do banho????????<\/p>&mdash; quel \ud83e\udeb0 (@houisgrl) <a href=\"https:\/\/twitter.com\/houisgrl\/status\/1619397576197033985?ref_src=twsrc%5Etfw\" target=\"_blank\" rel=\"noopener\">January 28, 2023<\/a><\/blockquote><script async src=\"https:\/\/platform.twitter.com\/widgets.js\" charset=\"utf-8\"><\/script>\n<\/div><\/figure>\n\n\n\n<figure class=\"wp-block-embed is-type-rich is-provider-twitter wp-block-embed-twitter\"><div class=\"wp-block-embed__wrapper\">\n<blockquote class=\"twitter-tweet\" data-width=\"550\" data-dnt=\"true\"><p lang=\"pt\" dir=\"ltr\">Fred Nicacio foi tomar banho foi? Kkk<a href=\"https:\/\/twitter.com\/hashtag\/BBB23?src=hash&amp;ref_src=twsrc%5Etfw\" target=\"_blank\" rel=\"noopener\">#BBB23<\/a><\/p>&mdash; QGDosFamosos\ud83c\udf08 3,85% (@tavynhomcz) <a href=\"https:\/\/twitter.com\/tavynhomcz\/status\/1619386362351984640?ref_src=twsrc%5Etfw\" target=\"_blank\" rel=\"noopener\">January 28, 2023<\/a><\/blockquote><script async src=\"https:\/\/platform.twitter.com\/widgets.js\" charset=\"utf-8\"><\/script>\n<\/div><\/figure>\n\n\n\n<p><\/p>","protected":false},"excerpt":{"rendered":"<p>O m\u00e9dico Fred Nicacio est\u00e1 entre os assuntos mais comentados do Twitter, neste s\u00e1bado(28). Acontece que, enquanto tomava banho ao lado de Gabriel Santana, o brother resolveu lavar sua parte \u00edntima e mostrou demais. N\u00e3o bastasse a c\u00e2mera, o m\u00e9dico d\u00e1 a entender que est\u00e1 mostrando mesmo \u00e9 para o ator. Clique aqui para assistir. [&hellip;]<\/p>\n","protected":false},"author":2,"featured_media":162849,"comment_status":"closed","ping_status":"open","sticky":false,"template":"","format":"standard","meta":{"footnotes":""},"categories":[1],"tags":[11142,13539,11572],"class_list":["post-162848","post","type-post","status-publish","format-standard","has-post-thumbnail","hentry","category-fire2","tag-bbb23","tag-fred-nicacio","tag-gabriel-santana"],"_links":{"self":[{"href":"https:\/\/portalpopmais.com.br\/en\/wp-json\/wp\/v2\/posts\/162848","targetHints":{"allow":["GET"]}}],"collection":[{"href":"https:\/\/portalpopmais.com.br\/en\/wp-json\/wp\/v2\/posts"}],"about":[{"href":"https:\/\/portalpopmais.com.br\/en\/wp-json\/wp\/v2\/types\/post"}],"author":[{"embeddable":true,"href":"https:\/\/portalpopmais.com.br\/en\/wp-json\/wp\/v2\/users\/2"}],"replies":[{"embeddable":true,"href":"https:\/\/portalpopmais.com.br\/en\/wp-json\/wp\/v2\/comments?post=162848"}],"version-history":[{"count":0,"href":"https:\/\/portalpopmais.com.br\/en\/wp-json\/wp\/v2\/posts\/162848\/revisions"}],"wp:featuredmedia":[{"embeddable":true,"href":"https:\/\/portalpopmais.com.br\/en\/wp-json\/wp\/v2\/media\/162849"}],"wp:attachment":[{"href":"https:\/\/portalpopmais.com.br\/en\/wp-json\/wp\/v2\/media?parent=162848"}],"wp:term":[{"taxonomy":"category","embeddable":true,"href":"https:\/\/portalpopmais.com.br\/en\/wp-json\/wp\/v2\/categories?post=162848"},{"taxonomy":"post_tag","embeddable":true,"href":"https:\/\/portalpopmais.com.br\/en\/wp-json\/wp\/v2\/tags?post=162848"}],"curies":[{"name":"wp","href":"https:\/\/api.w.org\/{rel}","templated":true}]}}