{"id":162877,"date":"2023-01-29T12:06:08","date_gmt":"2023-01-29T15:06:08","guid":{"rendered":"https:\/\/portalpopmais.com.br\/?p=162877"},"modified":"2023-01-29T12:06:13","modified_gmt":"2023-01-29T15:06:13","slug":"fred-nicacio-andando-excitado-bbb23","status":"publish","type":"post","link":"https:\/\/portalpopmais.com.br\/en\/fred-nicacio-andando-excitado-bbb23\/","title":{"rendered":"BBB23: Fred Nic\u00e1cio anda excitado pela casa e Bruna e Larissa comentam sobre tamanho; v\u00eddeo"},"content":{"rendered":"<p><a href=\"https:\/\/portalpopmais.com.br\/en\/bbb23-fred-nicacio-mostra-parte-intima-para-gabriel-santana-durante-o-banho-veja-video\/\" data-type=\"post\" data-id=\"162848\">Depois de mostrar sua parte \u00edntima para Gabriel Santana durante o banho<\/a>, o m\u00e9dico <strong>Fred Nic\u00e1cio<\/strong> voltou a causar no <a href=\"http:\/\/instagram.com\/bbb\" target=\"_blank\" rel=\"noopener\">BBB23<\/a> durante a madrugada de hoje (29). <\/p>\n\n\n\n<p>Acontece que o rapaz desfilou pela casa excitado, usando apenas uma sungade sunga pela casa. A cena chamou a aten\u00e7\u00e3o dentro e fora do confinamento. <\/p>\n\n\n\n<p>Nic\u00e1cio passou pela sala onde estavam Bruna Griphao, Bruno, Ricarco e Paula, e o volume do m\u00e9dico n\u00e3o passou despercebido. Ao ser alertado pelos colegas, ele se dirigiu ao banheiro privativo. Assista:<\/p>\n\n\n\n<figure class=\"wp-block-embed is-type-rich is-provider-twitter wp-block-embed-twitter\"><div class=\"wp-block-embed__wrapper\">\n<blockquote class=\"twitter-tweet\" data-width=\"550\" data-dnt=\"true\"><p lang=\"pt\" dir=\"ltr\">Fred Nic\u00e1cio anda excitado pela casa e Bruna Griphao e Paula comentam sobre <a href=\"https:\/\/twitter.com\/hashtag\/BBB23?src=hash&amp;ref_src=twsrc%5Etfw\" target=\"_blank\" rel=\"noopener\">#BBB23<\/a> <a href=\"https:\/\/twitter.com\/hashtag\/RedeBBB?src=hash&amp;ref_src=twsrc%5Etfw\" target=\"_blank\" rel=\"noopener\">#RedeBBB<\/a><a href=\"https:\/\/t.co\/27BhSfzZx5\">https:\/\/t.co\/27BhSfzZx5<\/a><\/p>&mdash; Oniverso Abomin\u00e1vel (@Oniabominavel) <a href=\"https:\/\/twitter.com\/Oniabominavel\/status\/1619596620655652867?ref_src=twsrc%5Etfw\" target=\"_blank\" rel=\"noopener\">January 29, 2023<\/a><\/blockquote><script async src=\"https:\/\/platform.twitter.com\/widgets.js\" charset=\"utf-8\"><\/script>\n<\/div><\/figure>","protected":false},"excerpt":{"rendered":"<p>Depois de mostrar sua parte \u00edntima para Gabriel Santana durante o banho, o m\u00e9dico Fred Nic\u00e1cio voltou a causar no BBB23 durante a madrugada de hoje (29). Acontece que o rapaz desfilou pela casa excitado, usando apenas uma sungade sunga pela casa. A cena chamou a aten\u00e7\u00e3o dentro e fora do confinamento. Nic\u00e1cio passou pela [&hellip;]<\/p>\n","protected":false},"author":2,"featured_media":162880,"comment_status":"closed","ping_status":"open","sticky":false,"template":"","format":"standard","meta":{"footnotes":""},"categories":[1],"tags":[11142,13539],"class_list":["post-162877","post","type-post","status-publish","format-standard","has-post-thumbnail","hentry","category-fire2","tag-bbb23","tag-fred-nicacio"],"_links":{"self":[{"href":"https:\/\/portalpopmais.com.br\/en\/wp-json\/wp\/v2\/posts\/162877","targetHints":{"allow":["GET"]}}],"collection":[{"href":"https:\/\/portalpopmais.com.br\/en\/wp-json\/wp\/v2\/posts"}],"about":[{"href":"https:\/\/portalpopmais.com.br\/en\/wp-json\/wp\/v2\/types\/post"}],"author":[{"embeddable":true,"href":"https:\/\/portalpopmais.com.br\/en\/wp-json\/wp\/v2\/users\/2"}],"replies":[{"embeddable":true,"href":"https:\/\/portalpopmais.com.br\/en\/wp-json\/wp\/v2\/comments?post=162877"}],"version-history":[{"count":0,"href":"https:\/\/portalpopmais.com.br\/en\/wp-json\/wp\/v2\/posts\/162877\/revisions"}],"wp:featuredmedia":[{"embeddable":true,"href":"https:\/\/portalpopmais.com.br\/en\/wp-json\/wp\/v2\/media\/162880"}],"wp:attachment":[{"href":"https:\/\/portalpopmais.com.br\/en\/wp-json\/wp\/v2\/media?parent=162877"}],"wp:term":[{"taxonomy":"category","embeddable":true,"href":"https:\/\/portalpopmais.com.br\/en\/wp-json\/wp\/v2\/categories?post=162877"},{"taxonomy":"post_tag","embeddable":true,"href":"https:\/\/portalpopmais.com.br\/en\/wp-json\/wp\/v2\/tags?post=162877"}],"curies":[{"name":"wp","href":"https:\/\/api.w.org\/{rel}","templated":true}]}}