{"id":164553,"date":"2023-02-06T08:51:16","date_gmt":"2023-02-06T11:51:16","guid":{"rendered":"https:\/\/portalpopmais.com.br\/?p=164553"},"modified":"2023-02-06T08:51:20","modified_gmt":"2023-02-06T11:51:20","slug":"video-indicada-ao-paredao-tina-humilha-gustavo-ao-vivo-nao-quero-o-seu-abraco","status":"publish","type":"post","link":"https:\/\/portalpopmais.com.br\/en\/video-indicada-ao-paredao-tina-humilha-gustavo-ao-vivo-nao-quero-o-seu-abraco\/","title":{"rendered":"V\u00cdDEO: indicada ao pared\u00e3o, Tina humilha Gustavo ao vivo: &#8220;N\u00e3o quero o seu abra\u00e7o&#8221;"},"content":{"rendered":"<p class=\"wp-block-paragraph\">O clima ficou pesado na casa do <strong><a href=\"http:\/\/Instagram.com\/bbb\" target=\"_blank\" rel=\"noopener\">BBB23<\/a><\/strong>, na noite deste domingo (5). <strong><a href=\"https:\/\/portalpopmais.com.br\/en\/bbb-23-tina-amanda-gabriel-e-cezar-paredao\/\" data-type=\"post\" data-id=\"164450\">Tina<\/a><\/strong> n\u00e3o engoliu ser indicada por <strong>Gustavo<\/strong> para o pared\u00e3o e enfrentou o brother ao vivo.<\/p>\n\n\n\n<p class=\"wp-block-paragraph\">Na justificativa, o brother disse que os dois n\u00e3o tem afinidade. &#8220;Quando eu ganhei l\u00edder eu j\u00e1 tinha comentado com a Key e hoje o meu voto vai pra Tina. \u00c9 por afinidade mesmo. Eu gosto de todo mundo, converso com todo mundo, mas ela \u00e9 a pessoa que eu converso menos aqui na casa. Quando eu fui l\u00edder j\u00e1 tinha decidido que ia por ela e \u00e9 isso, que por quest\u00e3o de afinidade mesmo. Ela \u00e9 a pessoa que eu menos converso aqui na casa&#8221;, disse ele.<\/p>\n\n\n\n<p class=\"wp-block-paragraph\">Ao fim da forma\u00e7\u00e3o do pared\u00e3o, Gustavo ofereceu um abra\u00e7o \u00e0 Tina, que tratou de recusar e ainda disparou contra o l\u00edder.<\/p>\n\n\n\n<p class=\"wp-block-paragraph\">&#8220;Eu n\u00e3o quero o seu abra\u00e7o agora e voc\u00ea tem que respeitar isso. Agora, ignorante?&#8221;, disse ela. &#8220;Beleza, ent\u00e3o&#8221;, responder o brother. &#8220;Papo reto&#8221;, disse ela.<\/p>\n\n\n\n<figure class=\"wp-block-embed is-type-rich is-provider-twitter wp-block-embed-twitter\"><div class=\"wp-block-embed__wrapper\">\n<blockquote class=\"twitter-tweet\" data-width=\"550\" data-dnt=\"true\"><p lang=\"pt\" dir=\"ltr\">AMO QUE A TINA N\u00c3O TEM PACI\u00caNCIA PRA ESSE INSUPORT\u00c1VEL DO GUSTAVO! <a href=\"https:\/\/t.co\/OqrEGqx5dc\">pic.twitter.com\/OqrEGqx5dc<\/a><\/p>&mdash; thiago (@httpsrealitys) <a href=\"https:\/\/twitter.com\/httpsrealitys\/status\/1622436475538128897?ref_src=twsrc%5Etfw\" target=\"_blank\" rel=\"noopener\">February 6, 2023<\/a><\/blockquote><script async src=\"https:\/\/platform.twitter.com\/widgets.js\" charset=\"utf-8\"><\/script>\n<\/div><\/figure>","protected":false},"excerpt":{"rendered":"<p>O clima ficou pesado na casa do BBB23, na noite deste domingo (5). Tina n\u00e3o engoliu ser indicada por Gustavo para o pared\u00e3o e enfrentou o brother ao vivo. Na justificativa, o brother disse que os dois n\u00e3o tem afinidade. &#8220;Quando eu ganhei l\u00edder eu j\u00e1 tinha comentado com a Key e hoje o meu [&hellip;]<\/p>\n","protected":false},"author":2,"featured_media":164555,"comment_status":"closed","ping_status":"open","sticky":false,"template":"","format":"standard","meta":{"footnotes":""},"categories":[1],"tags":[11142,10525,13536],"class_list":["post-164553","post","type-post","status-publish","format-standard","has-post-thumbnail","hentry","category-fire2","tag-bbb23","tag-gustavo","tag-tina"],"_links":{"self":[{"href":"https:\/\/portalpopmais.com.br\/en\/wp-json\/wp\/v2\/posts\/164553","targetHints":{"allow":["GET"]}}],"collection":[{"href":"https:\/\/portalpopmais.com.br\/en\/wp-json\/wp\/v2\/posts"}],"about":[{"href":"https:\/\/portalpopmais.com.br\/en\/wp-json\/wp\/v2\/types\/post"}],"author":[{"embeddable":true,"href":"https:\/\/portalpopmais.com.br\/en\/wp-json\/wp\/v2\/users\/2"}],"replies":[{"embeddable":true,"href":"https:\/\/portalpopmais.com.br\/en\/wp-json\/wp\/v2\/comments?post=164553"}],"version-history":[{"count":0,"href":"https:\/\/portalpopmais.com.br\/en\/wp-json\/wp\/v2\/posts\/164553\/revisions"}],"wp:featuredmedia":[{"embeddable":true,"href":"https:\/\/portalpopmais.com.br\/en\/wp-json\/wp\/v2\/media\/164555"}],"wp:attachment":[{"href":"https:\/\/portalpopmais.com.br\/en\/wp-json\/wp\/v2\/media?parent=164553"}],"wp:term":[{"taxonomy":"category","embeddable":true,"href":"https:\/\/portalpopmais.com.br\/en\/wp-json\/wp\/v2\/categories?post=164553"},{"taxonomy":"post_tag","embeddable":true,"href":"https:\/\/portalpopmais.com.br\/en\/wp-json\/wp\/v2\/tags?post=164553"}],"curies":[{"name":"wp","href":"https:\/\/api.w.org\/{rel}","templated":true}]}}