{"id":16530,"date":"2019-02-07T14:29:20","date_gmt":"2019-02-07T16:29:20","guid":{"rendered":"http:\/\/popmais.com.br\/?p=16530"},"modified":"2019-02-07T14:29:20","modified_gmt":"2019-02-07T16:29:20","slug":"ansel-elgort-aparece-platinado-na-capa-da-gq-korea","status":"publish","type":"post","link":"https:\/\/portalpopmais.com.br\/en\/ansel-elgort-aparece-platinado-na-capa-da-gq-korea\/","title":{"rendered":"Ansel Elgort aparece platinado na capa da GQ Korea"},"content":{"rendered":"<p>O ator, Ansel Elgort, bastante conhecido pelo seu papel no longa em &#8220;A Culpa \u00e9 das Estrelas&#8221;, surpreendeu seus f\u00e3s ao aparecer completamente platinado para a mais recente edi\u00e7\u00e3o da <strong>GQ Korea<\/strong>.<\/p>\n<blockquote class=\"twitter-tweet\" data-width=\"550\" data-dnt=\"true\">\n<p lang=\"pt\" dir=\"ltr\">ITI MALIA \u00c9 MUITO O AMOR DA MINHA VIDA, SIM!!<\/p>\n<p>Fotos de Ansel Elgort para a revista GQ Korea. <a href=\"https:\/\/t.co\/WlKlWeQ0Fu\">pic.twitter.com\/WlKlWeQ0Fu<\/a><\/p>\n<p>&mdash; Ansel Elgort Brasil (@AnselElgortBR) <a href=\"https:\/\/twitter.com\/AnselElgortBR\/status\/1089274697622212611?ref_src=twsrc%5Etfw\" target=\"_blank\" rel=\"noopener\">January 26, 2019<\/a><\/p><\/blockquote>\n<p><script async src=\"https:\/\/platform.twitter.com\/widgets.js\" charset=\"utf-8\"><\/script><\/p>\n<p>Tamb\u00e9m foi divulgado um v\u00eddeo dos bastidores do ensaio para a <strong>GQ Korea<\/strong>. Confira:<\/p>\n<blockquote class=\"twitter-tweet\" data-width=\"550\" data-dnt=\"true\">\n<p lang=\"pt\" dir=\"ltr\">V\u00cdDEO: Elgort nos bastidores do ensaio fotogr\u00e1fico para a GQ Korea. Quem tamb\u00e9m t\u00e1 amando o novo visual do Ansel? <a href=\"https:\/\/t.co\/335F7U3Jis\">pic.twitter.com\/335F7U3Jis<\/a><\/p>\n<p>&mdash; Ansel Elgort Brasil (@AnselElgortBR) <a href=\"https:\/\/twitter.com\/AnselElgortBR\/status\/1089275073813495814?ref_src=twsrc%5Etfw\" target=\"_blank\" rel=\"noopener\">January 26, 2019<\/a><\/p><\/blockquote>\n<p><script async src=\"https:\/\/platform.twitter.com\/widgets.js\" charset=\"utf-8\"><\/script><\/p>\n<p>Al\u00e9m de atuar, Ansel Elgort tem em paralelo uma carreira no mundo da m\u00fasica.<\/p>\n<p>http:\/\/popmais.com.br\/ansel-elgort-conhecido-pelo-filme-culpa-e-das-estrelas-lanca-videoclipe-de-supernova\/<\/p>","protected":false},"excerpt":{"rendered":"<p>O ator, Ansel Elgort, bastante conhecido pelo seu papel no longa em &#8220;A Culpa \u00e9 das Estrelas&#8221;, surpreendeu seus f\u00e3s ao aparecer completamente platinado para a mais recente edi\u00e7\u00e3o da GQ Korea. ITI MALIA \u00c9 MUITO O AMOR DA MINHA VIDA, SIM!! Fotos de Ansel Elgort para a revista GQ Korea. pic.twitter.com\/WlKlWeQ0Fu &mdash; Ansel Elgort [&hellip;]<\/p>\n","protected":false},"author":2,"featured_media":16531,"comment_status":"open","ping_status":"open","sticky":false,"template":"","format":"standard","meta":{"footnotes":""},"categories":[173],"tags":[1490],"class_list":["post-16530","post","type-post","status-publish","format-standard","has-post-thumbnail","hentry","category-celebridades","tag-ansel-elgort"],"_links":{"self":[{"href":"https:\/\/portalpopmais.com.br\/en\/wp-json\/wp\/v2\/posts\/16530","targetHints":{"allow":["GET"]}}],"collection":[{"href":"https:\/\/portalpopmais.com.br\/en\/wp-json\/wp\/v2\/posts"}],"about":[{"href":"https:\/\/portalpopmais.com.br\/en\/wp-json\/wp\/v2\/types\/post"}],"author":[{"embeddable":true,"href":"https:\/\/portalpopmais.com.br\/en\/wp-json\/wp\/v2\/users\/2"}],"replies":[{"embeddable":true,"href":"https:\/\/portalpopmais.com.br\/en\/wp-json\/wp\/v2\/comments?post=16530"}],"version-history":[{"count":0,"href":"https:\/\/portalpopmais.com.br\/en\/wp-json\/wp\/v2\/posts\/16530\/revisions"}],"wp:featuredmedia":[{"embeddable":true,"href":"https:\/\/portalpopmais.com.br\/en\/wp-json\/"}],"wp:attachment":[{"href":"https:\/\/portalpopmais.com.br\/en\/wp-json\/wp\/v2\/media?parent=16530"}],"wp:term":[{"taxonomy":"category","embeddable":true,"href":"https:\/\/portalpopmais.com.br\/en\/wp-json\/wp\/v2\/categories?post=16530"},{"taxonomy":"post_tag","embeddable":true,"href":"https:\/\/portalpopmais.com.br\/en\/wp-json\/wp\/v2\/tags?post=16530"}],"curies":[{"name":"wp","href":"https:\/\/api.w.org\/{rel}","templated":true}]}}