{"id":165475,"date":"2023-02-10T10:12:24","date_gmt":"2023-02-10T13:12:24","guid":{"rendered":"https:\/\/portalpopmais.com.br\/?p=165475"},"modified":"2023-02-10T10:12:28","modified_gmt":"2023-02-10T13:12:28","slug":"mc-poze-rebate-acusacao-agressao","status":"publish","type":"post","link":"https:\/\/portalpopmais.com.br\/en\/mc-poze-rebate-acusacao-agressao\/","title":{"rendered":"V\u00cdDEO: MC Poze rebate acusa\u00e7\u00e3o de agress\u00e3o de ex-empres\u00e1rio: \u2018Me roubou\u2019"},"content":{"rendered":"\n<p class=\"wp-block-paragraph\">Na tarde desta quinta-feira (09), <strong><a href=\"https:\/\/portalpopmais.com.br\/lancamentos-11-de-novembro-de-2022\/\" data-type=\"post\" data-id=\"148935\">MC Poze do Rodo<\/a><\/strong> se pronunciou sobre a acusa\u00e7\u00e3o feita pelo seu ex-empres\u00e1rio, Renato Medeiros, que alega ter sido agredido pelo funkeiro e os amigos do cantor.<\/p>\n\n\n\n<p class=\"wp-block-paragraph\">Em seus stories, Poze contou que nao agrediu Renato, mas o acusou de roubo e disse ter provas desse acontecimento.<\/p>\n\n\n\n<p class=\"wp-block-paragraph\">\u201cVou falar pouco desse fake news. Rapaziada, o cara [Renato] me roubou certeza, e eu tenho a prova. E outra, o cara \u2018mamad\u00e3o\u2019 [embriagado] e automaticamente discutiu com o menor la, que o menor desconfiou dele, e os dois cair\u00e3o na porrada. O cara foi pra rede social, o cara foi pro Tino J\u00fanior, falar v\u00e1rios \u2018bagulho\u2019 meu, fica me forjando (\u2026) Me roubou, isso t\u00e1 n\u00edtido, eu tenho a prova \u201c \u2013 disse Poze.<\/p>\n\n\n\n<p class=\"wp-block-paragraph\"><a href=\"http:\/\/Twitter.com\/sitepopmais\" target=\"_blank\" rel=\"noopener\">Assista<\/a>:<\/p>\n\n\n\n<figure class=\"wp-block-embed is-type-rich is-provider-twitter wp-block-embed-twitter\"><div class=\"wp-block-embed__wrapper\">\n<blockquote class=\"twitter-tweet\" data-width=\"550\" data-dnt=\"true\"><p lang=\"pt\" dir=\"ltr\">EITA! Mc Poze se pronunciou ap\u00f3s ex empres\u00e1rio dar entrevista ao vivo, dizendo que o artista lhe espancou. <a href=\"https:\/\/t.co\/eIqVHxtJNR\">pic.twitter.com\/eIqVHxtJNR<\/a><\/p>&mdash; BABADO DOS FAMOSOS RJ (@babadofamososrj) <a href=\"https:\/\/twitter.com\/babadofamososrj\/status\/1623762108054753281?ref_src=twsrc%5Etfw\" target=\"_blank\" rel=\"noopener\">February 9, 2023<\/a><\/blockquote><script async src=\"https:\/\/platform.twitter.com\/widgets.js\" charset=\"utf-8\"><\/script>\n<\/div><\/figure>\n","protected":false},"excerpt":{"rendered":"<p>Na tarde desta quinta-feira (09), MC Poze do Rodo se pronunciou sobre a acusa\u00e7\u00e3o feita pelo seu ex-empres\u00e1rio, Renato Medeiros, que alega ter sido agredido pelo funkeiro e os amigos do cantor. Em seus stories, Poze contou que nao agrediu Renato, mas o acusou de roubo e disse ter provas desse acontecimento. \u201cVou falar pouco [&hellip;]<\/p>\n","protected":false},"author":2,"featured_media":64813,"comment_status":"closed","ping_status":"open","sticky":false,"template":"","format":"standard","meta":{"footnotes":""},"categories":[173],"tags":[4559],"class_list":["post-165475","post","type-post","status-publish","format-standard","has-post-thumbnail","hentry","category-celebridades","tag-mc-poze"],"_links":{"self":[{"href":"https:\/\/portalpopmais.com.br\/en\/wp-json\/wp\/v2\/posts\/165475","targetHints":{"allow":["GET"]}}],"collection":[{"href":"https:\/\/portalpopmais.com.br\/en\/wp-json\/wp\/v2\/posts"}],"about":[{"href":"https:\/\/portalpopmais.com.br\/en\/wp-json\/wp\/v2\/types\/post"}],"author":[{"embeddable":true,"href":"https:\/\/portalpopmais.com.br\/en\/wp-json\/wp\/v2\/users\/2"}],"replies":[{"embeddable":true,"href":"https:\/\/portalpopmais.com.br\/en\/wp-json\/wp\/v2\/comments?post=165475"}],"version-history":[{"count":0,"href":"https:\/\/portalpopmais.com.br\/en\/wp-json\/wp\/v2\/posts\/165475\/revisions"}],"wp:featuredmedia":[{"embeddable":true,"href":"https:\/\/portalpopmais.com.br\/en\/wp-json\/wp\/v2\/media\/64813"}],"wp:attachment":[{"href":"https:\/\/portalpopmais.com.br\/en\/wp-json\/wp\/v2\/media?parent=165475"}],"wp:term":[{"taxonomy":"category","embeddable":true,"href":"https:\/\/portalpopmais.com.br\/en\/wp-json\/wp\/v2\/categories?post=165475"},{"taxonomy":"post_tag","embeddable":true,"href":"https:\/\/portalpopmais.com.br\/en\/wp-json\/wp\/v2\/tags?post=165475"}],"curies":[{"name":"wp","href":"https:\/\/api.w.org\/{rel}","templated":true}]}}