{"id":165832,"date":"2023-02-12T16:32:18","date_gmt":"2023-02-12T19:32:18","guid":{"rendered":"https:\/\/portalpopmais.com.br\/?p=165832"},"modified":"2023-02-12T16:32:25","modified_gmt":"2023-02-12T19:32:25","slug":"video-ovnis-sao-flagrados-no-uruguai-e-forca-aerea-do-pais-se-manifesta-assista","status":"publish","type":"post","link":"https:\/\/portalpopmais.com.br\/en\/video-ovnis-sao-flagrados-no-uruguai-e-forca-aerea-do-pais-se-manifesta-assista\/","title":{"rendered":"V\u00cdDEO: OVNIs s\u00e3o flagrados no Uruguai e for\u00e7a a\u00e9rea do pa\u00eds se manifesta; assista"},"content":{"rendered":"<p class=\"wp-block-paragraph\">Ap\u00f3s o Canad\u00e1, Estados Unidos e China, desta vez foi o governo do Uruguai que se pronunciou a respeito da apari\u00e7\u00e3o de <strong><a href=\"https:\/\/portalpopmais.com.br\/en\/gente-atriz-revela-presenca-de-ovnis-nos-bastidores-de-pantanal-e-dispara-quero-ser-abduzida-veja-video\/\" data-type=\"post\" data-id=\"160054\">OVNIs<\/a><\/strong> em seu espa\u00e7o a\u00e9reo.<\/p>\n\n\n\n<p class=\"wp-block-paragraph\">No s\u00e1bado (11), os governos estadunidense e canadense confirmaram que um objeto n\u00e3o identificado foi abatido no espa\u00e7o a\u00e9reo dos respectivos pa\u00edses. Hoje, mais cedo, a China relatou que estava indo interceptar um objetivo nos c\u00e9us do pa\u00eds.<\/p>\n\n\n\n<p class=\"wp-block-paragraph\">J\u00e1 na tarde deste domingo (12), o governo do Uruguai emitiu uma nota oficial informando que est\u00e1 investigado den\u00fancias de OVNIs no espa\u00e7o a\u00e9reo do pa\u00eds. No Twitter, um v\u00eddeo gravado por moradores locais mostra estranhas luzes sobrevoando um povoado local. A grava\u00e7\u00e3o foi feita na regi\u00e3o de Paysand\u00fa.<\/p>\n\n\n\n<p class=\"wp-block-paragraph\">Assista:<\/p>\n\n\n\n<figure class=\"wp-block-embed is-type-rich is-provider-twitter wp-block-embed-twitter\"><div class=\"wp-block-embed__wrapper\">\n<blockquote class=\"twitter-tweet\" data-width=\"550\" data-dnt=\"true\"><p lang=\"pt\" dir=\"ltr\">A For\u00e7a A\u00e9rea Uruguaia declara iniciar opera\u00e7\u00e3o de investiga\u00e7\u00e3o sobre &quot;avistamento de luzes vermelhas piscando&quot; no c\u00e9u em Paysand\u00fa, Uruguai. <a href=\"https:\/\/twitter.com\/hashtag\/ovni?src=hash&amp;ref_src=twsrc%5Etfw\" target=\"_blank\" rel=\"noopener\">#ovni<\/a> <a href=\"https:\/\/twitter.com\/hashtag\/OVNIS?src=hash&amp;ref_src=twsrc%5Etfw\" target=\"_blank\" rel=\"noopener\">#OVNIS<\/a> <a href=\"https:\/\/twitter.com\/hashtag\/EUA?src=hash&amp;ref_src=twsrc%5Etfw\" target=\"_blank\" rel=\"noopener\">#EUA<\/a> <a href=\"https:\/\/twitter.com\/hashtag\/Aliens?src=hash&amp;ref_src=twsrc%5Etfw\" target=\"_blank\" rel=\"noopener\">#Aliens<\/a> <a href=\"https:\/\/t.co\/ANXLK9O3LN\">pic.twitter.com\/ANXLK9O3LN<\/a><\/p>&mdash; Ana Spiacci (@AnaSpiacci) <a href=\"https:\/\/twitter.com\/AnaSpiacci\/status\/1624836883023900681?ref_src=twsrc%5Etfw\" target=\"_blank\" rel=\"noopener\">February 12, 2023<\/a><\/blockquote><script async src=\"https:\/\/platform.twitter.com\/widgets.js\" charset=\"utf-8\"><\/script>\n<\/div><\/figure>","protected":false},"excerpt":{"rendered":"<p>Ap\u00f3s o Canad\u00e1, Estados Unidos e China, desta vez foi o governo do Uruguai que se pronunciou a respeito da apari\u00e7\u00e3o de OVNIs em seu espa\u00e7o a\u00e9reo. No s\u00e1bado (11), os governos estadunidense e canadense confirmaram que um objeto n\u00e3o identificado foi abatido no espa\u00e7o a\u00e9reo dos respectivos pa\u00edses. Hoje, mais cedo, a China relatou [&hellip;]<\/p>\n","protected":false},"author":2,"featured_media":165833,"comment_status":"closed","ping_status":"open","sticky":false,"template":"","format":"standard","meta":{"footnotes":""},"categories":[2165],"tags":[11272,13828],"class_list":["post-165832","post","type-post","status-publish","format-standard","has-post-thumbnail","hentry","category-noticias","tag-ovnis","tag-uruguai"],"_links":{"self":[{"href":"https:\/\/portalpopmais.com.br\/en\/wp-json\/wp\/v2\/posts\/165832","targetHints":{"allow":["GET"]}}],"collection":[{"href":"https:\/\/portalpopmais.com.br\/en\/wp-json\/wp\/v2\/posts"}],"about":[{"href":"https:\/\/portalpopmais.com.br\/en\/wp-json\/wp\/v2\/types\/post"}],"author":[{"embeddable":true,"href":"https:\/\/portalpopmais.com.br\/en\/wp-json\/wp\/v2\/users\/2"}],"replies":[{"embeddable":true,"href":"https:\/\/portalpopmais.com.br\/en\/wp-json\/wp\/v2\/comments?post=165832"}],"version-history":[{"count":0,"href":"https:\/\/portalpopmais.com.br\/en\/wp-json\/wp\/v2\/posts\/165832\/revisions"}],"wp:featuredmedia":[{"embeddable":true,"href":"https:\/\/portalpopmais.com.br\/en\/wp-json\/wp\/v2\/media\/165833"}],"wp:attachment":[{"href":"https:\/\/portalpopmais.com.br\/en\/wp-json\/wp\/v2\/media?parent=165832"}],"wp:term":[{"taxonomy":"category","embeddable":true,"href":"https:\/\/portalpopmais.com.br\/en\/wp-json\/wp\/v2\/categories?post=165832"},{"taxonomy":"post_tag","embeddable":true,"href":"https:\/\/portalpopmais.com.br\/en\/wp-json\/wp\/v2\/tags?post=165832"}],"curies":[{"name":"wp","href":"https:\/\/api.w.org\/{rel}","templated":true}]}}