{"id":166415,"date":"2023-02-15T11:18:04","date_gmt":"2023-02-15T14:18:04","guid":{"rendered":"https:\/\/portalpopmais.com.br\/?p=166415"},"modified":"2023-02-15T11:18:10","modified_gmt":"2023-02-15T14:18:10","slug":"mc-guime-diz-que-se-considera-preto","status":"publish","type":"post","link":"https:\/\/portalpopmais.com.br\/en\/mc-guime-diz-que-se-considera-preto\/","title":{"rendered":"MC Guim\u00ea diz que se considera preto e gera pol\u00eamica na internet"},"content":{"rendered":"<p>Durante uma conversa com <strong>Fred Nic\u00e1cio<\/strong>,<strong>\u00a0Bruna Griphao\u00a0<\/strong>e<strong>\u00a0Paula<\/strong>, na tarde desta ter\u00e7a-feira (14), <strong><a href=\"https:\/\/portalpopmais.com.br\/en\/bbb-23-bruno-amanda-fred-guime-paula-quarto-paredao\/\" data-type=\"post\" data-id=\"165930\">Mc Guim\u00ea<\/a> <\/strong>disse que n\u00e3o se considera uma pessoa branca, se identificando como uma pessoa preta.<\/p>\n\n\n\n<p>&#8220;Nunca me considerei branco. Eu falo: &#8216;Eu me considero preto&#8217; nesse sentido. A maioria da minha fam\u00edlia tem o tom de pele igual o do Black. Mas minha v\u00f3 \u00e9 da pele branca, e meu av\u00f4 tem a pele mais igual a da Marvvila, que \u00e9 a pele preta marrom, n\u00e9? Acabou de certa forma misturando um pouco&#8221;, disse o funkeiro. <\/p>\n\n\n\n<p>O assunto veio \u00e0 tona quando o m\u00e9dico Nic\u00e1cio levantou a pauta racial e ainda respondeu Mc Guim\u00ea em rela\u00e7\u00e3o ao tom de pelo da cantora Marvvila: &#8220;E esse preto marrom foi o mais objetificado. Eram as mulatas do carnaval. Esse tom de pele meu, da Marvvila, era o tom de preto que a branquitude aceitava. Mais do que isso era preto demais&#8221;, afirmou.<\/p>\n\n\n\n<blockquote class=\"twitter-tweet\"><p lang=\"pt\" dir=\"ltr\">o mc guime falando q \u00e9 preto to chorando <a href=\"https:\/\/t.co\/8ha0gImp0K\">pic.twitter.com\/8ha0gImp0K<\/a><\/p>&mdash; enzo (@fa_dajuliette) <a href=\"https:\/\/twitter.com\/fa_dajuliette\/status\/1625594522225762339?ref_src=twsrc%5Etfw\" target=\"_blank\" rel=\"noopener\">February 14, 2023<\/a><\/blockquote> <script async src=\"https:\/\/platform.twitter.com\/widgets.js\" charset=\"utf-8\"><\/script>\n\n\n\n<p>A frase do cantor n\u00e3o foi muito bem aceita pelos internautas, e em uma parte gerou revolta e em outra virou motivo de piada na internet. A repercuss\u00e3o chegou at\u00e9 mesmo ao rapper Mano Brown e disparou: \u201cTem algu\u00e9m com o exame de DNA dele na m\u00e3o para dizer que ele errou?\u201d.<\/p>","protected":false},"excerpt":{"rendered":"<p>Durante uma conversa com Fred Nic\u00e1cio,\u00a0Bruna Griphao\u00a0e\u00a0Paula, na tarde desta ter\u00e7a-feira (14), Mc Guim\u00ea disse que n\u00e3o se considera uma pessoa branca, se identificando como uma pessoa preta. &#8220;Nunca me considerei branco. Eu falo: &#8216;Eu me considero preto&#8217; nesse sentido. A maioria da minha fam\u00edlia tem o tom de pele igual o do Black. Mas [&hellip;]<\/p>\n","protected":false},"author":2,"featured_media":166418,"comment_status":"closed","ping_status":"open","sticky":false,"template":"","format":"standard","meta":{"footnotes":""},"categories":[1],"tags":[10456],"class_list":["post-166415","post","type-post","status-publish","format-standard","has-post-thumbnail","hentry","category-fire2","tag-mc-guime-2"],"_links":{"self":[{"href":"https:\/\/portalpopmais.com.br\/en\/wp-json\/wp\/v2\/posts\/166415","targetHints":{"allow":["GET"]}}],"collection":[{"href":"https:\/\/portalpopmais.com.br\/en\/wp-json\/wp\/v2\/posts"}],"about":[{"href":"https:\/\/portalpopmais.com.br\/en\/wp-json\/wp\/v2\/types\/post"}],"author":[{"embeddable":true,"href":"https:\/\/portalpopmais.com.br\/en\/wp-json\/wp\/v2\/users\/2"}],"replies":[{"embeddable":true,"href":"https:\/\/portalpopmais.com.br\/en\/wp-json\/wp\/v2\/comments?post=166415"}],"version-history":[{"count":0,"href":"https:\/\/portalpopmais.com.br\/en\/wp-json\/wp\/v2\/posts\/166415\/revisions"}],"wp:featuredmedia":[{"embeddable":true,"href":"https:\/\/portalpopmais.com.br\/en\/wp-json\/wp\/v2\/media\/166418"}],"wp:attachment":[{"href":"https:\/\/portalpopmais.com.br\/en\/wp-json\/wp\/v2\/media?parent=166415"}],"wp:term":[{"taxonomy":"category","embeddable":true,"href":"https:\/\/portalpopmais.com.br\/en\/wp-json\/wp\/v2\/categories?post=166415"},{"taxonomy":"post_tag","embeddable":true,"href":"https:\/\/portalpopmais.com.br\/en\/wp-json\/wp\/v2\/tags?post=166415"}],"curies":[{"name":"wp","href":"https:\/\/api.w.org\/{rel}","templated":true}]}}