{"id":166598,"date":"2023-02-16T10:25:31","date_gmt":"2023-02-16T13:25:31","guid":{"rendered":"https:\/\/portalpopmais.com.br\/?p=166598"},"modified":"2023-02-16T10:35:50","modified_gmt":"2023-02-16T13:35:50","slug":"casos-de-familia-cancelado-sbt-saiba-tudo","status":"publish","type":"post","link":"https:\/\/portalpopmais.com.br\/en\/casos-de-familia-cancelado-sbt-saiba-tudo\/","title":{"rendered":"\u2018Casos de Fam\u00edlia\u2019 \u00e9 cancelado da programa\u00e7\u00e3o do SBT; saiba tudo"},"content":{"rendered":"<p>O vespertino \u2018<strong><a href=\"https:\/\/portalpopmais.com.br\/en\/\">Casos de Fam\u00edlia<\/a><\/strong>\u2019 \u00e9 a nova baixa na programa\u00e7\u00e3o do SBT. A atra\u00e7\u00e3o comandada por Christina Rocha vai ter novamente uma interrup\u00e7\u00e3o na grava\u00e7\u00e3o de novos <a href=\"https:\/\/twitter.com\/sitepopmais\" target=\"_blank\" rel=\"noopener\">epis\u00f3dios<\/a> e a faixa extinta do canal.<\/p>\n\n\n\n<p>A justificativa n\u00e3o mudou em rela\u00e7\u00e3o \u00e0 primeira suspens\u00e3o do programa no ano passado. O desempenho de audi\u00eancia do \u2018Casos\u2019 \u00e9 a principal raz\u00e3o da derrubada da faixa na emissora do Complexo Anhanguera.<\/p>\n\n\n\n<p>Com quase duas d\u00e9cadas no ar, a atra\u00e7\u00e3o deixa de ser exibida a partir da pr\u00f3xima sexta-feira (17), em uma despedida tempor\u00e1ria. Isso porque seria a oportunidade para a c\u00fapula e a produ\u00e7\u00e3o do programa reajustarem o formato para impulsionar os n\u00fameros no Ibope.<\/p>\n\n\n\n<p>O \u2018per\u00edodo de descanso\u2019 foi dado pelo site NaTelinha, confirmado pelo TV Pop. Em uma reuni\u00e3o na \u00faltima quarta (15), o martelo foi batido e o an\u00fancio da suspens\u00e3o foi feito pela dire\u00e7\u00e3o do programa.<\/p>\n\n\n\n<p>No fim de agosto do ano passado, a pr\u00f3pria titular da atra\u00e7\u00e3o foi reclamar com o patr\u00e3o sobre o cancelamento de seu programa da grade, que por sua vez reverteu a decis\u00e3o e manteve o vespertino no ar at\u00e9 ent\u00e3o.<\/p>\n\n\n\n<p>Christina Rocha n\u00e3o foi aproveitada pelo departamento de entretenimento do canal. No projeto de Silvio Santos, o \u2018Fofocalizando\u2019, a loira n\u00e3o foi aprovada para ser uma poss\u00edvel apresentadora, ficando portanto na geladeira por tempo indeterminado.<\/p>","protected":false},"excerpt":{"rendered":"<p>O vespertino \u2018Casos de Fam\u00edlia\u2019 \u00e9 a nova baixa na programa\u00e7\u00e3o do SBT. A atra\u00e7\u00e3o comandada por Christina Rocha vai ter novamente uma interrup\u00e7\u00e3o na grava\u00e7\u00e3o de novos epis\u00f3dios e a faixa extinta do canal. A justificativa n\u00e3o mudou em rela\u00e7\u00e3o \u00e0 primeira suspens\u00e3o do programa no ano passado. O desempenho de audi\u00eancia do \u2018Casos\u2019 [&hellip;]<\/p>\n","protected":false},"author":2,"featured_media":119540,"comment_status":"closed","ping_status":"open","sticky":false,"template":"","format":"standard","meta":{"footnotes":""},"categories":[181],"tags":[],"class_list":["post-166598","post","type-post","status-publish","format-standard","has-post-thumbnail","hentry","category-televisao"],"_links":{"self":[{"href":"https:\/\/portalpopmais.com.br\/en\/wp-json\/wp\/v2\/posts\/166598","targetHints":{"allow":["GET"]}}],"collection":[{"href":"https:\/\/portalpopmais.com.br\/en\/wp-json\/wp\/v2\/posts"}],"about":[{"href":"https:\/\/portalpopmais.com.br\/en\/wp-json\/wp\/v2\/types\/post"}],"author":[{"embeddable":true,"href":"https:\/\/portalpopmais.com.br\/en\/wp-json\/wp\/v2\/users\/2"}],"replies":[{"embeddable":true,"href":"https:\/\/portalpopmais.com.br\/en\/wp-json\/wp\/v2\/comments?post=166598"}],"version-history":[{"count":0,"href":"https:\/\/portalpopmais.com.br\/en\/wp-json\/wp\/v2\/posts\/166598\/revisions"}],"wp:featuredmedia":[{"embeddable":true,"href":"https:\/\/portalpopmais.com.br\/en\/wp-json\/wp\/v2\/media\/119540"}],"wp:attachment":[{"href":"https:\/\/portalpopmais.com.br\/en\/wp-json\/wp\/v2\/media?parent=166598"}],"wp:term":[{"taxonomy":"category","embeddable":true,"href":"https:\/\/portalpopmais.com.br\/en\/wp-json\/wp\/v2\/categories?post=166598"},{"taxonomy":"post_tag","embeddable":true,"href":"https:\/\/portalpopmais.com.br\/en\/wp-json\/wp\/v2\/tags?post=166598"}],"curies":[{"name":"wp","href":"https:\/\/api.w.org\/{rel}","templated":true}]}}