{"id":166677,"date":"2023-02-16T23:59:00","date_gmt":"2023-02-17T02:59:00","guid":{"rendered":"https:\/\/portalpopmais.com.br\/?p=166677"},"modified":"2023-02-17T12:02:26","modified_gmt":"2023-02-17T15:02:26","slug":"lancamentos-17-de-fevereiro-de-2023","status":"publish","type":"post","link":"https:\/\/portalpopmais.com.br\/en\/lancamentos-17-de-fevereiro-de-2023\/","title":{"rendered":"Lan\u00e7amentos: ZAAC e Anitta, Lana Del Rey, Z\u00e9 Neto &#038; Cristiano, Ana Castela e Pedro Sampaio e mais!"},"content":{"rendered":"\n<p>Dando in\u00edcio a folia, nesta sexta-feira (17), chega mais uma lista de&nbsp;<strong>lan\u00e7amentos&nbsp;<\/strong>fresquinhos e muitas novidades para adicionar na sua playlist!&nbsp;Hoje temos como destaque para <strong><a href=\"https:\/\/portalpopmais.com.br\/zaac-e-anitta-lancam-mais-uma\/\" data-type=\"post\" data-id=\"166639\">ZAAC<\/a> <\/strong>e <strong><a href=\"https:\/\/portalpopmais.com.br\/zaac-e-anitta-lancam-mais-uma\/\" data-type=\"post\" data-id=\"166639\">Anitta<\/a><\/strong> que chegaram com a aposta para o ver\u00e3o, intitulada <strong>&#8220;Mais Uma&#8221;<\/strong>. <\/p>\n\n\n\n<p>Tem ainda <strong><a href=\"https:\/\/portalpopmais.com.br\/lana-del-rey-lanca-aw-veja-letra-e-traducao\/\" data-type=\"post\" data-id=\"166203\">Lana Del Rey<\/a><\/strong> que liberou a faixa <strong>\u201cA&amp;W\u201d<\/strong>, mais uma amostra do seu novo \u00e1lbum<strong>,<a href=\"https:\/\/portalpopmais.com.br\/ze-neto-cristiano-single-batendo-o-dente\/\" data-type=\"post\" data-id=\"107400\"> Z\u00e9 Neto &amp; Cristiano <\/a><\/strong>liberaram O EP1<strong> &#8220;Escolhas&#8221; <\/strong>e <strong><a href=\"https:\/\/portalpopmais.com.br\/pedro-sampaio-e-ana-castela-carinha-de-bebe\/\" data-type=\"post\" data-id=\"166405\">Ana Castela<\/a><\/strong> e <strong><a href=\"https:\/\/portalpopmais.com.br\/pedro-sampaio-e-ana-castela-carinha-de-bebe\/\" data-type=\"post\" data-id=\"166405\">Pedro Sampaio<\/a><\/strong> se uniram em <strong>&#8220;Carinha de Beb\u00ea<\/strong>&#8220;. Acompanhe os principais&nbsp;<a href=\"https:\/\/twitter.com\/sitepopmais\" target=\"_blank\" rel=\"noreferrer noopener\">lan\u00e7amentos<\/a>&nbsp;no list\u00e3o abaixo.<\/p>\n\n\n\n<h2 class=\"wp-block-heading\">Zaac feat Anitta<\/h2>\n\n\n\n<p>Depois de &#8220;Vai Malandra&#8221;, &#8220;Bola Rebola&#8221; e &#8220;Desce pro Play (Pa pa pa)&#8221;, can\u00e7\u00f5es que despontaram nos charts, bateram in\u00fameros recordes nas plataformas de streaming, chegaram ao topo dos rankings nacionais e internacionais, al\u00e9m de milhares de visualiza\u00e7\u00f5es no YouTube, n\u00e3o seria nada mal que ZAAC e Anitta lan\u00e7assem mais uma, n\u00e3o \u00e9 mesmo? Foi exatamente o que eles fizeram! \u201cMais Uma\u201d, tem produ\u00e7\u00e3o do DJ Yuri Martins, participa\u00e7\u00e3o especial de Zain vem acompanhada de videoclipe. Alegre e divertida, a m\u00fasica traz uma melodia com base sonora in\u00e9dita, inspirada na onda de &#8220;dembow&#8221;, ritmo caribenho dan\u00e7ante nascido na Rep\u00fablica Dominicana, com ra\u00edzes no dancehall jamaicano, al\u00e9m do tradicional funk.<\/p>\n\n\n\n<figure class=\"wp-block-embed is-type-rich is-provider-spotify wp-block-embed-spotify wp-embed-aspect-21-9 wp-has-aspect-ratio\"><div class=\"wp-block-embed__wrapper\">\n<iframe title=\"Spotify Embed: Mais Uma\" style=\"border-radius: 12px\" width=\"100%\" height=\"352\" frameborder=\"0\" allowfullscreen allow=\"autoplay; clipboard-write; encrypted-media; fullscreen; picture-in-picture\" loading=\"lazy\" src=\"https:\/\/open.spotify.com\/embed\/album\/4dnZFRXRCa2ez2jLAUcNp1?referral=labelaffiliate&#038;utm_source=oembed&#038;utm_medium=Universal_Brazil&#038;utm_campaign=labelaffiliate\"><\/iframe>\n<\/div><\/figure>\n\n\n\n<h2 class=\"wp-block-heading\">Lana del Rey<\/h2>\n\n\n\n<p><strong>Lana Del Rey<\/strong> liberou a mais uma amostra do seu novo \u00e1lbum, \u201cDid you know that there\u2019s a tunnel under Ocean Blvd\u201d, que ser\u00e1 lan\u00e7ado em 24 de mar\u00e7o. Se trata da faixa <strong>\u201cA&amp;W\u201d, que <\/strong>tem produ\u00e7\u00e3o assinada por Jack Antonoff.<\/p>\n\n\n\n<figure class=\"wp-block-embed is-type-video is-provider-youtube wp-block-embed-youtube wp-embed-aspect-16-9 wp-has-aspect-ratio\"><div class=\"wp-block-embed__wrapper\">\n<iframe loading=\"lazy\" title=\"Lana Del Rey - A&amp;W (Audio)\" width=\"880\" height=\"495\" src=\"https:\/\/www.youtube.com\/embed\/pYqky795R1s?feature=oembed\" frameborder=\"0\" allow=\"accelerometer; autoplay; clipboard-write; encrypted-media; gyroscope; picture-in-picture; web-share\" referrerpolicy=\"strict-origin-when-cross-origin\" allowfullscreen><\/iframe>\n<\/div><\/figure>\n\n\n\n<h2 class=\"wp-block-heading\">Z\u00e9 Neto &amp; Cristiano<\/h2>\n\n\n\n<p>Z\u00e9 Neto &amp; Cristiano embarcam para um carnaval recheado de apresenta\u00e7\u00f5es, mas deixam um presente especial para os f\u00e3s. Seis can\u00e7\u00f5es escolhidas a dedo chegam nas plataformas de \u00e1udio, pela Som Livre. O EP1 &#8220;Escolhas&#8221; traz tr\u00eas m\u00fasicas in\u00e9ditas e tr\u00eas regrava\u00e7\u00f5es que prometem agitar o feriado ap\u00f3s o lan\u00e7amento. A primeira faixa in\u00e9dita de trabalho foi um verdadeiro sucesso com a letra na ponta da l\u00edngua dos f\u00e3s na grava\u00e7\u00e3o. &#8220;Oi balde&#8221; ter\u00e1 videoclipe dispon\u00edvel. Os clipes das outras duas novidades no repert\u00f3rio, &#8220;P\u00e1tio do posto&#8221; e &#8220;Me devolve pros rol\u00ea&#8221;, saem nas sextas-feiras seguintes.&nbsp;<\/p>\n\n\n\n<figure class=\"wp-block-embed is-type-rich is-provider-spotify wp-block-embed-spotify wp-embed-aspect-21-9 wp-has-aspect-ratio\"><div class=\"wp-block-embed__wrapper\">\n<iframe title=\"Spotify Embed: Escolhas, Vol. 1 (Ao Vivo)\" style=\"border-radius: 12px\" width=\"100%\" height=\"352\" frameborder=\"0\" allowfullscreen allow=\"autoplay; clipboard-write; encrypted-media; fullscreen; picture-in-picture\" loading=\"lazy\" src=\"https:\/\/open.spotify.com\/embed\/album\/3Hm805Bj72CboaLxaCJnqC?utm_source=oembed\"><\/iframe>\n<\/div><\/figure>\n\n\n\n<h2 class=\"wp-block-heading\">Ana Castela feat Pedro Sampaio<\/h2>\n\n\n\n<p>Acaba de chegar mais uma aposta de carnaval! Trata-se da parceria in\u00e9dita de <strong>Pedro Sampaio<\/strong> ao lado de <strong>Ana Castela<\/strong>, no single <strong>\u201cCarinha de Beb\u00ea\u201d<\/strong>. O refr\u00e3o que promete n\u00e3o sair da cabe\u00e7a, une o sertanejo, funk e batidas eletr\u00f4nicas e o <em>hit<\/em> chega acompanhado de um videoclipe com uma dan\u00e7a para aprender e arrasar na folia.<\/p>\n\n\n\n<figure class=\"wp-block-embed is-type-video is-provider-youtube wp-block-embed-youtube wp-embed-aspect-16-9 wp-has-aspect-ratio\"><div class=\"wp-block-embed__wrapper\">\n<iframe loading=\"lazy\" title=\"Ana Castela - Carinha de Beb\u00ea ft. @DJPEDROSAMPAIO  (Clipe Oficial)\" width=\"880\" height=\"495\" src=\"https:\/\/www.youtube.com\/embed\/cTjrTb4XaR0?feature=oembed\" frameborder=\"0\" allow=\"accelerometer; autoplay; clipboard-write; encrypted-media; gyroscope; picture-in-picture; web-share\" referrerpolicy=\"strict-origin-when-cross-origin\" allowfullscreen><\/iframe>\n<\/div><\/figure>\n\n\n\n<h2 class=\"wp-block-heading\">P!nk<\/h2>\n\n\n\n<p>A cantora pop global <strong>P!nk<\/strong> apresenta<strong> &#8220;Trustfall&#8221;<\/strong>, nono \u00e1lbum de est\u00fadio de sua carreira. P!nk \u00e9 conhecida pela sua voz potente, shows perform\u00e1ticos e grandes sucessos como &#8220;So What&#8221;, &#8220;Stupid Girl&#8221; e &#8220;Just Give me a Reason&#8221;. O novo \u00e1lbum da artista foi divulgado com os primeiros singles &#8220;Never Gonna Not Dance Again&#8221;, &#8220;Trustfall&#8221;, can\u00e7\u00e3o que d\u00e1 nome ao \u00e1lbum e &#8220;When I Get There&#8221;, single em homenagem ao pai da cantora, lan\u00e7ado no \u00faltimo dia 14. Trustfall marca o retorno da cantora \u00e0s estradas com a Summer Carnival 2023 Tour, turn\u00ea de ver\u00e3o que acontecer\u00e1 nos est\u00e1dios da America do Norte, a partir de julho. O \u00e1lbum conta com 13 faixas e as participa\u00e7\u00f5es especiais de The Lumineers, Chris Stapleton e First Aid Kit.<\/p>\n\n\n\n<figure class=\"wp-block-embed is-type-rich is-provider-spotify wp-block-embed-spotify wp-embed-aspect-21-9 wp-has-aspect-ratio\"><div class=\"wp-block-embed__wrapper\">\n<iframe title=\"Spotify Embed: TRUSTFALL\" style=\"border-radius: 12px\" width=\"100%\" height=\"352\" frameborder=\"0\" allowfullscreen allow=\"autoplay; clipboard-write; encrypted-media; fullscreen; picture-in-picture\" loading=\"lazy\" src=\"https:\/\/open.spotify.com\/embed\/album\/1GIWJs7mEdzKym3tQ8QScJ?utm_source=oembed\"><\/iframe>\n<\/div><\/figure>\n\n\n\n<h2 class=\"wp-block-heading\">Brisa Star<\/h2>\n\n\n\n<p><strong>Brisa Star<\/strong> aquece o Carnaval com o seu novo EP,<strong> &#8220;Baile da Brisa&#8221;<\/strong>, trazendo sua ess\u00eancia dan\u00e7ante, que mistura a pisadinha com refer\u00eancias eletr\u00f4nicas. O single &#8220;Hoje Eu T\u00f4 Demais&#8221; \u00e9 o foco do projeto, parceria com Deavele Santos e uma vers\u00e3o de &#8220;Can&#8217;t Get Over&#8221;, de Kasino, sucesso de 2005 no Brasil. Completam o repert\u00f3rio: &#8220;Cora\u00e7\u00e3o Confuso&#8221;, &#8220;Problem\u00e3o&#8221; e &#8220;Solinho Saliente&#8221;. Destaque da novela &#8220;Am\u00e9rica&#8221;, da Rede Globo, &#8220;Can&#8217;t Get Over&#8221; foi sucesso instant\u00e2neo. A vers\u00e3o de Brisa traz o teclado caracter\u00edstico do piseiro e fala sobre uma rela\u00e7\u00e3o em que uma pessoa amava a outra, mas a outra n\u00e3o deu valor e a p\u00e1gina virou. Deavele, dono de alguns hits virais como &#8220;Mina Sensa\u00e7\u00e3o&#8221; e &#8220;Pra Pra Pra&#8221;, faz o papel do homem arrependido querendo a mulher de volta.<\/p>\n\n\n\n<figure class=\"wp-block-embed is-type-rich is-provider-spotify wp-block-embed-spotify wp-embed-aspect-21-9 wp-has-aspect-ratio\"><div class=\"wp-block-embed__wrapper\">\n<iframe title=\"Spotify Embed: Baile da Brisa\" style=\"border-radius: 12px\" width=\"100%\" height=\"352\" frameborder=\"0\" allowfullscreen allow=\"autoplay; clipboard-write; encrypted-media; fullscreen; picture-in-picture\" loading=\"lazy\" src=\"https:\/\/open.spotify.com\/embed\/album\/5fh9avSAdPcIpYQ9se6pT9?utm_source=oembed\"><\/iframe>\n<\/div><\/figure>\n\n\n\n<h2 class=\"wp-block-heading\">Pedro Sampaio feat Thaysa Maravilha<\/h2>\n\n\n\n<p>Dando start no carnaval, no domingo (12), <strong>Pedro Sampaio<\/strong> liberou a faixa \u201cEnsaio das Maravilhas\u201d. A can\u00e7\u00e3o \u00e9 uma colabora\u00e7\u00e3o com<strong> Thaysa Maravilha<\/strong>, do grupo Bonde das Maravilhas. O revival do grupo feminino de funk carioca brasileiro, que ganhou fama com o videoclipe \u201cQuadradinho de Oito\u201d, traz uma coreografia desafiadora, lan\u00e7ando agora a bunda no calcanhar e o passinho do gira a gira.<\/p>\n\n\n\n<figure class=\"wp-block-embed is-type-video is-provider-youtube wp-block-embed-youtube wp-embed-aspect-16-9 wp-has-aspect-ratio\"><div class=\"wp-block-embed__wrapper\">\n<iframe loading=\"lazy\" title=\"PEDRO SAMPAIO, Thaysa Maravilha - ENSAIO DAS MARAVILHAS\" width=\"880\" height=\"495\" src=\"https:\/\/www.youtube.com\/embed\/a8xV1QH_P18?feature=oembed\" frameborder=\"0\" allow=\"accelerometer; autoplay; clipboard-write; encrypted-media; gyroscope; picture-in-picture; web-share\" referrerpolicy=\"strict-origin-when-cross-origin\" allowfullscreen><\/iframe>\n<\/div><\/figure>\n\n\n\n<h2 class=\"wp-block-heading\">Vanessa da Mata feat Cat Dealers e Alok<\/h2>\n\n\n\n<p>Unindo nomes de destaque da m\u00fasica eletr\u00f4nica na atualidade, a can\u00e7\u00e3o &#8220;Boa Sorte&#8221;, sucesso de 2007 da cantora Vanessa da Mata em parceria com o americano Ben Harper, acaba de ganhar uma nova leitura, pelas m\u00e3os do produtor Alok e do duo Cat Dealers. Na vers\u00e3o, que d\u00e1 \u00eanfase \u00e0 voz da artista brasileira, a faixa se renova em um flow eletr\u00f4nico pronto para invadir as pistas de dan\u00e7a.<\/p>\n\n\n\n<h2 class=\"wp-block-heading\">Rauw Alejandro feat Angel Dior<\/h2>\n\n\n\n<p><a href=\"https:\/\/portalpopmais.com.br\/rauw-alejandro-confirma-feat-anitta-brazileira\/\"><strong>Rauw Alejandro<\/strong><\/a><strong> <\/strong>segue apresentando videoclipes e m\u00fasicas in\u00e9ditas e nesta segunda-feira (13), ao lado de<a href=\"https:\/\/portalpopmais.com.br\/lancamentos-musicais-21-de-outubro-de-2022\/\"> <strong>Angel Dior<\/strong><\/a>, lan\u00e7ou <strong>\u201cTamo en Nota\u201d<\/strong>, um reggateon com batidas de <em>dembow<\/em>, traz um clipe que celebra a Rep\u00fablica Dominicana. Com dire\u00e7\u00e3o de <strong>Rodrigo Films<\/strong>, os artistas passeiam por tr\u00eas locais, sendo eles:&nbsp; as \u00e1guas da Rep\u00fablica Dominicana, faz uma transi\u00e7\u00e3o para uma fantasia grega, passando pela Gr\u00e9cia Antiga e por fim voltam uma festa de rua na Rep\u00fablica Dominicana.<\/p>\n\n\n\n<figure class=\"wp-block-embed is-type-video is-provider-youtube wp-block-embed-youtube wp-embed-aspect-16-9 wp-has-aspect-ratio\"><div class=\"wp-block-embed__wrapper\">\n<iframe loading=\"lazy\" title=\"Rauw Alejandro, Angel Dior - TAMO EN NOTA (Official Video)\" width=\"880\" height=\"495\" src=\"https:\/\/www.youtube.com\/embed\/S8ZUB9z8OGA?start=192&#038;feature=oembed\" frameborder=\"0\" allow=\"accelerometer; autoplay; clipboard-write; encrypted-media; gyroscope; picture-in-picture; web-share\" referrerpolicy=\"strict-origin-when-cross-origin\" allowfullscreen><\/iframe>\n<\/div><\/figure>\n\n\n\n<h2 class=\"wp-block-heading\">Wesley Safad\u00e3o feat MC Ryan<\/h2>\n\n\n\n<p><strong>Mc Ryan SP<\/strong> tamb\u00e9m aceitou o convite do cantor e amigo <strong>Wesley Safad\u00e3o<\/strong> para fazer parte de uma faixa in\u00e9dita para o Carnaval. Intitulada <strong>&#8220;Safado&#8221;<\/strong>, a m\u00fasica foi composta por Renn\u00f3 Poeta, Junior Gomes, Hiago Nobre e DJ Ivis. Gravado em uma mans\u00e3o na cidade de S\u00e3o Paulo, o videoclipe contou com um cen\u00e1rio festivo com direito a piscina, b\u00f3ias, jet skis, motos e muita anima\u00e7\u00e3o. Dirigido por Felipe Pavan da <strong>GR6<\/strong>, o audiovisual tamb\u00e9m contou com a participa\u00e7\u00e3o de <strong>Mc Daniel<\/strong>, <strong>Mc IG <\/strong>e <strong>Mc GH, <\/strong>e tem tudo pra ser a nova dancinha viral das redes sociais. <em>&#8220;Foi maravilhoso cantar e gravar ao lado do Wesley. A m\u00fasica tem batida, ritmo e letra que se encaixam muito na energia do carnaval&#8221;, <\/em>comenta <strong>Ryan<\/strong>. <em>&#8220;Sou muito grato por ter recebido esse convite. Ele \u00e9 uma m\u00e1quina, vai ser incr\u00edvel. Espero que a rapaziada se divirta do mesmo jeito que n\u00f3s nos divertimos ao som de &#8216;Safado'&#8221;.<\/em>&nbsp;<\/p>\n\n\n\n<figure class=\"wp-block-embed is-type-rich is-provider-spotify wp-block-embed-spotify wp-embed-aspect-21-9 wp-has-aspect-ratio\"><div class=\"wp-block-embed__wrapper\">\n<iframe title=\"Spotify Embed: Safado\" style=\"border-radius: 12px\" width=\"100%\" height=\"352\" frameborder=\"0\" allowfullscreen allow=\"autoplay; clipboard-write; encrypted-media; fullscreen; picture-in-picture\" loading=\"lazy\" src=\"https:\/\/open.spotify.com\/embed\/album\/70vkNMgE61MGPvgMa04evp?utm_source=oembed\"><\/iframe>\n<\/div><\/figure>\n\n\n\n<h2 class=\"wp-block-heading\">Carlinhos Brown<\/h2>\n\n\n\n<p>&#8220;Enquanto houver Carnaval, haver\u00e1 Ax\u00e9 Music&#8221;. A afirma\u00e7\u00e3o de Carlinhos Brown, um dos criadores do movimento, nos d\u00e1 a certeza da consolida\u00e7\u00e3o de um movimento cl\u00e1ssico na cultura brasileira. A partir do dia 16 de fevereiro, v\u00e9spera de Carnaval, o p\u00fablico poder\u00e1 conferir em todas as plataformas digitais as faixas de &#8216;Pop Xir\u00ea&#8217;, novo \u00e1lbum do cantor, compositor e multi-instrumentista, que expressa toda a pluralidade r\u00edtmica ancestral. <em>&#8220;Esse Carnaval para mim \u00e9 um recome\u00e7o. Por isso a import\u00e2ncia de lan\u00e7ar um \u00e1lbum nesse per\u00edodo e dentro do pr\u00f3prio Carnaval, al\u00e9m de refor\u00e7ar todo um trabalho de linguagem m\u00edstica e resqu\u00edcios advindos da oralidade, utilizando a l\u00edngua, linguagem e corruptela banto azibundo e congo, Iorub\u00e1 Ijex\u00e1. Pop Xir\u00ea \u00e9 resultado da for\u00e7a e mem\u00f3ria presente&#8221;, conta Brown.<\/em><\/p>\n\n\n\n<figure class=\"wp-block-embed is-type-rich is-provider-spotify wp-block-embed-spotify wp-embed-aspect-21-9 wp-has-aspect-ratio\"><div class=\"wp-block-embed__wrapper\">\n<iframe title=\"Spotify Embed: Pop Xir\u00ea\" style=\"border-radius: 12px\" width=\"100%\" height=\"352\" frameborder=\"0\" allowfullscreen allow=\"autoplay; clipboard-write; encrypted-media; fullscreen; picture-in-picture\" loading=\"lazy\" src=\"https:\/\/open.spotify.com\/embed\/album\/6I3rLiRrmUl34sd4297Xea?utm_source=oembed\"><\/iframe>\n<\/div><\/figure>\n\n\n\n<h2 class=\"wp-block-heading\">Polo G feat. Future<\/h2>\n\n\n\n<p>O rapper<strong> Polo G<\/strong>, conhecido pelos hits &#8220;Rapstar&#8221; e &#8220;Martin &amp; Gina&#8221; estreia seu novo single <strong>&#8220;No Time Wasted<\/strong>&#8220;, com participa\u00e7\u00e3o do rapper <strong>Future<\/strong>, vencedor do pr\u00eamio de Artista do Ano no XXL Awards 2023. A faixa traz refer\u00eancias do futebol americano, em uma composi\u00e7\u00e3o que mistura os g\u00eaneros pop e rap.<\/p>\n\n\n\n<figure class=\"wp-block-embed is-type-rich is-provider-spotify wp-block-embed-spotify wp-embed-aspect-21-9 wp-has-aspect-ratio\"><div class=\"wp-block-embed__wrapper\">\n<iframe title=\"Spotify Embed: No Time Wasted (feat. Future)\" style=\"border-radius: 12px\" width=\"100%\" height=\"352\" frameborder=\"0\" allowfullscreen allow=\"autoplay; clipboard-write; encrypted-media; fullscreen; picture-in-picture\" loading=\"lazy\" src=\"https:\/\/open.spotify.com\/embed\/album\/2QHf3w0Kft5kqqEXBaHBDm?utm_source=oembed\"><\/iframe>\n<\/div><\/figure>\n\n\n\n<h2 class=\"wp-block-heading\">Ariel B feat Tilia<\/h2>\n\n\n\n<p>Nesta ter\u00e7a-feira (14), <strong>Ariel B<\/strong> e<strong> T\u00edlia<\/strong> lan\u00e7aram o clipe do single \u201c<strong>Tropinha das Gostosas<\/strong>\u201d. A produ\u00e7\u00e3o, que j\u00e1 est\u00e1 dispon\u00edvel no canal do Youtube do artista, foi gravada ao vivo durante o Planeta Atl\u00e2ntida. Segundo o DJ, a ideia de utilizar o palco do maior festival de m\u00fasica do sul do pa\u00eds para gravar o audiovisual do single, surgiu pela oportunidade de ter essa troca com o p\u00fablico, al\u00e9m de aproveitar o momento para deixar o lan\u00e7amento ainda mais especial. Como resultado, os artistas trouxeram uma performance en\u00e9rgica, embalada pelo alto astral do single, que carrega o trap e o funk na batida, colocando todo mundo para dan\u00e7ar.<\/p>\n\n\n\n<figure class=\"wp-block-embed is-type-video is-provider-youtube wp-block-embed-youtube wp-embed-aspect-16-9 wp-has-aspect-ratio\"><div class=\"wp-block-embed__wrapper\">\n<iframe loading=\"lazy\" title=\"Ariel B  &amp;  T\u00edlia - Tropinha das Gostosas (Clipe Oficial)\" width=\"880\" height=\"495\" src=\"https:\/\/www.youtube.com\/embed\/wOZ3RH7jIdk?feature=oembed\" frameborder=\"0\" allow=\"accelerometer; autoplay; clipboard-write; encrypted-media; gyroscope; picture-in-picture; web-share\" referrerpolicy=\"strict-origin-when-cross-origin\" allowfullscreen><\/iframe>\n<\/div><\/figure>\n\n\n\n<h2 class=\"wp-block-heading\">P\u00e9ricles<\/h2>\n\n\n\n<p><strong>P\u00e9ricles<\/strong> entrou no clima de carnaval e lan\u00e7ou o EP <strong>\u201cPeric\u00e3o Folia\u201d<\/strong>, composto por cinco m\u00fasicas que s\u00e3o sucessos do carnaval de Salvador como \u2018Prefixo de Ver\u00e3o\u2019 e \u2018Baianidade Nag\u00f4\u2019, regrava\u00e7\u00f5es de Jota Quest (\u2018Do Seu Lado\u2019) e Wando (\u2018Fogo e Paix\u00e3o) com arranjos carnavalescos e a cl\u00e1ssica marchinha \u2018Balanc\u00ea\u2019 de Alberto Ribeiro e Braguinha lan\u00e7ada por Carmen Miranda em 1936 e eternizada por Gal Costa em 1979. <em>\u201cQuando escolhemos o repert\u00f3rio desse projeto o objetivo era mostrar todas as nuances do carnaval do Brasil que vai do ax\u00e9 ao frevo, do pop \u00e0s marchinhas e aos sambas-enredo\u2026 gostei muito do resultado e tenho certeza de que a galera ir\u00e1 gostar tamb\u00e9m. Carnaval \u00e9 festa, \u00e9 alegria, mas, acima de tudo, \u00e9 uma rever\u00eancia a m\u00fasica e a arte em todas as suas formas\u201d, fala P\u00e9ricles.<\/em><\/p>\n\n\n\n<figure class=\"wp-block-embed is-type-video is-provider-youtube wp-block-embed-youtube wp-embed-aspect-16-9 wp-has-aspect-ratio\"><div class=\"wp-block-embed__wrapper\">\n<iframe loading=\"lazy\" title=\"P\u00e9ricles - Balanc\u00ea | Peric\u00e3o Folia - Ano 1 (V\u00eddeo Oficial)\" width=\"880\" height=\"495\" src=\"https:\/\/www.youtube.com\/embed\/vBVylr3VLHg?list=PLDsD2k6nWSLhVnTny3jRZUcD30OpWF5TW\" frameborder=\"0\" allow=\"accelerometer; autoplay; clipboard-write; encrypted-media; gyroscope; picture-in-picture; web-share\" referrerpolicy=\"strict-origin-when-cross-origin\" allowfullscreen><\/iframe>\n<\/div><\/figure>\n\n\n\n<h2 class=\"wp-block-heading\">Latto feat. Lu Kala<\/h2>\n\n\n\n<p>\u00a0\u00a0A rapper <strong>Latto<\/strong>, vencedora do BET Award de Melhor Revela\u00e7\u00e3o de 2022 e dona do hit &#8220;Big Energy&#8221;, divulga seu novo single<strong> &#8220;Lottery&#8221;<\/strong> com participa\u00e7\u00e3o de<strong> Lu Kala<\/strong>, cantora congolesa-canadense em ascens\u00e3o no cen\u00e1rio da m\u00fasica. &#8220;Lottery&#8221; une o estilo extravagante de Latto \u00e0s batidas dan\u00e7antes de Lu Kala.<\/p>\n\n\n\n<figure class=\"wp-block-embed is-type-rich is-provider-spotify wp-block-embed-spotify wp-embed-aspect-21-9 wp-has-aspect-ratio\"><div class=\"wp-block-embed__wrapper\">\n<iframe title=\"Spotify Embed: Lottery (feat. LU KALA)\" style=\"border-radius: 12px\" width=\"100%\" height=\"352\" frameborder=\"0\" allowfullscreen allow=\"autoplay; clipboard-write; encrypted-media; fullscreen; picture-in-picture\" loading=\"lazy\" src=\"https:\/\/open.spotify.com\/embed\/album\/2cMtG6iuA7hXGNb4DHVql4?utm_source=oembed\"><\/iframe>\n<\/div><\/figure>\n\n\n\n<h2 class=\"wp-block-heading\">Bebe Rexha<\/h2>\n\n\n\n<p><strong>Bebe Rexha<\/strong> est\u00e1 voltando ao mundo pop com o lan\u00e7amento do in\u00e9dito single <strong>\u201c<\/strong><strong><em>Heart Wants What It Wants\u201d<\/em><\/strong><\/p>\n\n\n\n<figure class=\"wp-block-embed is-type-video is-provider-youtube wp-block-embed-youtube wp-embed-aspect-16-9 wp-has-aspect-ratio\"><div class=\"wp-block-embed__wrapper\">\n<iframe loading=\"lazy\" title=\"Bebe Rexha - Heart Wants What It Wants (Official Music Video)\" width=\"880\" height=\"495\" src=\"https:\/\/www.youtube.com\/embed\/OrGhXL9zCPQ?feature=oembed\" frameborder=\"0\" allow=\"accelerometer; autoplay; clipboard-write; encrypted-media; gyroscope; picture-in-picture; web-share\" referrerpolicy=\"strict-origin-when-cross-origin\" allowfullscreen><\/iframe>\n<\/div><\/figure>\n\n\n\n<h2 class=\"wp-block-heading\">Tini<\/h2>\n\n\n\n<p><strong>TINI<\/strong> Stoessel \u00e9 uma das principais vozes do cen\u00e1rio musical latino na atualidade. Com in\u00fameros sucessos ao longo da carreira, a diva argentina est\u00e1 pronta para al\u00e7ar novos voos com seu quarto \u00e1lbum de est\u00fadio,<strong> &#8220;CUPIDO&#8221;<\/strong>! O projeto contar\u00e1 com 14 m\u00fasicas, incluindo os hits &#8220;Mi\u00e9nteme&#8221; (feat. Maria Becerra), &#8220;La Loto&#8221; (feat. Becky G &amp; Anitta) e &#8220;Carne y Hueso&#8221;. Para aquecer o p\u00fablico com mais uma pr\u00e9via do \u00e1lbum, TINI presenteou os ouvintes com a faixa que d\u00e1 nome ao projeto, &#8220;CUPIDO&#8221;, no Valentine&#8217;s Day (Dia dos Namorados).<\/p>\n\n\n\n<figure class=\"wp-block-embed is-type-rich is-provider-spotify wp-block-embed-spotify wp-embed-aspect-21-9 wp-has-aspect-ratio\"><div class=\"wp-block-embed__wrapper\">\n<iframe title=\"Spotify Embed: Cupido\" style=\"border-radius: 12px\" width=\"100%\" height=\"352\" frameborder=\"0\" allowfullscreen allow=\"autoplay; clipboard-write; encrypted-media; fullscreen; picture-in-picture\" loading=\"lazy\" src=\"https:\/\/open.spotify.com\/embed\/album\/3HWlgRjxW0H7fWm1n2LBbE?utm_source=oembed\"><\/iframe>\n<\/div><\/figure>\n\n\n\n<h2 class=\"wp-block-heading\">Kevinho<\/h2>\n\n\n\n<p>H\u00e1 muito tempo os f\u00e3s de <strong>Kevinho<\/strong> pedem ao artista uma m\u00fasica com a mesma batida das faixas do in\u00edcio da carreira do cantor, como o hit \u201cOlha a Explos\u00e3o\u201d, que conquistou o Brasil e bateu o recorde de 1 bilh\u00e3o de visualiza\u00e7\u00f5es. O \u201cmoleque dos hits\u201d, como \u00e9 chamado, atendeu \u00e0s solicita\u00e7\u00f5es e convidou o produtor musical Jorgin para assumir os arranjos de <strong>\u201cTeu Dom\u201d<\/strong>, uma m\u00fasica com refr\u00e3o forte e que n\u00e3o deixa ningu\u00e9m parado. <em>\u201cTeu Dom\u201d<\/em> \u00e9 de autoria de Kevinho, EZ, Tinho WT e Rodrigo Produ\u00e7\u00e3o e chega acompanhado de videoclipe in\u00e9dito no YouTube. Em clima de ver\u00e3o, Kevinho chamou a amiga Dani Russo e Jorgin para participarem da grava\u00e7\u00e3o.<\/p>\n\n\n\n<figure class=\"wp-block-embed is-type-video is-provider-youtube wp-block-embed-youtube wp-embed-aspect-16-9 wp-has-aspect-ratio\"><div class=\"wp-block-embed__wrapper\">\n<iframe loading=\"lazy\" title=\"Kevinho - Teu Dom (Jorgin) Videoclipe Oficial\" width=\"880\" height=\"495\" src=\"https:\/\/www.youtube.com\/embed\/zmFXYfNsfdQ?feature=oembed\" frameborder=\"0\" allow=\"accelerometer; autoplay; clipboard-write; encrypted-media; gyroscope; picture-in-picture; web-share\" referrerpolicy=\"strict-origin-when-cross-origin\" allowfullscreen><\/iframe>\n<\/div><\/figure>\n\n\n\n<h2 class=\"wp-block-heading\">Pabllo Vittar&nbsp;<\/h2>\n\n\n\n<p><strong>Pabllo Vittar <\/strong>lan\u00e7ou o <em>visualizer <\/em>do single<strong> &#8220;Balinha de Cora\u00e7\u00e3o&#8221;<\/strong>, com participa\u00e7\u00e3o de<strong> Anitta<\/strong>. A m\u00fasica que faz parte do quinto \u00e1lbum de est\u00fadio da cantora, &#8220;Noitada&#8221;. As imagens usadas no <em>visualizer<\/em> s\u00e3o das duas cantoras curtindo uma &#8220;Noitada&#8221;, onde ambas se divertem, ao lado de amigos, e exibem toda sua sensualidade feminina e euforia para curtir a noite.<\/p>\n\n\n\n<figure class=\"wp-block-embed is-type-video is-provider-youtube wp-block-embed-youtube wp-embed-aspect-16-9 wp-has-aspect-ratio\"><div class=\"wp-block-embed__wrapper\">\n<iframe loading=\"lazy\" title=\"Pabllo Vittar, Anitta - Balinha de Corac\u0327a\u0303o (Official Visualizer)\" width=\"880\" height=\"495\" src=\"https:\/\/www.youtube.com\/embed\/ebvvNthaEXk?feature=oembed\" frameborder=\"0\" allow=\"accelerometer; autoplay; clipboard-write; encrypted-media; gyroscope; picture-in-picture; web-share\" referrerpolicy=\"strict-origin-when-cross-origin\" allowfullscreen><\/iframe>\n<\/div><\/figure>\n\n\n\n<h2 class=\"wp-block-heading\">Kamisa 10<\/h2>\n\n\n\n<p>O grupo<strong> Kamisa 10<\/strong> vem construindo uma carreira s\u00f3lida e se firmando como um dos principais expoentes do pagode no Brasil. Depois do sucesso do DVD &#8220;Na Vibe do K10&#8221;, os artistas v\u00e3o lan\u00e7ar uma nova vers\u00e3o do hit <strong>&#8220;Lance Livre&#8221;,<\/strong> que bateu 30 milh\u00f5es de views no YouTube e 13 milh\u00f5es de plays no Spotify. O remix ainda conta com a participa\u00e7\u00e3o de <strong>MC Don Juan<\/strong> e <strong>Mad Dogz. <\/strong>Uma das principais caracter\u00edsticas do grupo Kamisa 10 \u00e9 a mistura da modernidade com a tradi\u00e7\u00e3o, mesclando beats com a base do samba. Mas aproveitando o clima de festa do ver\u00e3o, &#8220;Lance Livre Remix&#8221; explora totalmente as sonoridades da m\u00fasica eletr\u00f4nica e do funk.&nbsp;<\/p>\n\n\n\n<figure class=\"wp-block-embed is-type-rich is-provider-spotify wp-block-embed-spotify wp-embed-aspect-21-9 wp-has-aspect-ratio\"><div class=\"wp-block-embed__wrapper\">\n<iframe title=\"Spotify Embed: Lance Livre (Remix)\" style=\"border-radius: 12px\" width=\"100%\" height=\"352\" frameborder=\"0\" allowfullscreen allow=\"autoplay; clipboard-write; encrypted-media; fullscreen; picture-in-picture\" loading=\"lazy\" src=\"https:\/\/open.spotify.com\/embed\/album\/32rqDu4ddXeIKAW7Fm0XYQ?utm_source=oembed\"><\/iframe>\n<\/div><\/figure>\n\n\n\n<h2 class=\"wp-block-heading\">Fam\u00edlia de Rua<\/h2>\n\n\n\n<p>A tradicional batalha de rimas <strong>&#8220;Duelo de MC&#8217;s Nacional&#8221;<\/strong> chega ao segundo ano consecutivo sendo uma das \u00fanicas a disponibilizar o \u00e1udio dos duelos masterizados nas principais plataformas de m\u00fasica. O projeto Fam\u00edlia de Rua &#8211; idealizador desta que \u00e9 a maior batalha de MC&#8217;s do Brasil. O \u00e1lbum &#8220;Duelo de MC&#8217;s Nacional 2022&#8221;, com \u00e1udios em alta qualidade de todos os duelos da \u00faltima edi\u00e7\u00e3o do evento. Gravado ao vivo em dezembro de 2022 na cidade de Belo Horizonte &#8211; onde a Final do evento foi sediada -, o Duelo Nacional contou com a participa\u00e7\u00e3o de 32 MC&#8217;s, vindos de todos os estados brasileiros, tendo sido essa sua d\u00e9cima edi\u00e7\u00e3o. O \u00e1lbum conta com todas as fases da competi\u00e7\u00e3o e apresenta beats tanto de boombap quanto de trap e grime, al\u00e9m de grande versatilidade de rimas e a participa\u00e7\u00e3o de artistas em ascens\u00e3o na cena das batalhas de rima.<\/p>\n\n\n\n<figure class=\"wp-block-embed is-type-rich is-provider-spotify wp-block-embed-spotify wp-embed-aspect-21-9 wp-has-aspect-ratio\"><div class=\"wp-block-embed__wrapper\">\n<iframe title=\"Spotify Embed: Duelo de Mcs Nacional 2022\" style=\"border-radius: 12px\" width=\"100%\" height=\"352\" frameborder=\"0\" allowfullscreen allow=\"autoplay; clipboard-write; encrypted-media; fullscreen; picture-in-picture\" loading=\"lazy\" src=\"https:\/\/open.spotify.com\/embed\/album\/3yy6oiQup370EehejseAGm?utm_source=oembed\"><\/iframe>\n<\/div><\/figure>\n\n\n\n<h2 class=\"wp-block-heading\">MC TK<\/h2>\n\n\n\n<p>Em mais lan\u00e7amento da parceria entre o selo Soull Music BR e a Sony Music Brasil, <strong>MC TK<\/strong> estreia o trap funk<strong> &#8220;Em Busca do Progresso&#8221;<\/strong>, faixa que surgiu ap\u00f3s um processo de luto do artista. Depois da perda de seu empres\u00e1rio e amigo, TK escreveu uma homenagem e, tamb\u00e9m, uma mensagem de supera\u00e7\u00e3o, positividade e esperan\u00e7a. A produ\u00e7\u00e3o da faixa \u00e9 do DJ Huguinho.<\/p>\n\n\n\n<p><\/p>\n\n\n\n<h2 class=\"wp-block-heading\">Carol Biazin<\/h2>\n\n\n\n<p>Nesta quarta-feira (15), Carol Biazin disponibilizou o v\u00eddeo da faixa &#8220;GLITTER&#8221;, do seu mais novo \u00e1lbum &#8220;REVERSA&#8221;, que completa o chamado ATO III.Com dire\u00e7\u00e3o de Pedro Goto, o visual foi gravado na festa de lan\u00e7amento do \u00e1lbum, no tradicional Cineclube Cortina, em S\u00e3o Paulo, que contou com a presen\u00e7a de artistas e amigos da cantora, como Vit\u00e3o, MC Soffia, Clau, Yasmin Ali Yassine, entre outros, que tamb\u00e9m aparecem em cenas do v\u00eddeo.&nbsp;<\/p>\n\n\n\n<figure class=\"wp-block-embed is-type-video is-provider-youtube wp-block-embed-youtube wp-embed-aspect-16-9 wp-has-aspect-ratio\"><div class=\"wp-block-embed__wrapper\">\n<iframe loading=\"lazy\" title=\"Carol Biazin - GLITTER\" width=\"880\" height=\"495\" src=\"https:\/\/www.youtube.com\/embed\/cG0a9pZauS8?feature=oembed\" frameborder=\"0\" allow=\"accelerometer; autoplay; clipboard-write; encrypted-media; gyroscope; picture-in-picture; web-share\" referrerpolicy=\"strict-origin-when-cross-origin\" allowfullscreen><\/iframe>\n<\/div><\/figure>\n\n\n\n<h3 class=\"wp-block-heading\">Niall Horan<\/h3>\n\n\n\n<p><strong>\u201cHeaven\u201d<\/strong> \u00e9 o novo single de <strong>Niall Horan<\/strong>, que \u00e9 apresentado nesta sexta.<\/p>\n\n\n\n<figure class=\"wp-block-embed is-type-rich is-provider-spotify wp-block-embed-spotify wp-embed-aspect-21-9 wp-has-aspect-ratio\"><div class=\"wp-block-embed__wrapper\">\n<iframe title=\"Spotify Embed: Heaven\" style=\"border-radius: 12px\" width=\"100%\" height=\"352\" frameborder=\"0\" allowfullscreen allow=\"autoplay; clipboard-write; encrypted-media; fullscreen; picture-in-picture\" loading=\"lazy\" src=\"https:\/\/open.spotify.com\/embed\/album\/6IbldUF7xzRJuUDEApUCS3?utm_source=oembed\"><\/iframe>\n<\/div><\/figure>\n\n\n\n<h2 class=\"wp-block-heading\">Kevin O Chris<\/h2>\n\n\n\n<p><strong>Kevin O Chris<\/strong> lan\u00e7a seu mais novo single <strong>\u201cVoc\u00ea N\u00e3o Deu Valor\u201d<\/strong>. A faixa, que sai pela Som Livre, chega acompanhada de um visualizer, disponibilizado \u00e0s 12h, no canal do YouTube do artista. A faixa autoral, que tamb\u00e9m foi produzida pelo artista, \u00e9 uma melodia do funk, ritmo caracter\u00edstico do artista. Nos versos do single, ele retrata um sentimento de liberta\u00e7\u00e3o de um relacionamento, no qual n\u00e3o era valorizado.<\/p>\n\n\n\n<figure class=\"wp-block-embed is-type-rich is-provider-spotify wp-block-embed-spotify wp-embed-aspect-21-9 wp-has-aspect-ratio\"><div class=\"wp-block-embed__wrapper\">\n<iframe title=\"Spotify Embed: Voc\u00ea N\u00e3o Deu Valor\" style=\"border-radius: 12px\" width=\"100%\" height=\"352\" frameborder=\"0\" allowfullscreen allow=\"autoplay; clipboard-write; encrypted-media; fullscreen; picture-in-picture\" loading=\"lazy\" src=\"https:\/\/open.spotify.com\/embed\/album\/061ApwhVQXV4IKXdeab2hb?utm_source=oembed\"><\/iframe>\n<\/div><\/figure>\n\n\n\n<h2 class=\"wp-block-heading\">Lu\u00edsa Sonza feat&nbsp; Xam\u00e3 e Karol Conk\u00e1<\/h2>\n\n\n\n<p><strong>Lu\u00edsa Sonza<\/strong> lan\u00e7ou nada menos que o remix da faixa <strong>\u201cMAMA.CITA (hasta la vista)\u201d<\/strong>, s\u00f3 que, desta vez, em parceria com a pr\u00f3pria mamacita,<strong> Karol Conk\u00e1<\/strong>. O rapper<strong> Xam\u00e3<\/strong>. A faixa cont\u00ednua versando na faixa, lan\u00e7ada originalmente em dezembro do ano passado. A nova vers\u00e3o, intitulada \u201cMAMA.CITA (REMIX)\u201d, segue com o mesmo tema cantado por Sonza e Xam\u00e3, ganhando, agora, uma nova roupagem com os vocais de Karol Conk\u00e1.<\/p>\n\n\n\n<figure class=\"wp-block-embed is-type-rich is-provider-spotify wp-block-embed-spotify wp-embed-aspect-21-9 wp-has-aspect-ratio\"><div class=\"wp-block-embed__wrapper\">\n<iframe title=\"Spotify Embed: MAMACITA (remix)\" style=\"border-radius: 12px\" width=\"100%\" height=\"352\" frameborder=\"0\" allowfullscreen allow=\"autoplay; clipboard-write; encrypted-media; fullscreen; picture-in-picture\" loading=\"lazy\" src=\"https:\/\/open.spotify.com\/embed\/album\/1nb8pWduew0lIni8jqSuYU?go=1&#038;sp_cid=2fa689d5ec2cd21baf7aea1f6d8204ba&#038;utm_source=oembed&#038;utm_medium=desktop&#038;nd=1\"><\/iframe>\n<\/div><\/figure>\n\n\n\n<h2 class=\"wp-block-heading\">Sebasti\u00e1n Yatra<\/h2>\n\n\n\n<p>Ap\u00f3s seis meses sem lan\u00e7ar m\u00fasica, cantor colombiano <strong>Sebasti\u00e1n Yatra<\/strong>&nbsp; lan\u00e7a sua nova m\u00fasica<strong> &#8216;Una noche sin pensar&#8217;, <\/strong>que vem carregada de muita sensualidade.&nbsp;<\/p>\n\n\n\n<figure class=\"wp-block-embed is-type-video is-provider-youtube wp-block-embed-youtube wp-embed-aspect-4-3 wp-has-aspect-ratio\"><div class=\"wp-block-embed__wrapper\">\n<iframe loading=\"lazy\" title=\"Sebasti\u00e1n Yatra - Una Noche Sin Pensar (Official Video)\" width=\"880\" height=\"660\" src=\"https:\/\/www.youtube.com\/embed\/QyY5EtJsVhE?feature=oembed\" frameborder=\"0\" allow=\"accelerometer; autoplay; clipboard-write; encrypted-media; gyroscope; picture-in-picture; web-share\" referrerpolicy=\"strict-origin-when-cross-origin\" allowfullscreen><\/iframe>\n<\/div><\/figure>\n\n\n\n<h2 class=\"wp-block-heading\">WD feat Mc Soffia e&nbsp; DJ 2F<\/h2>\n\n\n\n<p>Aproveitando clima de Carnaval, <strong>WD<\/strong> acaba de lan\u00e7ar um single especial que tem tudo a ver com a sinergia da festa que o brasileiro mais gosta. \u2018<strong>1+1 \u00c9 Pouco\u2019<\/strong> conta com a participa\u00e7\u00e3o mais que especial de Mc Soffia e do DJ 2F. A m\u00fasica, que fala sobre curti\u00e7\u00e3o, pega\u00e7\u00e3o e aproveitar o momento, j\u00e1 foi apresentada de surpresa na participa\u00e7\u00e3o que WD fez no ensaio do bloco Xainir\u00f4, de Wanessa Camargo, no final de janeiro. A faixa far\u00e1 parte do primeiro \u00e1lbum do cantor, que ser\u00e1 lan\u00e7ado ainda este ano, pela Universal Music.<\/p>\n\n\n\n<figure class=\"wp-block-embed is-type-rich is-provider-spotify wp-block-embed-spotify wp-embed-aspect-21-9 wp-has-aspect-ratio\"><div class=\"wp-block-embed__wrapper\">\n<iframe title=\"Spotify Embed: 1+1 \u00c9 Pouco\" style=\"border-radius: 12px\" width=\"100%\" height=\"352\" frameborder=\"0\" allowfullscreen allow=\"autoplay; clipboard-write; encrypted-media; fullscreen; picture-in-picture\" loading=\"lazy\" src=\"https:\/\/open.spotify.com\/embed\/album\/54dRucOxK6INlDp0AuVAcd?utm_source=oembed\"><\/iframe>\n<\/div><\/figure>\n\n\n\n<h2 class=\"wp-block-heading\">Flow Key feat Felipe Forte<\/h2>\n\n\n\n<p>Conhecido por seus trabalhos de sucesso, incluindo remixes e produ\u00e7\u00f5es de faixas de grandes artistas como Jottap\u00ea e Ana Castela, <strong>Flow Key<\/strong> lan\u00e7a uma nova can\u00e7\u00e3o<strong>. &#8220;Fala Que Me Ama&#8221;<\/strong> marca a colabora\u00e7\u00e3o do artista com o cantor e compositor Felipe Forte. Inspirado no amor adolescente,<em> &#8220;Fala Que Me Ama&#8221; traz um amor mais fugaz como inspira\u00e7\u00e3o. &#8220;A m\u00fasica fala sobre a fase adolescente onde os jovens geralmente n\u00e3o sabem o que querem no amor. Preferem mais a sensualidade e paix\u00f5es moment\u00e2neas do que envolver o cora\u00e7\u00e3o&#8221;, explica Flow Key.\u00a0<\/em><\/p>\n\n\n\n<figure class=\"wp-block-embed is-type-rich is-provider-spotify wp-block-embed-spotify wp-embed-aspect-21-9 wp-has-aspect-ratio\"><div class=\"wp-block-embed__wrapper\">\n<iframe title=\"Spotify Embed: Fala Que Me Ama\" style=\"border-radius: 12px\" width=\"100%\" height=\"352\" frameborder=\"0\" allowfullscreen allow=\"autoplay; clipboard-write; encrypted-media; fullscreen; picture-in-picture\" loading=\"lazy\" src=\"https:\/\/open.spotify.com\/embed\/album\/0l6SeVFLhVCWLEpUFvFrOn?utm_source=oembed\"><\/iframe>\n<\/div><\/figure>\n\n\n\n<h2 class=\"wp-block-heading\">Luara Maysa<\/h2>\n\n\n\n<p>Conhecida pelos v\u00eddeos no Tik Tok abordando pessoas na rua para mostrar novas m\u00fasicas, a cantora<strong> Luara Maysa<\/strong> lan\u00e7a, o single<strong> &#8220;Pouco Faz&#8221;<\/strong>. Com refr\u00e3o e batida chiclete, a m\u00fasica fala sobre responsabilidade afetiva dentro dos relacionamentos amorosos.<em> &#8220;Na m\u00fasica eu critico as pessoas que fazem promessas e juras de amor apenas para conseguir o que querem, sem se importar no sentimento dos outros e ser emp\u00e1tico. Na letra eu imponho o autorrespeito e deixo claro que cada um pode viver o que bem quiser, desde que deixe claro suas inten\u00e7\u00f5es&#8221;, reflete a artista.<\/em><\/p>\n\n\n\n<figure class=\"wp-block-embed is-type-rich is-provider-spotify wp-block-embed-spotify wp-embed-aspect-21-9 wp-has-aspect-ratio\"><div class=\"wp-block-embed__wrapper\">\n<iframe title=\"Spotify Embed: Pouco Faz\" style=\"border-radius: 12px\" width=\"100%\" height=\"352\" frameborder=\"0\" allowfullscreen allow=\"autoplay; clipboard-write; encrypted-media; fullscreen; picture-in-picture\" loading=\"lazy\" src=\"https:\/\/open.spotify.com\/embed\/album\/27V3J4e0zHmCH4mi7mfsVz?utm_source=oembed\"><\/iframe>\n<\/div><\/figure>\n\n\n\n<h2 class=\"wp-block-heading\">Grupo Clareou feat Mumuzinho<\/h2>\n\n\n\n<p>Est\u00e1 dispon\u00edvel mais uma vers\u00e3o ao vivo do DVD \u201cClareou Modo Avan\u00e7ado\u201d. O grupo libera nas plataformas e no Youtube a can\u00e7\u00e3o <strong>\u201cNada Pra Fazer\u201d<\/strong>, que conta com a participa\u00e7\u00e3o de <strong>Mumuzinho<\/strong>.\u00a0<\/p>\n\n\n\n<figure class=\"wp-block-embed is-type-rich is-provider-spotify wp-block-embed-spotify wp-embed-aspect-21-9 wp-has-aspect-ratio\"><div class=\"wp-block-embed__wrapper\">\n<iframe title=\"Spotify Embed: Nada pra Fazer (Ao Vivo)\" style=\"border-radius: 12px\" width=\"100%\" height=\"352\" frameborder=\"0\" allowfullscreen allow=\"autoplay; clipboard-write; encrypted-media; fullscreen; picture-in-picture\" loading=\"lazy\" src=\"https:\/\/open.spotify.com\/embed\/album\/1inaqNc0hMKE52CN0gvjxb?utm_source=oembed\"><\/iframe>\n<\/div><\/figure>\n\n\n\n<h2 class=\"wp-block-heading\">Maria Rita<\/h2>\n\n\n\n<p>Com foco no pot-pourri &#8220;O B\u00eabado e a Equilibrista\/O Show Tem Que Continuar&#8221;, <strong>Maria Rita<\/strong> lan\u00e7a o primeiro registro audiovisual do seu famoso show <strong>&#8220;Samba da Maria&#8221;<\/strong>, no dia 17 de fevereiro, em todas as plataformas de \u00e1udio e no YouTube. Ao todo, s\u00e3o 24 can\u00e7\u00f5es que passeiam entre os sucessos de sua discografia, como &#8220;T\u00e1 Perdoado&#8221;, &#8220;Cara Valente&#8221; e &#8220;Num Corpo S\u00f3&#8221;, al\u00e9m de cl\u00e1ssicos imortalizados nas vozes de grandes nomes da m\u00fasica brasileira. Apresentado desde 2015, o &#8220;Samba da Maria&#8221; j\u00e1 percorreu diversas cidades do Brasil e do exterior e chega, agora, em formato de \u00e1lbum pela Som Livre.<\/p>\n\n\n\n<figure class=\"wp-block-embed is-type-rich is-provider-spotify wp-block-embed-spotify wp-embed-aspect-21-9 wp-has-aspect-ratio\"><div class=\"wp-block-embed__wrapper\">\n<iframe title=\"Spotify Embed: Samba Da Maria (Ao Vivo)\" style=\"border-radius: 12px\" width=\"100%\" height=\"352\" frameborder=\"0\" allowfullscreen allow=\"autoplay; clipboard-write; encrypted-media; fullscreen; picture-in-picture\" loading=\"lazy\" src=\"https:\/\/open.spotify.com\/embed\/album\/0h9LiO7Krkuhiap7F45Ha7?utm_source=oembed\"><\/iframe>\n<\/div><\/figure>\n\n\n\n<h2 class=\"wp-block-heading\">Tierry<\/h2>\n\n\n\n<p><strong>&nbsp;Tierry<\/strong> lan\u00e7a nesta quinta-feira o EP<strong> \u201cRol\u00ea De Milh\u00f5es &#8211; Ao Vivo \/ EP04<\/strong>\u201d, com tr\u00eas faixas.<\/p>\n\n\n\n<figure class=\"wp-block-embed is-type-rich is-provider-spotify wp-block-embed-spotify wp-embed-aspect-21-9 wp-has-aspect-ratio\"><div class=\"wp-block-embed__wrapper\">\n<iframe title=\"Spotify Embed: Rol\u00ea De Milh\u00f5es\" style=\"border-radius: 12px\" width=\"100%\" height=\"352\" frameborder=\"0\" allowfullscreen allow=\"autoplay; clipboard-write; encrypted-media; fullscreen; picture-in-picture\" loading=\"lazy\" src=\"https:\/\/open.spotify.com\/embed\/album\/1yWB7aWo6tc5z5wPY4g2zd?utm_source=oembed\"><\/iframe>\n<\/div><\/figure>\n\n\n\n<h2 class=\"wp-block-heading\">Leo Chaves<\/h2>\n\n\n\n<p><strong>Leo Chaves<\/strong> estreia seu novo EP,<strong> \u201cSurra de Flores \/ Amigo Apaixonado\u201d<\/strong>. Ao lado de Guilherme &amp; Benuto, a dupla apresenta o single e clipe de \u201cSurra de Flores\u201d.<\/p>\n\n\n\n<figure class=\"wp-block-embed is-type-rich is-provider-spotify wp-block-embed-spotify wp-embed-aspect-21-9 wp-has-aspect-ratio\"><div class=\"wp-block-embed__wrapper\">\n<iframe title=\"Spotify Embed: Surra De Flores (Ao Vivo)\" style=\"border-radius: 12px\" width=\"100%\" height=\"352\" frameborder=\"0\" allowfullscreen allow=\"autoplay; clipboard-write; encrypted-media; fullscreen; picture-in-picture\" loading=\"lazy\" src=\"https:\/\/open.spotify.com\/embed\/album\/2CHECiLotz3xivSbwidbzm?utm_source=oembed\"><\/iframe>\n<\/div><\/figure>\n\n\n\n<h2 class=\"wp-block-heading\">FUN7 feat DJ Topo<\/h2>\n\n\n\n<p>Nesta sexta-feira (17), o DJ Topo feat banda FUN7 lan\u00e7am um remix do single \u201cAlguma Coisa Acontece\u201d. A nova vers\u00e3o da faixa traz um ritmo dan\u00e7ante que mescla o estilo \u00fanico dos artistas.&nbsp;<\/p>\n\n\n\n<figure class=\"wp-block-embed is-type-video is-provider-youtube wp-block-embed-youtube wp-embed-aspect-16-9 wp-has-aspect-ratio\"><div class=\"wp-block-embed__wrapper\">\n<iframe loading=\"lazy\" title=\"DJ TOPO, FUN7 - ALGUMA COISA ACONTECE\" width=\"880\" height=\"495\" src=\"https:\/\/www.youtube.com\/embed\/F4rUZLnSzn0?feature=oembed\" frameborder=\"0\" allow=\"accelerometer; autoplay; clipboard-write; encrypted-media; gyroscope; picture-in-picture; web-share\" referrerpolicy=\"strict-origin-when-cross-origin\" allowfullscreen><\/iframe>\n<\/div><\/figure>\n\n\n\n<h2 class=\"wp-block-heading\">3030<\/h2>\n\n\n\n<p>Enaltecer a figura feminina \u00e9 um dos motes que o grupo 3030 traz no single &#8220;Fora do Padr\u00e3o&#8221;, que estreia no pr\u00f3ximo dia x nas plataformas de m\u00fasica. A faixa, que abre os caminhos para a edi\u00e7\u00e3o Deluxe do \u00e1lbum Arcano 19, chega com uma est\u00e9tica sonora que mescla o rap com brasilidades, uma das principais caracter\u00edsticas dos rappers.&nbsp;<\/p>\n\n\n\n<figure class=\"wp-block-embed is-type-rich is-provider-spotify wp-block-embed-spotify wp-embed-aspect-21-9 wp-has-aspect-ratio\"><div class=\"wp-block-embed__wrapper\">\n<iframe title=\"Spotify Embed: Fora do Padr\u00e3o\" style=\"border-radius: 12px\" width=\"100%\" height=\"152\" frameborder=\"0\" allowfullscreen allow=\"autoplay; clipboard-write; encrypted-media; fullscreen; picture-in-picture\" loading=\"lazy\" src=\"https:\/\/open.spotify.com\/embed\/track\/0rsw5Z8eaJ8jDVdGHy3yAc?si=TPZqrRRGSTqYBqK4QLZs1w&#038;utm_source=oembed\"><\/iframe>\n<\/div><\/figure>\n\n\n\n<h2 class=\"wp-block-heading\">Loubet<\/h2>\n\n\n\n<p><strong>Loubet <\/strong>est\u00e1 com novidades de Carnaval. O artista divulga hoje, 17, em todas as plataformas digitais o EP \u201c<strong>Respeita o Agro<\/strong>\u201d, derivado do projeto audiovisual que come\u00e7ou a ser lan\u00e7ado no ano passado. O \u00e1lbum conta com cinco faixas autorais bem caracter\u00edsticas do agronejo.\u00a0 A faixa foco desta parte \u00e9 \u201c<strong>Vida de Gado<\/strong>\u201d, composta por Gabriel Vittor, Jota Lennon, Rodolfo Alessi, Junior Braga, Loubet e Leo Targino, onde retratam a situa\u00e7\u00e3o de um homem que fica atr\u00e1s de uma mulher. Com batidas caracter\u00edsticas do sertanejo e um refr\u00e3o cativante, esta can\u00e7\u00e3o \u00e9 uma grande aposta para o primeiro semestre deste ano.\u00a0<\/p>\n\n\n\n<figure class=\"wp-block-embed is-type-rich is-provider-spotify wp-block-embed-spotify wp-embed-aspect-21-9 wp-has-aspect-ratio\"><div class=\"wp-block-embed__wrapper\">\n<iframe title=\"Spotify Embed: Respeita o Agro, Vol 2\" style=\"border-radius: 12px\" width=\"100%\" height=\"352\" frameborder=\"0\" allowfullscreen allow=\"autoplay; clipboard-write; encrypted-media; fullscreen; picture-in-picture\" loading=\"lazy\" src=\"https:\/\/open.spotify.com\/embed\/album\/5x0DOuoEqBuAAf51Cxbbub?utm_source=oembed\"><\/iframe>\n<\/div><\/figure>\n\n\n\n<h2 class=\"wp-block-heading\">Beatrice<\/h2>\n\n\n\n<p>Influenciada por Duda Beat e Melim, <strong>Beatrice <\/strong>lan\u00e7a o single <strong>\u201cAmor Sereno<\/strong>\u201d, nesta sexta-feira, dia 10, acompanhada de clipe gravado com o professor Jefferson Bilisco, da \u201cDan\u00e7a dos Famosos\u201d. A letra foi inspirada em uma rela\u00e7\u00e3o amorosa vivida por Beatrice, nome art\u00edstico de Ana Beatriz Feio Medeiros. <em>\u201c\u2018Amor Sereno\u2019 descreve um momento da minha vida em que eu estava apaixonada por uma pessoa que me trazia paz e tranquilidade. E nossa linguagem do amor com certeza era qualidade de tempo, pois pass\u00e1vamos a maior parte do tempo nas praias do Rio de Janeiro (nosso lugar favorito). E, com certeza, foi um amor sereno\u201d, avalia Bea.\u00a0<\/em><\/p>\n\n\n\n<figure class=\"wp-block-embed is-type-rich is-provider-spotify wp-block-embed-spotify wp-embed-aspect-21-9 wp-has-aspect-ratio\"><div class=\"wp-block-embed__wrapper\">\n<iframe title=\"Spotify Embed: Amor Sereno\" style=\"border-radius: 12px\" width=\"100%\" height=\"352\" frameborder=\"0\" allowfullscreen allow=\"autoplay; clipboard-write; encrypted-media; fullscreen; picture-in-picture\" loading=\"lazy\" src=\"https:\/\/open.spotify.com\/embed\/album\/1tIkLh6eIJvFqeuAZIo5B8?utm_source=oembed\"><\/iframe>\n<\/div><\/figure>\n\n\n\n<h2 class=\"wp-block-heading\">Vitin feat Peziinho, HCALVIN, 0liveira e DJ Nemo.<\/h2>\n\n\n\n<p>A faixa<strong> \u201cMINHA BITCH &#8211; AR 15\u201d<\/strong>, o novo lan\u00e7amento de <strong>Vitin<\/strong>, que traz as participa\u00e7\u00f5es de <strong>Peziinho, HCALVIN, 0liveira e DJ Nemo<\/strong>.<\/p>\n\n\n\n<figure class=\"wp-block-embed is-type-rich is-provider-spotify wp-block-embed-spotify wp-embed-aspect-21-9 wp-has-aspect-ratio\"><div class=\"wp-block-embed__wrapper\">\n<iframe title=\"Spotify Embed: MINHA BITCH - AR 15\" style=\"border-radius: 12px\" width=\"100%\" height=\"352\" frameborder=\"0\" allowfullscreen allow=\"autoplay; clipboard-write; encrypted-media; fullscreen; picture-in-picture\" loading=\"lazy\" src=\"https:\/\/open.spotify.com\/embed\/album\/6HSr9FfvFDvKcN2nBtWZW1?utm_source=oembed\"><\/iframe>\n<\/div><\/figure>\n\n\n\n<h2 class=\"wp-block-heading\">David Coelho<\/h2>\n\n\n\n<p>O cantor e compositor fluminense <strong>David Coelho<\/strong> comemora, nesta sexta-feira (17), o lan\u00e7amento do videoclipe de sua faixa &#8220;M\u00eas&#8221;. A m\u00fasica, que \u00e9 uma parceria com a cantora e compositora Lari Coimbra, faz parte de &#8220;Chave&#8221;, primeiro \u00e1lbum autoral de David lan\u00e7ado em janeiro deste ano. Dirigido por Jademir Barbosa, da Tok Filmes, o videoclipe est\u00e1 dispon\u00edvel no <a href=\"https:\/\/www.youtube.com\/c\/DavidCoelhoMusica\" target=\"_blank\" rel=\"noopener\">canal oficial do artista no YouTube<\/a>. &#8220;Chave&#8221; j\u00e1 pode ser ouvido<a href=\"https:\/\/onerpm.link\/chave\" target=\"_blank\" rel=\"noopener\"> em todas as plataformas digitais<\/a> pelo selo musical <strong>Mar\u00e3 M\u00fasica<\/strong>.\u00a0<\/p>\n\n\n\n<figure class=\"wp-block-embed is-type-video is-provider-youtube wp-block-embed-youtube wp-embed-aspect-16-9 wp-has-aspect-ratio\"><div class=\"wp-block-embed__wrapper\">\n<iframe loading=\"lazy\" title=\"David Coelho, Lari Coimbra - M\u00eas [Lyric video]\" width=\"880\" height=\"495\" src=\"https:\/\/www.youtube.com\/embed\/YitRcoa8tpY?feature=oembed\" frameborder=\"0\" allow=\"accelerometer; autoplay; clipboard-write; encrypted-media; gyroscope; picture-in-picture; web-share\" referrerpolicy=\"strict-origin-when-cross-origin\" allowfullscreen><\/iframe>\n<\/div><\/figure>\n\n\n\n<h2 class=\"wp-block-heading\">Kaya Conky&nbsp;<\/h2>\n\n\n\n<p>Nesta ter\u00e7a-feira (14), <strong>Kaya Conky l<\/strong>an\u00e7a o single <strong>\u201cLUZ ACESA\u201d<\/strong> em todas as plataformas digitais, acompanhado de um visualizer no Youtube, ambos dispon\u00edveis a partir das 21h. A faixa \u00e9 o primeiro lan\u00e7amento de seu novo \u00e1lbum &#8220;SEXTAPE&#8221;, que ser\u00e1 lan\u00e7ado em mar\u00e7o. A m\u00fasica ousada, produzida por Mano Dembele, marca uma nova fase na carreira da artista. Falando abertamente sobre epis\u00f3dios da sua vida sexual, a cantora traz uma letra picante e com versos expl\u00edcitos, envolvidos na batida de um brega funk.<\/p>\n\n\n\n<figure class=\"wp-block-embed\"><div class=\"wp-block-embed__wrapper\">\nhttps:\/\/open.spotify.com\/album\/51unzmayKoIGiZZKNEmVY\n<\/div><\/figure>\n\n\n\n<h2 class=\"wp-block-heading\">Rafurca<\/h2>\n\n\n\n<p>O cantor e compositor <strong>Rafurca<\/strong> divulga nesta quinta-feira (16) seu mais novo single. Intitulada \u201c<strong>Speed<\/strong>\u201d, a faixa \u00e9 a grande aposta do artista para o Carnaval e est\u00e1 dispon\u00edvel em todas as plataformas digitais. A inspira\u00e7\u00e3o para a faixa deu-se atrav\u00e9s das mensagens aceleradas que s\u00e3o enviadas no WhatsApp. \u201cPensamos na melhor forma de relacionar isso a uma m\u00fasica. Ent\u00e3o, falamos sobre os relacionamentos em que o homem est\u00e1 querendo ir mais r\u00e1pido em todos os sentidos e a mulher quer ir mais devagar\u201d, conta Rafurca.&nbsp;<\/p>\n\n\n\n<figure class=\"wp-block-embed is-type-rich is-provider-spotify wp-block-embed-spotify wp-embed-aspect-21-9 wp-has-aspect-ratio\"><div class=\"wp-block-embed__wrapper\">\n<iframe title=\"Spotify Embed: Speed\" style=\"border-radius: 12px\" width=\"100%\" height=\"352\" frameborder=\"0\" allowfullscreen allow=\"autoplay; clipboard-write; encrypted-media; fullscreen; picture-in-picture\" loading=\"lazy\" src=\"https:\/\/open.spotify.com\/embed\/album\/31jLKRtDiRaA9Ct8zDU2SV?utm_source=oembed\"><\/iframe>\n<\/div><\/figure>\n\n\n\n<h2 class=\"wp-block-heading\">Mazzan<\/h2>\n\n\n\n<p>Foi depois de escutar \u201cHeavy Metal do Senhor\u201d, de Zeca Baleiro, que o m\u00fasico <strong>Pedro Mazzan<\/strong> decidiu se aventurar na cria\u00e7\u00e3o de uma can\u00e7\u00e3o. Ela serviu como uma inspira\u00e7\u00e3o inicial, mas sua cria\u00e7\u00e3o seguiu por um caminho bastante diferente. O resultado \u00e9 uma m\u00fasica com sonoridade h\u00edbrida, mantendo o estilo Trap, que possibilita bem a mistura de g\u00eaneros, como o reggae, metal, dubstep, o Hip Hop e at\u00e9 a m\u00fasica eletr\u00f4nica, um dos estilos que contribu\u00edram para projetar o trabalho de Pedro Mazzan. <strong>\u201cVai Ficar Tudo Bem\u201d<\/strong> foi escrita logo no in\u00edcio da pandemia, quando Pedro tinha trocado Porto Alegre por S\u00e3o Paulo. A ideia do m\u00fasico foi criar uma can\u00e7\u00e3o que trouxesse uma mensagem positiva, que aliviasse a tens\u00e3o dos momentos dif\u00edceis<\/p>\n\n\n\n<h2 class=\"wp-block-heading\">J\u00f4<\/h2>\n\n\n\n<p><strong>J\u00f4<\/strong> chega com o lan\u00e7amento de<strong> \u201cMEL\u201d<\/strong> atrav\u00e9s das principais plataformas de \u00e1udio &#8211; ou\u00e7a agora. O single abre os trabalhos de 2023 da artista, que \u00e9 a \u00fanica representante mulher da UCL\u00c3, gravadora refer\u00eancia do rap nacional. Com beat e produ\u00e7\u00e3o de LIIPBEATS, \u201cMEL\u201d segue a est\u00e9tica do UK drill misturado com o jersey club. J\u00e1 os versos de J\u00f4 fazem refer\u00eancia a marca esportiva &#8211; tamb\u00e9m presente no figurino do clipe &#8211; e ao lifestyle urbano.&nbsp;<\/p>\n\n\n\n<figure class=\"wp-block-embed is-type-video is-provider-youtube wp-block-embed-youtube wp-embed-aspect-16-9 wp-has-aspect-ratio\"><div class=\"wp-block-embed__wrapper\">\n<iframe loading=\"lazy\" title=\"J\u00f4 - MEL (Official Music Video)\" width=\"880\" height=\"495\" src=\"https:\/\/www.youtube.com\/embed\/AdGmFcb3FWM?feature=oembed\" frameborder=\"0\" allow=\"accelerometer; autoplay; clipboard-write; encrypted-media; gyroscope; picture-in-picture; web-share\" referrerpolicy=\"strict-origin-when-cross-origin\" allowfullscreen><\/iframe>\n<\/div><\/figure>\n\n\n\n<h2 class=\"wp-block-heading\">Caramico<\/h2>\n\n\n\n<p>A aconchegante Sala de Estar tem sido um verdadeiro ref\u00fagio para <strong>Caramico<\/strong>. E, como num ref\u00fagio, o artista tem exposto totalmente sua liberdade de cria\u00e7\u00e3o: al\u00e9m de valorizar seu repert\u00f3rio autoral, agora, ele traz sua pr\u00f3pria vers\u00e3o de can\u00e7\u00f5es de destaque da MPB. Entre as escolhidas para o projeto est\u00e3o &#8220;Palpite&#8221;, de Vanessa Rangel, lan\u00e7ada originalmente em 1997, &#8220;O Vento&#8221;, lan\u00e7ada em 2005 pelo Los Hermanos, &#8220;Mensagem de Amor&#8221;, na voz de Leo Jaime em 1986, e &#8220;Voc\u00ea Me Encantou Demais&#8221;, do Natiruts, de 2012.<\/p>\n\n\n\n<figure class=\"wp-block-embed is-type-video is-provider-youtube wp-block-embed-youtube wp-embed-aspect-16-9 wp-has-aspect-ratio\"><div class=\"wp-block-embed__wrapper\">\n<iframe loading=\"lazy\" title=\"Caramico - Palpite (Cover)  | Session Ao Vivo\" width=\"880\" height=\"495\" src=\"https:\/\/www.youtube.com\/embed\/U4XXs2DTIkw?feature=oembed\" frameborder=\"0\" allow=\"accelerometer; autoplay; clipboard-write; encrypted-media; gyroscope; picture-in-picture; web-share\" referrerpolicy=\"strict-origin-when-cross-origin\" allowfullscreen><\/iframe>\n<\/div><\/figure>\n\n\n\n<h2 class=\"wp-block-heading\">Jenny Herbst<\/h2>\n\n\n\n<p>O amor \u00e9 uma loucura daquelas bem gostosas. E o novo sucesso de<strong> Jenny<\/strong> est\u00e1 exatamente nesse ritmo. A m\u00fasica e o clipe de <strong>Crazy<\/strong> (Louco, em portugu\u00eas) ser\u00e3o lan\u00e7ados em todas as plataformas digitais no dia 14 de fevereiro, aproveitando o Valentine\u00b4s Day, o Dia de S\u00e3o Valentim, nos Estados Unidos, pa\u00eds no qual a cantora \u00e9 radicada. A data escolhida \u00e9 justamente o Dia dos Namorados de l\u00e1, comemorado no Brasil em 12 de junho por raz\u00f5es comerciais.<\/p>\n\n\n\n<figure class=\"wp-block-embed is-type-video is-provider-youtube wp-block-embed-youtube wp-embed-aspect-16-9 wp-has-aspect-ratio\"><div class=\"wp-block-embed__wrapper\">\n<iframe loading=\"lazy\" title=\"Jenny Herbst - Crazy (Official Music Video)\" width=\"880\" height=\"495\" src=\"https:\/\/www.youtube.com\/embed\/-8hiy_3tj5k?feature=oembed\" frameborder=\"0\" allow=\"accelerometer; autoplay; clipboard-write; encrypted-media; gyroscope; picture-in-picture; web-share\" referrerpolicy=\"strict-origin-when-cross-origin\" allowfullscreen><\/iframe>\n<\/div><\/figure>\n\n\n\n<h2 class=\"wp-block-heading\">MC Sara feat MC Danny<\/h2>\n\n\n\n<p><strong>MC Sara<\/strong> e <strong>MC Danny<\/strong> se unem pela primeira vez em <strong>&#8220;T\u00e1 Emcionado&#8221;<\/strong>. A faixa e o clipe, dispon\u00edveis nas plataformas digitais via SoundOn, \u00e9 forte candidata a hit do ver\u00e3o e Carnaval. A parceria une toda a versatilidade musical de MC Danny \u2013 que acumula mais de 7 milh\u00f5es de ouvintes mensais nas plataformas e uma sequ\u00eancia de sucessos nacionais, que furaram tamb\u00e9m a bolha internacional \u2013 e o peso da influ\u00eancia funk e da periferia de MC Sara \u2013 que atingiu a marca de 10 milh\u00f5es de streams no Spotify com seus dois \u00faltimos lan\u00e7amentos -, trazendo a combina\u00e7\u00e3o perfeita do estilo \u00fanico das artistas.<\/p>\n\n\n\n<figure class=\"wp-block-embed is-type-rich is-provider-spotify wp-block-embed-spotify wp-embed-aspect-21-9 wp-has-aspect-ratio\"><div class=\"wp-block-embed__wrapper\">\n<iframe title=\"Spotify Embed: T\u00e1 Emocionado\" style=\"border-radius: 12px\" width=\"100%\" height=\"352\" frameborder=\"0\" allowfullscreen allow=\"autoplay; clipboard-write; encrypted-media; fullscreen; picture-in-picture\" loading=\"lazy\" src=\"https:\/\/open.spotify.com\/embed\/album\/3RVahboI0DjYwQrD589xaR?utm_source=oembed\"><\/iframe>\n<\/div><\/figure>\n\n\n\n<h2 class=\"wp-block-heading\">Terra Preta<\/h2>\n\n\n\n<p><strong>Terra Preta<\/strong> disponibiliza o single &#8220;<strong>Jay Z II&#8221;<\/strong> com produ\u00e7\u00e3o de TyFig, dando continuidade a primeira vers\u00e3o da track &#8220;<a href=\"https:\/\/www.youtube.com\/watch?v=zZGnRyXRWMA\" target=\"_blank\" rel=\"noopener\">Jay Z<\/a>&#8220;, que integra o projeto FigaMix, lan\u00e7ado em 2015. Ambas as can\u00e7\u00f5es s\u00e3o uma homenagem ao rapper norte-americano, uma grande refer\u00eancia para Terra Preta, desde o come\u00e7o de sua carreira. Diferente do \u00faltimo lan\u00e7amento do cantor, intitulado &#8220;<a href=\"https:\/\/open.spotify.com\/track\/7k8Aa0jbGHKkKFKUVpDtWO?si=14295f9c599a4cf2\" target=\"_blank\" rel=\"noopener\">Voc\u00ea N\u00e3o Pode Dizer Nada<\/a>&#8220;, este n\u00e3o faz parte do projeto RnDrill.&nbsp;<\/p>\n\n\n\n<figure class=\"wp-block-embed is-type-rich is-provider-spotify wp-block-embed-spotify wp-embed-aspect-21-9 wp-has-aspect-ratio\"><div class=\"wp-block-embed__wrapper\">\n<iframe title=\"Spotify Embed: JAY-Z II\" style=\"border-radius: 12px\" width=\"100%\" height=\"352\" frameborder=\"0\" allowfullscreen allow=\"autoplay; clipboard-write; encrypted-media; fullscreen; picture-in-picture\" loading=\"lazy\" src=\"https:\/\/open.spotify.com\/embed\/album\/5KYL0rPlde78Ea2GD2mQXp?utm_source=oembed\"><\/iframe>\n<\/div><\/figure>\n\n\n\n<h2 class=\"wp-block-heading\">Bricio Luz<\/h2>\n\n\n\n<p>O clipe da m\u00fasica <strong>\u2018Sentada Covarde\u2019<\/strong> do m\u00fasico <strong>Bricio Luz<\/strong> foi lan\u00e7ado a poucos dias do carnaval e j\u00e1 promete ser um hit do ver\u00e3o. Com influ\u00eancias do eletr\u00f4nico, piseiro, e um refr\u00e3o chiclete que gruda na cabe\u00e7a, a m\u00fasica foi produzida pra levantar o astral desde os pared\u00f5es de som at\u00e9 os bloquinhos de carnaval. O clipe cheio de cores vibrantes e coreografias sensuais, mostra que veio para grudar na cabe\u00e7a de todos em todas suas formas de express\u00e3o.<\/p>\n\n\n\n<figure class=\"wp-block-embed is-type-video is-provider-youtube wp-block-embed-youtube wp-embed-aspect-4-3 wp-has-aspect-ratio\"><div class=\"wp-block-embed__wrapper\">\n<iframe loading=\"lazy\" title=\"Sentada Covarde\" width=\"880\" height=\"660\" src=\"https:\/\/www.youtube.com\/embed\/1o3Qje1-OGI?feature=oembed\" frameborder=\"0\" allow=\"accelerometer; autoplay; clipboard-write; encrypted-media; gyroscope; picture-in-picture; web-share\" referrerpolicy=\"strict-origin-when-cross-origin\" allowfullscreen><\/iframe>\n<\/div><\/figure>\n\n\n\n<h2 class=\"wp-block-heading\">Feist<\/h2>\n\n\n\n<p>A influent\u00edssima<strong> Feist<\/strong>, vencedora de grandes pr\u00eamios de prest\u00edgio na cultura pop, retorna com <strong>\u201cMultitudes\u201d<\/strong>, seu sexto \u00e1lbum solo, o primeiro desde <em>\u201cPleasure\u201d<\/em>, de 2017. Tr\u00eas faixas do \u00e1lbum foram lan\u00e7adas hoje: \u201cIn Lightning\u201d, \u201cLove Who We Are Meant To\u201d e \u201cHide Out in The Open\u201d.<\/p>\n\n\n\n<figure class=\"wp-block-embed is-type-rich is-provider-spotify wp-block-embed-spotify wp-embed-aspect-21-9 wp-has-aspect-ratio\"><div class=\"wp-block-embed__wrapper\">\n<iframe title=\"Spotify Embed: Multitudes\" style=\"border-radius: 12px\" width=\"100%\" height=\"352\" frameborder=\"0\" allowfullscreen allow=\"autoplay; clipboard-write; encrypted-media; fullscreen; picture-in-picture\" loading=\"lazy\" src=\"https:\/\/open.spotify.com\/embed\/album\/4GErH8Za9b4VutH8jTSU1o?utm_source=oembed\"><\/iframe>\n<\/div><\/figure>\n\n\n\n<h2 class=\"wp-block-heading\">Jason Mraz<\/h2>\n\n\n\n<p><strong>Jason Mraz<\/strong> est\u00e1 de volta e pronto para festejar. Em <strong>&#8220;I Feel Like Dancing&#8221;<\/strong>,&nbsp; primeiro single de seu oitavo \u00e1lbum, <strong>&#8220;Mystical Magical Rhythmical Radical Ride&#8221;<\/strong>, ele quer cair na pista de dan\u00e7a e se divertir. A faixa chega com um divertido clipe em plano sequ\u00eancia, com participa\u00e7\u00e3o da TikToker <strong>Gianna Marie<\/strong> e do ativista LGBTQIA+<strong> Josh Helfgott<\/strong>, e uma grandiosa cena final coreografada por <strong>Megan Lawson<\/strong> (Ed Sheeran, Olivia Rodrigo, Katy Perry).&nbsp;<\/p>\n\n\n\n<figure class=\"wp-block-embed is-type-video is-provider-youtube wp-block-embed-youtube wp-embed-aspect-16-9 wp-has-aspect-ratio\"><div class=\"wp-block-embed__wrapper\">\n<iframe loading=\"lazy\" title=\"Jason Mraz - I Feel Like Dancing (Official Music Video)\" width=\"880\" height=\"495\" src=\"https:\/\/www.youtube.com\/embed\/db_Twgw95nE?feature=oembed\" frameborder=\"0\" allow=\"accelerometer; autoplay; clipboard-write; encrypted-media; gyroscope; picture-in-picture; web-share\" referrerpolicy=\"strict-origin-when-cross-origin\" allowfullscreen><\/iframe>\n<\/div><\/figure>\n\n\n\n<h2 class=\"wp-block-heading\">Chach\u00e1, Jujuliete, $idean, Taty Aleixo e Wes<\/h2>\n\n\n\n<p>Com versos dos multi artistas<strong> Chach\u00e1, Jujuliete, $idean, Taty Aleixo e Wes<\/strong>, nomes proeminentes da cena funkeira carioca independente, <strong><em>&#8220;Fazendinha do Lastra&#8221;<\/em><\/strong> acaba de chegar nas plataformas musicais e conta com <em>beat<\/em> e produ\u00e7\u00e3o assinados pelo pr\u00f3prio Lastra, natural da comunidade do Castelinho, na Baixada Fluminense. Animado com a colabora\u00e7\u00e3o com os artistas, o DJ e produtor comemora: &#8220;T\u00f4 me sentindo muito bem de ver v\u00e1rios artistas de estilos diferentes, todos unidos num mesmo som. Mesmo com cada um tendo uma vertente, todos falam a mesma l\u00edngua&#8221;. Esse \u00e9 mais um lan\u00e7amento fomentado e criado dentro do projeto #estudeofunk, programa de acelera\u00e7\u00e3o art\u00edstica e desenvolvimento de jovens talentos do funk, realizado pela Fundi\u00e7\u00e3o Progresso. A m\u00fasica chega \u00e0s plataformas de \u00e1udio e streaming pelo selo FundiSom, enquanto a produ\u00e7\u00e3o fonogr\u00e1fica e acelera\u00e7\u00e3o ficam por conta da ag\u00eancia Atabaque.<\/p>\n\n\n\n<figure class=\"wp-block-embed is-type-rich is-provider-spotify wp-block-embed-spotify wp-embed-aspect-21-9 wp-has-aspect-ratio\"><div class=\"wp-block-embed__wrapper\">\n<iframe title=\"Spotify Embed: Fazendinha do Lastra\" style=\"border-radius: 12px\" width=\"100%\" height=\"352\" frameborder=\"0\" allowfullscreen allow=\"autoplay; clipboard-write; encrypted-media; fullscreen; picture-in-picture\" loading=\"lazy\" src=\"https:\/\/open.spotify.com\/embed\/album\/6i71yKxiHVjrHkVdcXQ5hY?highlight=spotify%3Atrack%3A1UDay5HzW08cxiqKY5HW4v&#038;utm_source=oembed\"><\/iframe>\n<\/div><\/figure>\n\n\n\n<h2 class=\"wp-block-heading\">MaLuna<\/h2>\n\n\n\n<p>A cantora paulistana,<strong> <\/strong><strong>MaLuna<\/strong>, lan\u00e7a o clipe do single, <strong>&#8220;Tenta\u00e7\u00e3o&#8221;<\/strong>. A atual faixa de trabalho da cantora \u00e9 a nova aposta de sua carreira. Outros hits da artista como &#8220;Parab\u00e9ns Pra Tu&#8221;, &#8220;Hipnose do Bumbum&#8221; e &#8220;Nossa Qu\u00edmica&#8221; j\u00e1 atingiram mais de 150 mil visualiza\u00e7\u00f5es no youtube. A faixa tamb\u00e9m est\u00e1 presente em diversas playlists e segue em alta no YouTube.&nbsp;<\/p>\n\n\n\n<figure class=\"wp-block-embed is-type-video is-provider-youtube wp-block-embed-youtube wp-embed-aspect-16-9 wp-has-aspect-ratio\"><div class=\"wp-block-embed__wrapper\">\n<iframe loading=\"lazy\" title=\"MaLuna Tenta\u00e7\u00e3o\" width=\"880\" height=\"495\" src=\"https:\/\/www.youtube.com\/embed\/wOjjnp6Z1rI?feature=oembed\" frameborder=\"0\" allow=\"accelerometer; autoplay; clipboard-write; encrypted-media; gyroscope; picture-in-picture; web-share\" referrerpolicy=\"strict-origin-when-cross-origin\" allowfullscreen><\/iframe>\n<\/div><\/figure>\n\n\n\n<h2 class=\"wp-block-heading\">J\u00f4<\/h2>\n\n\n\n<p><strong>J\u00f4 <\/strong>chega com o lan\u00e7amento de <strong>&#8220;MEL&#8221;<\/strong> atrav\u00e9s das principais plataformas de \u00e1udio. O single abre os trabalhos de 2023 da artista, que \u00e9 a \u00fanica representante mulher da UCL\u00c3, gravadora refer\u00eancia do rap nacional.&nbsp; Com beat e produ\u00e7\u00e3o de LIIPBEATS, &#8220;MEL&#8221; segue a est\u00e9tica do UK drill misturado com o jersey club. J\u00e1 os versos de J\u00f4 fazem refer\u00eancia a marca esportiva &#8211; tamb\u00e9m presente no figurino do clipe &#8211; e ao lifestyle urbano.&nbsp;<\/p>\n\n\n\n<figure class=\"wp-block-embed is-type-video is-provider-youtube wp-block-embed-youtube wp-embed-aspect-16-9 wp-has-aspect-ratio\"><div class=\"wp-block-embed__wrapper\">\n<iframe loading=\"lazy\" title=\"J\u00f4 - MEL (Official Music Video)\" width=\"880\" height=\"495\" src=\"https:\/\/www.youtube.com\/embed\/AdGmFcb3FWM?feature=oembed\" frameborder=\"0\" allow=\"accelerometer; autoplay; clipboard-write; encrypted-media; gyroscope; picture-in-picture; web-share\" referrerpolicy=\"strict-origin-when-cross-origin\" allowfullscreen><\/iframe>\n<\/div><\/figure>\n\n\n\n<h2 class=\"wp-block-heading\">Rodrigo Lorio<\/h2>\n\n\n\n<p>APBK Music, gravadora carioca, bra\u00e7o musical do projeto Payback de fomento \u00e0 cultura do basquete nacional, lan\u00e7a seu quarto single de 2023.<strong> \u201cFlutuar\u201d<\/strong>, assinada por <strong>Rodrigo Lorio<\/strong>, aborda alguns aspectos dos relacionamentos interpessoais e a sensa\u00e7\u00e3o de fazer algo que te faz sentir bem.<em> \u201cEssa faixa faria parte do meu \u00e1lbum, \u2018Melhor que Ontem\u2019, lan\u00e7ado no ano passado. Eu preferi guard\u00e1-la por mais um tempo para que pudesse dar todo o destaque que merece. \u00c9 uma das m\u00fasicas que eu mais gostei de produzir at\u00e9 hoje\u201d, declara.&nbsp;<\/em><\/p>\n\n\n\n<figure class=\"wp-block-embed is-type-video is-provider-youtube wp-block-embed-youtube wp-embed-aspect-16-9 wp-has-aspect-ratio\"><div class=\"wp-block-embed__wrapper\">\nhttps:\/\/www.youtube.com\/watch?v=o4sbBUWcL-Y\n<\/div><\/figure>\n\n\n\n<h3 class=\"wp-block-heading\">Outros lan\u00e7amentos<\/h3>\n\n\n\n<h3 class=\"wp-block-heading\">Clayton &amp; Rom\u00e1rio<\/h3>\n\n\n\n<figure class=\"wp-block-embed is-type-video is-provider-youtube wp-block-embed-youtube wp-embed-aspect-16-9 wp-has-aspect-ratio\"><div class=\"wp-block-embed__wrapper\">\n<iframe loading=\"lazy\" title=\"Clayton &amp; Rom\u00e1rio - Na minha terra  (DVD No Mineir\u00e3o)\" width=\"880\" height=\"495\" src=\"https:\/\/www.youtube.com\/embed\/S-_HO4jAR3I?feature=oembed\" frameborder=\"0\" allow=\"accelerometer; autoplay; clipboard-write; encrypted-media; gyroscope; picture-in-picture; web-share\" referrerpolicy=\"strict-origin-when-cross-origin\" allowfullscreen><\/iframe>\n<\/div><\/figure>\n\n\n\n<h3 class=\"wp-block-heading\">ANALAGA<\/h3>\n\n\n\n<figure class=\"wp-block-embed is-type-rich is-provider-spotify wp-block-embed-spotify wp-embed-aspect-21-9 wp-has-aspect-ratio\"><div class=\"wp-block-embed__wrapper\">\n<iframe title=\"Spotify Embed: Pra Continuar\" style=\"border-radius: 12px\" width=\"100%\" height=\"352\" frameborder=\"0\" allowfullscreen allow=\"autoplay; clipboard-write; encrypted-media; fullscreen; picture-in-picture\" loading=\"lazy\" src=\"https:\/\/open.spotify.com\/embed\/album\/0ZqlOKKZTpQE7Qdj0XzMs9?utm_source=oembed\"><\/iframe>\n<\/div><\/figure>\n\n\n\n<h3 class=\"wp-block-heading\">Simone Mendes<\/h3>\n\n\n\n<figure class=\"wp-block-embed is-type-video is-provider-youtube wp-block-embed-youtube wp-embed-aspect-16-9 wp-has-aspect-ratio\"><div class=\"wp-block-embed__wrapper\">\n<iframe loading=\"lazy\" title=\"Simone Mendes - AMN\u00c9SIA DO BEIJO (DVD CINTILANTE)\" width=\"880\" height=\"495\" src=\"https:\/\/www.youtube.com\/embed\/7XgpYBFMIfQ?feature=oembed\" frameborder=\"0\" allow=\"accelerometer; autoplay; clipboard-write; encrypted-media; gyroscope; picture-in-picture; web-share\" referrerpolicy=\"strict-origin-when-cross-origin\" allowfullscreen><\/iframe>\n<\/div><\/figure>\n\n\n\n<h3 class=\"wp-block-heading\">Manu Gavassi<\/h3>\n\n\n\n<figure class=\"wp-block-embed is-type-video is-provider-youtube wp-block-embed-youtube wp-embed-aspect-16-9 wp-has-aspect-ratio\"><div class=\"wp-block-embed__wrapper\">\n<iframe loading=\"lazy\" title=\"Manu Gavassi - Pirataria (Ac\u00fastico MTV)\" width=\"880\" height=\"495\" src=\"https:\/\/www.youtube.com\/embed\/Yj94HeyN_dY?feature=oembed\" frameborder=\"0\" allow=\"accelerometer; autoplay; clipboard-write; encrypted-media; gyroscope; picture-in-picture; web-share\" referrerpolicy=\"strict-origin-when-cross-origin\" allowfullscreen><\/iframe>\n<\/div><\/figure>\n\n\n\n<h3 class=\"wp-block-heading\">Orochi<\/h3>\n\n\n\n<figure class=\"wp-block-embed is-type-rich is-provider-spotify wp-block-embed-spotify wp-embed-aspect-21-9 wp-has-aspect-ratio\"><div class=\"wp-block-embed__wrapper\">\n<iframe title=\"Spotify Embed: Gasolina\" style=\"border-radius: 12px\" width=\"100%\" height=\"352\" frameborder=\"0\" allowfullscreen allow=\"autoplay; clipboard-write; encrypted-media; fullscreen; picture-in-picture\" loading=\"lazy\" src=\"https:\/\/open.spotify.com\/embed\/album\/45zflkeNSCo9wuiEEShOYI?utm_source=oembed\"><\/iframe>\n<\/div><\/figure>\n\n\n\n<h3 class=\"wp-block-heading\">David Guetta &amp; Marten H\u00f8rger<\/h3>\n\n\n\n<figure class=\"wp-block-embed is-type-rich is-provider-spotify wp-block-embed-spotify wp-embed-aspect-21-9 wp-has-aspect-ratio\"><div class=\"wp-block-embed__wrapper\">\n<iframe title=\"Spotify Embed: The Freaks\" style=\"border-radius: 12px\" width=\"100%\" height=\"352\" frameborder=\"0\" allowfullscreen allow=\"autoplay; clipboard-write; encrypted-media; fullscreen; picture-in-picture\" loading=\"lazy\" src=\"https:\/\/open.spotify.com\/embed\/album\/1AZC2QcPfpS3Dn0Fpoodwb?utm_source=oembed\"><\/iframe>\n<\/div><\/figure>\n\n\n\n<h3 class=\"wp-block-heading\">Omar Apollo<\/h3>\n\n\n\n<figure class=\"wp-block-embed is-type-rich is-provider-spotify wp-block-embed-spotify wp-embed-aspect-21-9 wp-has-aspect-ratio\"><div class=\"wp-block-embed__wrapper\">\n<iframe title=\"Spotify Embed: 3 Boys\" style=\"border-radius: 12px\" width=\"100%\" height=\"352\" frameborder=\"0\" allowfullscreen allow=\"autoplay; clipboard-write; encrypted-media; fullscreen; picture-in-picture\" loading=\"lazy\" src=\"https:\/\/open.spotify.com\/embed\/album\/1Iw32lOJC5lfInKyA7Zzt1?utm_source=oembed\"><\/iframe>\n<\/div><\/figure>\n\n\n\n<h3 class=\"wp-block-heading\">Nessa Barrett<\/h3>\n\n\n\n<figure class=\"wp-block-embed is-type-rich is-provider-spotify wp-block-embed-spotify wp-embed-aspect-21-9 wp-has-aspect-ratio\"><div class=\"wp-block-embed__wrapper\">\n<iframe title=\"Spotify Embed: BANG BANG!\" style=\"border-radius: 12px\" width=\"100%\" height=\"352\" frameborder=\"0\" allowfullscreen allow=\"autoplay; clipboard-write; encrypted-media; fullscreen; picture-in-picture\" loading=\"lazy\" src=\"https:\/\/open.spotify.com\/embed\/album\/4YmjnqegnwZ18ruZjdJsIH?utm_source=oembed\"><\/iframe>\n<\/div><\/figure>\n\n\n\n<h3 class=\"wp-block-heading\">gnash<\/h3>\n\n\n\n<figure class=\"wp-block-embed is-type-rich is-provider-spotify wp-block-embed-spotify wp-embed-aspect-21-9 wp-has-aspect-ratio\"><div class=\"wp-block-embed__wrapper\">\n<iframe title=\"Spotify Embed: five\" style=\"border-radius: 12px\" width=\"100%\" height=\"352\" frameborder=\"0\" allowfullscreen allow=\"autoplay; clipboard-write; encrypted-media; fullscreen; picture-in-picture\" loading=\"lazy\" src=\"https:\/\/open.spotify.com\/embed\/album\/1B5hRGI7s2H131LBsF8Job?utm_source=oembed\"><\/iframe>\n<\/div><\/figure>\n\n\n\n<h3 class=\"wp-block-heading\">Bruno Gadiol<\/h3>\n\n\n\n<figure class=\"wp-block-embed is-type-video is-provider-youtube wp-block-embed-youtube wp-embed-aspect-16-9 wp-has-aspect-ratio\"><div class=\"wp-block-embed__wrapper\">\n<iframe loading=\"lazy\" title=\"Bruno Gadiol - te vi na festa (e nem doeu)\" width=\"880\" height=\"495\" src=\"https:\/\/www.youtube.com\/embed\/hRCh2DTeD54?feature=oembed\" frameborder=\"0\" allow=\"accelerometer; autoplay; clipboard-write; encrypted-media; gyroscope; picture-in-picture; web-share\" referrerpolicy=\"strict-origin-when-cross-origin\" allowfullscreen><\/iframe>\n<\/div><\/figure>\n\n\n\n<h3 class=\"wp-block-heading\">Ramonzin<\/h3>\n\n\n\n<figure class=\"wp-block-embed is-type-video is-provider-youtube wp-block-embed-youtube wp-embed-aspect-16-9 wp-has-aspect-ratio\"><div class=\"wp-block-embed__wrapper\">\n<iframe loading=\"lazy\" title=\"RAMONZIN - FALA COMIGO CRIA Prod. Suntizil\" width=\"880\" height=\"495\" src=\"https:\/\/www.youtube.com\/embed\/vrquWAsFsWs?feature=oembed\" frameborder=\"0\" allow=\"accelerometer; autoplay; clipboard-write; encrypted-media; gyroscope; picture-in-picture; web-share\" referrerpolicy=\"strict-origin-when-cross-origin\" allowfullscreen><\/iframe>\n<\/div><\/figure>\n\n\n\n<h3 class=\"wp-block-heading\">Luiza Nis<\/h3>\n\n\n\n<figure class=\"wp-block-embed is-type-video is-provider-youtube wp-block-embed-youtube wp-embed-aspect-16-9 wp-has-aspect-ratio\"><div class=\"wp-block-embed__wrapper\">\n<iframe loading=\"lazy\" title=\"Luiza Nis - mora um verso em mim.\" width=\"880\" height=\"495\" src=\"https:\/\/www.youtube.com\/embed\/eSXBDZyN0EI?feature=oembed\" frameborder=\"0\" allow=\"accelerometer; autoplay; clipboard-write; encrypted-media; gyroscope; picture-in-picture; web-share\" referrerpolicy=\"strict-origin-when-cross-origin\" allowfullscreen><\/iframe>\n<\/div><\/figure>\n\n\n\n<h3 class=\"wp-block-heading\">Lasso<\/h3>\n\n\n\n<figure class=\"wp-block-embed is-type-rich is-provider-spotify wp-block-embed-spotify wp-embed-aspect-21-9 wp-has-aspect-ratio\"><div class=\"wp-block-embed__wrapper\">\n<iframe title=\"Spotify Embed: Los Hombres Son Todos Iguales\" style=\"border-radius: 12px\" width=\"100%\" height=\"352\" frameborder=\"0\" allowfullscreen allow=\"autoplay; clipboard-write; encrypted-media; fullscreen; picture-in-picture\" loading=\"lazy\" src=\"https:\/\/open.spotify.com\/embed\/album\/0kAaBCYWSzyRdFQ2Y1qjcY?utm_source=oembed\"><\/iframe>\n<\/div><\/figure>\n\n\n\n<h3 class=\"wp-block-heading\">Icona Pop &amp; Galantis&nbsp;<\/h3>\n\n\n\n<figure class=\"wp-block-embed is-type-video is-provider-youtube wp-block-embed-youtube wp-embed-aspect-16-9 wp-has-aspect-ratio\"><div class=\"wp-block-embed__wrapper\">\n<iframe loading=\"lazy\" title=\"Icona Pop &amp; Galantis - I Want You\" width=\"880\" height=\"495\" src=\"https:\/\/www.youtube.com\/embed\/iEDYpDnW1qw?feature=oembed\" frameborder=\"0\" allow=\"accelerometer; autoplay; clipboard-write; encrypted-media; gyroscope; picture-in-picture; web-share\" referrerpolicy=\"strict-origin-when-cross-origin\" allowfullscreen><\/iframe>\n<\/div><\/figure>\n\n\n\n<h3 class=\"wp-block-heading\">Don Diablo<\/h3>\n\n\n\n<figure class=\"wp-block-embed is-type-rich is-provider-spotify wp-block-embed-spotify wp-embed-aspect-21-9 wp-has-aspect-ratio\"><div class=\"wp-block-embed__wrapper\">\n<iframe title=\"Spotify Embed: Not Alone (Don Diablo VIP Mix)\" style=\"border-radius: 12px\" width=\"100%\" height=\"352\" frameborder=\"0\" allowfullscreen allow=\"autoplay; clipboard-write; encrypted-media; fullscreen; picture-in-picture\" loading=\"lazy\" src=\"https:\/\/open.spotify.com\/embed\/album\/5qCcm5p7HSsO244iIFKggX?utm_source=oembed\"><\/iframe>\n<\/div><\/figure>\n\n\n\n<h3 class=\"wp-block-heading\">dEUS<\/h3>\n\n\n\n<figure class=\"wp-block-embed is-type-rich is-provider-spotify wp-block-embed-spotify wp-embed-aspect-21-9 wp-has-aspect-ratio\"><div class=\"wp-block-embed__wrapper\">\n<iframe title=\"Spotify Embed: How To Replace It\" style=\"border-radius: 12px\" width=\"100%\" height=\"352\" frameborder=\"0\" allowfullscreen allow=\"autoplay; clipboard-write; encrypted-media; fullscreen; picture-in-picture\" loading=\"lazy\" src=\"https:\/\/open.spotify.com\/embed\/album\/5zZGcXpYsK3K8uvI0Vds35?utm_source=oembed\"><\/iframe>\n<\/div><\/figure>\n\n\n\n<h3 class=\"wp-block-heading\">Israell Muniz<\/h3>\n\n\n\n<figure class=\"wp-block-embed is-type-rich is-provider-spotify wp-block-embed-spotify wp-embed-aspect-21-9 wp-has-aspect-ratio\"><div class=\"wp-block-embed__wrapper\">\n<iframe title=\"Spotify Embed: Catucada Forte\" style=\"border-radius: 12px\" width=\"100%\" height=\"352\" frameborder=\"0\" allowfullscreen allow=\"autoplay; clipboard-write; encrypted-media; fullscreen; picture-in-picture\" loading=\"lazy\" src=\"https:\/\/open.spotify.com\/embed\/album\/18UDZJS9BJSz63XqHl1K8e?utm_source=oembed\"><\/iframe>\n<\/div><\/figure>\n\n\n\n<h3 class=\"wp-block-heading\">Bruna Nery<\/h3>\n\n\n\n<figure class=\"wp-block-embed is-type-video is-provider-youtube wp-block-embed-youtube wp-embed-aspect-16-9 wp-has-aspect-ratio\"><div class=\"wp-block-embed__wrapper\">\n<iframe loading=\"lazy\" title=\"BRUNA NERY - COMPAT\u00cdVEIS\" width=\"880\" height=\"495\" src=\"https:\/\/www.youtube.com\/embed\/el29bNu10Z0?feature=oembed\" frameborder=\"0\" allow=\"accelerometer; autoplay; clipboard-write; encrypted-media; gyroscope; picture-in-picture; web-share\" referrerpolicy=\"strict-origin-when-cross-origin\" allowfullscreen><\/iframe>\n<\/div><\/figure>\n\n\n\n<h3 class=\"wp-block-heading\">TRI.BE<\/h3>\n\n\n\n<figure class=\"wp-block-embed is-type-rich is-provider-spotify wp-block-embed-spotify wp-embed-aspect-21-9 wp-has-aspect-ratio\"><div class=\"wp-block-embed__wrapper\">\n<iframe title=\"Spotify Embed: W.A.Y\" style=\"border-radius: 12px\" width=\"100%\" height=\"352\" frameborder=\"0\" allowfullscreen allow=\"autoplay; clipboard-write; encrypted-media; fullscreen; picture-in-picture\" loading=\"lazy\" src=\"https:\/\/open.spotify.com\/embed\/album\/7iidKsHRHGmJ1tAMz8tvZo?utm_source=oembed\"><\/iframe>\n<\/div><\/figure>\n\n\n\n<h3 class=\"wp-block-heading\">Alcione<\/h3>\n\n\n\n<figure class=\"wp-block-embed is-type-rich is-provider-spotify wp-block-embed-spotify wp-embed-aspect-21-9 wp-has-aspect-ratio\"><div class=\"wp-block-embed__wrapper\">\n<iframe title=\"Spotify Embed: Duas Faces (ao Vivo Na Mangueira) (Special Edition) [Ao Vivo]\" style=\"border-radius: 12px\" width=\"100%\" height=\"352\" frameborder=\"0\" allowfullscreen allow=\"autoplay; clipboard-write; encrypted-media; fullscreen; picture-in-picture\" loading=\"lazy\" src=\"https:\/\/open.spotify.com\/embed\/album\/5mdkJbPdSvSbaIdzyMNqHU?utm_source=oembed\"><\/iframe>\n<\/div><\/figure>\n\n\n\n<h3 class=\"wp-block-heading\">Mc Kekel, Mc Dede &amp; Dj Biel Mix<\/h3>\n\n\n\n<figure class=\"wp-block-embed is-type-rich is-provider-spotify wp-block-embed-spotify wp-embed-aspect-21-9 wp-has-aspect-ratio\"><div class=\"wp-block-embed__wrapper\">\n<iframe title=\"Spotify Embed: Malandra\" style=\"border-radius: 12px\" width=\"100%\" height=\"352\" frameborder=\"0\" allowfullscreen allow=\"autoplay; clipboard-write; encrypted-media; fullscreen; picture-in-picture\" loading=\"lazy\" src=\"https:\/\/open.spotify.com\/embed\/album\/0cEmF2AkYtbMWueRopjzIG?utm_source=oembed\"><\/iframe>\n<\/div><\/figure>\n\n\n\n<h2 class=\"wp-block-heading\"><br>Gustah feat Luccas Carlos e 2050<\/h2>\n\n\n\n<figure class=\"wp-block-embed is-type-rich is-provider-spotify wp-block-embed-spotify wp-embed-aspect-21-9 wp-has-aspect-ratio\"><div class=\"wp-block-embed__wrapper\">\n<iframe title=\"Spotify Embed: Hawaii (2050 Sessions)\" style=\"border-radius: 12px\" width=\"100%\" height=\"352\" frameborder=\"0\" allowfullscreen allow=\"autoplay; clipboard-write; encrypted-media; fullscreen; picture-in-picture\" loading=\"lazy\" src=\"https:\/\/open.spotify.com\/embed\/album\/48zlDs2jIkAy9IjQQUexAC?utm_source=oembed\"><\/iframe>\n<\/div><\/figure>\n\n\n\n<h3 class=\"wp-block-heading\">Rema<\/h3>\n\n\n\n<figure class=\"wp-block-embed is-type-rich is-provider-spotify wp-block-embed-spotify wp-embed-aspect-21-9 wp-has-aspect-ratio\"><div class=\"wp-block-embed__wrapper\">\n<iframe title=\"Spotify Embed: Holiday \/ Reason You\" style=\"border-radius: 12px\" width=\"100%\" height=\"352\" frameborder=\"0\" allowfullscreen allow=\"autoplay; clipboard-write; encrypted-media; fullscreen; picture-in-picture\" loading=\"lazy\" src=\"https:\/\/open.spotify.com\/embed\/album\/1NbIj94iC99QFhVA1nBuGX?utm_source=oembed\"><\/iframe>\n<\/div><\/figure>\n\n\n\n<h3 class=\"wp-block-heading\">Janelle Mon\u00e1e<\/h3>\n\n\n\n<figure class=\"wp-block-embed is-type-rich is-provider-spotify wp-block-embed-spotify wp-embed-aspect-21-9 wp-has-aspect-ratio\"><div class=\"wp-block-embed__wrapper\">\n<iframe title=\"Spotify Embed: Float (feat. Seun Kuti &amp; Egypt 80)\" style=\"border-radius: 12px\" width=\"100%\" height=\"352\" frameborder=\"0\" allowfullscreen allow=\"autoplay; clipboard-write; encrypted-media; fullscreen; picture-in-picture\" loading=\"lazy\" src=\"https:\/\/open.spotify.com\/embed\/album\/6KfYPDq58mLwd3yjOfXIU7?utm_source=oembed\"><\/iframe>\n<\/div><\/figure>\n\n\n\n<h3 class=\"wp-block-heading\">kamal<\/h3>\n\n\n\n<figure class=\"wp-block-embed is-type-rich is-provider-spotify wp-block-embed-spotify wp-embed-aspect-21-9 wp-has-aspect-ratio\"><div class=\"wp-block-embed__wrapper\">\n<iframe title=\"Spotify Embed: free flow\" style=\"border-radius: 12px\" width=\"100%\" height=\"352\" frameborder=\"0\" allowfullscreen allow=\"autoplay; clipboard-write; encrypted-media; fullscreen; picture-in-picture\" loading=\"lazy\" src=\"https:\/\/open.spotify.com\/embed\/album\/01Fg6wIgT1NDXys8UPTJsK?utm_source=oembed\"><\/iframe>\n<\/div><\/figure>\n\n\n\n<h3 class=\"wp-block-heading\">Sidoka<\/h3>\n\n\n\n<figure class=\"wp-block-embed is-type-rich is-provider-spotify wp-block-embed-spotify wp-embed-aspect-21-9 wp-has-aspect-ratio\"><div class=\"wp-block-embed__wrapper\">\n<iframe title=\"Spotify Embed: SENSITIVO ;7\" style=\"border-radius: 12px\" width=\"100%\" height=\"352\" frameborder=\"0\" allowfullscreen allow=\"autoplay; clipboard-write; encrypted-media; fullscreen; picture-in-picture\" loading=\"lazy\" src=\"https:\/\/open.spotify.com\/embed\/album\/5Lk1RcTvugXvIinZpFMLJl?utm_source=oembed\"><\/iframe>\n<\/div><\/figure>\n","protected":false},"excerpt":{"rendered":"<p>Dando in\u00edcio a folia, nesta sexta-feira (17), chega mais uma lista de&nbsp;lan\u00e7amentos&nbsp;fresquinhos e muitas novidades para adicionar na sua playlist!&nbsp;Hoje temos como destaque para ZAAC e Anitta que chegaram com a aposta para o ver\u00e3o, intitulada &#8220;Mais Uma&#8221;. Tem ainda Lana Del Rey que liberou a faixa \u201cA&amp;W\u201d, mais uma amostra do seu novo \u00e1lbum, [&hellip;]<\/p>\n","protected":false},"author":2,"featured_media":166742,"comment_status":"closed","ping_status":"open","sticky":false,"template":"","format":"standard","meta":{"footnotes":""},"categories":[2164],"tags":[11747,167,80,7732,1261,9023,8973],"class_list":["post-166677","post","type-post","status-publish","format-standard","has-post-thumbnail","hentry","category-lancamentos","tag-ana-castela","tag-anitta","tag-lana-del-rey","tag-lancamentos","tag-pedro-sampaio","tag-zaac","tag-ze-neto-cristiano"],"_links":{"self":[{"href":"https:\/\/portalpopmais.com.br\/en\/wp-json\/wp\/v2\/posts\/166677","targetHints":{"allow":["GET"]}}],"collection":[{"href":"https:\/\/portalpopmais.com.br\/en\/wp-json\/wp\/v2\/posts"}],"about":[{"href":"https:\/\/portalpopmais.com.br\/en\/wp-json\/wp\/v2\/types\/post"}],"author":[{"embeddable":true,"href":"https:\/\/portalpopmais.com.br\/en\/wp-json\/wp\/v2\/users\/2"}],"replies":[{"embeddable":true,"href":"https:\/\/portalpopmais.com.br\/en\/wp-json\/wp\/v2\/comments?post=166677"}],"version-history":[{"count":0,"href":"https:\/\/portalpopmais.com.br\/en\/wp-json\/wp\/v2\/posts\/166677\/revisions"}],"wp:featuredmedia":[{"embeddable":true,"href":"https:\/\/portalpopmais.com.br\/en\/wp-json\/wp\/v2\/media\/166742"}],"wp:attachment":[{"href":"https:\/\/portalpopmais.com.br\/en\/wp-json\/wp\/v2\/media?parent=166677"}],"wp:term":[{"taxonomy":"category","embeddable":true,"href":"https:\/\/portalpopmais.com.br\/en\/wp-json\/wp\/v2\/categories?post=166677"},{"taxonomy":"post_tag","embeddable":true,"href":"https:\/\/portalpopmais.com.br\/en\/wp-json\/wp\/v2\/tags?post=166677"}],"curies":[{"name":"wp","href":"https:\/\/api.w.org\/{rel}","templated":true}]}}