{"id":166869,"date":"2023-02-17T10:47:32","date_gmt":"2023-02-17T13:47:32","guid":{"rendered":"https:\/\/portalpopmais.com.br\/?p=166869"},"modified":"2023-02-17T10:47:38","modified_gmt":"2023-02-17T13:47:38","slug":"dupla-prettos-reina-no-carnaval-paulista-e-desfila-pela-mocidade-alegre-e-pelo-bloco-quilombo-lab-com-emicida-e-convidados","status":"publish","type":"post","link":"https:\/\/portalpopmais.com.br\/en\/dupla-prettos-reina-no-carnaval-paulista-e-desfila-pela-mocidade-alegre-e-pelo-bloco-quilombo-lab-com-emicida-e-convidados\/","title":{"rendered":"Dupla Prettos reina no carnaval paulista e desfila pela Mocidade Alegre e pelo bloco \u2018Quilombo Lab\u2019 com Emicida e convidados"},"content":{"rendered":"<p class=\"wp-block-paragraph\">O duo <strong><a href=\"https:\/\/portalpopmais.com.br\/en\/prettos-lanca-album-mais-autentico-da-carreira\/\" data-type=\"post\" data-id=\"58370\">Prettos<\/a><\/strong>, formado por Magnu Sousa e Maur\u00edlio de Oliveira estar\u00e1 em duas festan\u00e7as tradicionais do carnaval paulistano. Os irm\u00e3os foram convidados para desfilar na Mocidade Alegre no dia 18 de fevereiro e estar\u00e3o comandando o bloco \u2018Qulombo Lab\u2019, do Laborat\u00f3rioFantasma, junto a Emicida, Drik Barbosa, Salgadinho e outros artistas.<\/p>\n\n\n\n<p class=\"wp-block-paragraph\">A Escola de Samba 10 vezes campe\u00e3 do Grupo Especial do Estado de S\u00e3o Paulo. Intitulada &#8220;Morada do Samba&#8221;, conviou a dupla de sambistas no ano em que homenagear\u00e1 em seu samba-enredo o samurai negro Yasuke. \u201cSegundo ano na Mocidade a convite da presidente Solange e do mestre Sombra por interm\u00e9dio da Luciana Pereira. O tratamento foi uma coisa muito bonita, sabe? A partir de ent\u00e3o, sempre que poss\u00edvel vamos desfilar l\u00e1.<\/p>\n\n\n\n<p class=\"wp-block-paragraph\">Eles t\u00eam uma preocupa\u00e7\u00e3o com os artistas, com as pessoas, de atender bem, de ser parceiro\u201d, conta Magnu.<\/p>\n\n\n\n<p class=\"wp-block-paragraph\">Al\u00e9m de seguir carreira lan\u00e7ando \u00e1lbuns e fazendo shows, os Prettos s\u00e3o respons\u00e1veis pela maior roda de samba realizada no Estado de S\u00e3o Paulo. O Quintal dos Prettos re\u00fanemilhares de pessoas na Zona Leste da cidade. O convite para desfilar em uma das Escolas mais tradicionais do pa\u00eds serve como coroa\u00e7\u00e3o ao trabalho dos irm\u00e3os. \u201cIsso \u00e9 muito importante, porque a gente sentia uma defasagem entre a escola de samba e o artista de samba\u201d, diz Maur\u00edlio. \u201cAssim como acontece no Rio de Janeiro, que tinha a Beth Carvalho que era da Mangueira, Paulinho da Viola e Zeca Pagodinho da Portela, agora a gente pode dizer&#8221; Prettos da Mocidade&#8221;, completa Magnu.<\/p>\n\n\n\n<p class=\"wp-block-paragraph\">Os irm\u00e3os est\u00e3o animados para para representar Yasuke. \u201cPrimeiro samurai africano no jap\u00e3o, um esp\u00edrito de luta de afrofuturismo. A gente agradece o convite e estaremos l\u00e1 firmes e fortes representando a bandeira da escola\u201d, finaliza Maur\u00edlio.<\/p>\n\n\n\n<p class=\"wp-block-paragraph\">A Mocidade Alegre ser\u00e1 a 5\u00aa escola a desfilar, no s\u00e1bado, dia 18 de fevereiro J\u00e1 a para o \u2018Quilombo Lab come\u00e7a \u00e0s 13h na Avenida Lu\u00eds Dumont Villares (altura 1501), na Zona Norte de S\u00e3o Paulo.<\/p>","protected":false},"excerpt":{"rendered":"<p>O duo Prettos, formado por Magnu Sousa e Maur\u00edlio de Oliveira estar\u00e1 em duas festan\u00e7as tradicionais do carnaval paulistano. Os irm\u00e3os foram convidados para desfilar na Mocidade Alegre no dia 18 de fevereiro e estar\u00e3o comandando o bloco \u2018Qulombo Lab\u2019, do Laborat\u00f3rioFantasma, junto a Emicida, Drik Barbosa, Salgadinho e outros artistas. A Escola de Samba [&hellip;]<\/p>\n","protected":false},"author":1,"featured_media":166871,"comment_status":"closed","ping_status":"open","sticky":false,"template":"","format":"standard","meta":{"footnotes":""},"categories":[173],"tags":[4077],"class_list":["post-166869","post","type-post","status-publish","format-standard","has-post-thumbnail","hentry","category-celebridades","tag-prettos"],"_links":{"self":[{"href":"https:\/\/portalpopmais.com.br\/en\/wp-json\/wp\/v2\/posts\/166869","targetHints":{"allow":["GET"]}}],"collection":[{"href":"https:\/\/portalpopmais.com.br\/en\/wp-json\/wp\/v2\/posts"}],"about":[{"href":"https:\/\/portalpopmais.com.br\/en\/wp-json\/wp\/v2\/types\/post"}],"author":[{"embeddable":true,"href":"https:\/\/portalpopmais.com.br\/en\/wp-json\/wp\/v2\/users\/1"}],"replies":[{"embeddable":true,"href":"https:\/\/portalpopmais.com.br\/en\/wp-json\/wp\/v2\/comments?post=166869"}],"version-history":[{"count":0,"href":"https:\/\/portalpopmais.com.br\/en\/wp-json\/wp\/v2\/posts\/166869\/revisions"}],"wp:featuredmedia":[{"embeddable":true,"href":"https:\/\/portalpopmais.com.br\/en\/wp-json\/wp\/v2\/media\/166871"}],"wp:attachment":[{"href":"https:\/\/portalpopmais.com.br\/en\/wp-json\/wp\/v2\/media?parent=166869"}],"wp:term":[{"taxonomy":"category","embeddable":true,"href":"https:\/\/portalpopmais.com.br\/en\/wp-json\/wp\/v2\/categories?post=166869"},{"taxonomy":"post_tag","embeddable":true,"href":"https:\/\/portalpopmais.com.br\/en\/wp-json\/wp\/v2\/tags?post=166869"}],"curies":[{"name":"wp","href":"https:\/\/api.w.org\/{rel}","templated":true}]}}