{"id":167275,"date":"2023-02-21T10:00:00","date_gmt":"2023-02-21T13:00:00","guid":{"rendered":"https:\/\/portalpopmais.com.br\/?p=167275"},"modified":"2023-02-21T07:46:47","modified_gmt":"2023-02-21T10:46:47","slug":"fred-nicacio-questiona-cristian-religiao","status":"publish","type":"post","link":"https:\/\/portalpopmais.com.br\/en\/fred-nicacio-questiona-cristian-religiao\/","title":{"rendered":"V\u00cdDEO: Fred Nic\u00e1cio coloca Cristian contra parede se questiona sobre religi\u00e3o: &#8220;Se sente incomodado?&#8221;"},"content":{"rendered":"<p>Na noite dessa segunda-feira (20), o tema diversidade religiosa foi a pauta central no <a href=\"http:\/\/instagram.com\/bbb\" target=\"_blank\" rel=\"noopener\">BBB23<\/a>. Mais cedo, uma fala de <strong>Cristian <\/strong>sobre <strong><a href=\"https:\/\/portalpopmais.com.br\/en\/fred-nicacio-chama-bruna-retardada\/\" data-type=\"post\" data-id=\"167209\">Fred Nic\u00e1cio<\/a><\/strong> repercutiu negativamente nas redes sociais.<\/p>\n\n\n\n<p>Na ocasi\u00e3o, o brother falou para Gustavo e Key que viu Nic\u00e1cio parado em frente sua cama, \u201cfazendo as paradas dele\u201d, que no caso \u00e9 orando. A jogadora de v\u00f4lei chegou a dizer que &#8220;apertaria o bot\u00e3o&#8221;, sugerindo uma desist\u00eancia. <\/p>\n\n\n\n<p>Os internautas entenderam a postura do trio como racismo e intoler\u00e2ncia religiosa. Inclusive, o pr\u00f3prio apresentador do programa, Tadeu Schmidt precisou conversar com ele sobre diversidade nas religi\u00f5es.<\/p>\n\n\n\n<p>Depois do programa, Cristian entendeu o recado do apresentador e foi conversar com Nic\u00e1cio sobre o que viu no quarto.<\/p>\n\n\n\n<p>\u201cEu estava na frente da sua cama, tentando passar para a minha cama porque estava tudo escuro. Mas eu ainda n\u00e3o consegui entender religi\u00e3o comigo tendo dificuldades em andar no quarto escuro\u201d, disse Fred.<\/p>\n\n\n\n<p>Cristian respondeu: \u201cN\u00e3o tem nada a ver, eu s\u00f3 queria te perguntar isso e falar do neg\u00f3cio da religi\u00e3o. Eu me senti meio estranho com algu\u00e9m parado ali em frente da sua cama.\u201d<\/p>\n\n\n\n<p>Fred, buscando entender o que sua religi\u00e3o tem a ver com a quest\u00e3o de se locomover em um ambiente escuro, responde Cristian que diz que j\u00e1 viu o m\u00e9dico falando de religi\u00e3o no programa.<\/p>\n\n\n\n<p>\u201cJ\u00e1 falei em v\u00e1rios lugares sobre religi\u00e3o, mas voc\u00ea se sente incomodado com isso?\u201d, pergunta Nic\u00e1cio ao Cristian, que responde de imediato: \u201cN\u00e3o, s\u00f3 me incomoda de n\u00e3o entender o que \u00e9.\u201d<\/p>\n\n\n\n<center><blockquote class=\"twitter-tweet\"><p lang=\"pt\" dir=\"ltr\">Nicacio questiona Cristian o que a religi\u00e3o dele tem a ver com ele estar andando com dificuldade no quarto escuro. <a href=\"https:\/\/twitter.com\/hashtag\/BBB23?src=hash&amp;ref_src=twsrc%5Etfw\" target=\"_blank\" rel=\"noopener\">#BBB23<\/a><br><br>Reprodu\u00e7\u00e3o: Globoplay <br><br> <a href=\"https:\/\/t.co\/UcrAWd61Q1\">pic.twitter.com\/UcrAWd61Q1<\/a><\/p>&mdash; Dantas (@Dantinhas) <a href=\"https:\/\/twitter.com\/Dantinhas\/status\/1627856973839441924?ref_src=twsrc%5Etfw\" target=\"_blank\" rel=\"noopener\">February 21, 2023<\/a><\/blockquote> <script async src=\"https:\/\/platform.twitter.com\/widgets.js\" charset=\"utf-8\"><\/script><\/center>","protected":false},"excerpt":{"rendered":"<p>Na noite dessa segunda-feira (20), o tema diversidade religiosa foi a pauta central no BBB23. Mais cedo, uma fala de Cristian sobre Fred Nic\u00e1cio repercutiu negativamente nas redes sociais. Na ocasi\u00e3o, o brother falou para Gustavo e Key que viu Nic\u00e1cio parado em frente sua cama, \u201cfazendo as paradas dele\u201d, que no caso \u00e9 orando. [&hellip;]<\/p>\n","protected":false},"author":2,"featured_media":167277,"comment_status":"closed","ping_status":"open","sticky":false,"template":"","format":"standard","meta":{"footnotes":""},"categories":[1],"tags":[11142,13535,13539],"class_list":["post-167275","post","type-post","status-publish","format-standard","has-post-thumbnail","hentry","category-fire2","tag-bbb23","tag-cristian","tag-fred-nicacio"],"_links":{"self":[{"href":"https:\/\/portalpopmais.com.br\/en\/wp-json\/wp\/v2\/posts\/167275","targetHints":{"allow":["GET"]}}],"collection":[{"href":"https:\/\/portalpopmais.com.br\/en\/wp-json\/wp\/v2\/posts"}],"about":[{"href":"https:\/\/portalpopmais.com.br\/en\/wp-json\/wp\/v2\/types\/post"}],"author":[{"embeddable":true,"href":"https:\/\/portalpopmais.com.br\/en\/wp-json\/wp\/v2\/users\/2"}],"replies":[{"embeddable":true,"href":"https:\/\/portalpopmais.com.br\/en\/wp-json\/wp\/v2\/comments?post=167275"}],"version-history":[{"count":0,"href":"https:\/\/portalpopmais.com.br\/en\/wp-json\/wp\/v2\/posts\/167275\/revisions"}],"wp:featuredmedia":[{"embeddable":true,"href":"https:\/\/portalpopmais.com.br\/en\/wp-json\/wp\/v2\/media\/167277"}],"wp:attachment":[{"href":"https:\/\/portalpopmais.com.br\/en\/wp-json\/wp\/v2\/media?parent=167275"}],"wp:term":[{"taxonomy":"category","embeddable":true,"href":"https:\/\/portalpopmais.com.br\/en\/wp-json\/wp\/v2\/categories?post=167275"},{"taxonomy":"post_tag","embeddable":true,"href":"https:\/\/portalpopmais.com.br\/en\/wp-json\/wp\/v2\/tags?post=167275"}],"curies":[{"name":"wp","href":"https:\/\/api.w.org\/{rel}","templated":true}]}}